{"id":22295,"date":"2013-12-04T04:00:12","date_gmt":"2013-12-04T07:00:12","guid":{"rendered":"http:\/\/www.primerbrief.com\/?p=22295"},"modified":"2013-12-04T09:08:50","modified_gmt":"2013-12-04T12:08:50","slug":"muy-lindo-el-arbolito-el-papa-noel-los-fliquitis-de-navidad-y-todo-por-mariano-augugliaro","status":"publish","type":"post","link":"https:\/\/www.primerbrief.com\/?p=22295","title":{"rendered":"Muy lindo el arbolito, el Pap\u00e1 Noel, los fliquitis de Navidad y todo, por Mariano Augugliaro"},"content":{"rendered":"<p><span style=\"font-size: 11pt\"><strong>(ARGENTINA) &#8211; Pasen y dejen sus regalos, dice Mariano Augugliaro (*) en su quinta columna, en la que hoy comparte su poes\u00eda, adem\u00e1s de la direcci\u00f3n de cuentas, la creatividad, el arte, el dibujo, la publicidad en general y, en realidad, la vida misma.<\/strong><\/span><\/p>\n<p><a href=\"http:\/\/www.primerbrief.com\/wp-content\/uploads\/2013\/12\/ARG-YoTambienCreoEnVos-CocaCola-Afiche1-GR.jpg\" onclick=\"_gaq.push(['_trackEvent', 'outbound-article-int', 'http:\/\/www.primerbrief.com\/wp-content\/uploads\/2013\/12\/ARG-YoTambienCreoEnVos-CocaCola-Afiche1-GR.jpg', '']);\" ><img loading=\"lazy\" decoding=\"async\" src=\"http:\/\/www.primerbrief.com\/wp-content\/uploads\/2013\/12\/ARG-YoTambienCreoEnVos-CocaCola-Afiche1-580px.jpg\" alt=\"\" title=\"ARG-YoTambienCreoEnVos-CocaCola-Afiche1-580px\" width=\"580\" height=\"290\" class=\"alignleft size-full wp-image-22306\" srcset=\"https:\/\/www.primerbrief.com\/wp-content\/uploads\/2013\/12\/ARG-YoTambienCreoEnVos-CocaCola-Afiche1-580px.jpg 580w, https:\/\/www.primerbrief.com\/wp-content\/uploads\/2013\/12\/ARG-YoTambienCreoEnVos-CocaCola-Afiche1-580px-300x150.jpg 300w\" sizes=\"auto, (max-width: 580px) 100vw, 580px\" \/><\/a><br \/>\n<em><\/em><br \/>\n<em>\u00abYo tambi\u00e9n creo en vos\u00bb, de Santo Buenos Aires para Coca-Cola.<\/em><\/p>\n<p>&nbsp;<br \/>\n<a href=\"http:\/\/www.primerbrief.com\/wp-content\/uploads\/2013\/08\/mariano-augugliaro-60px.jpg\" onclick=\"_gaq.push(['_trackEvent', 'outbound-article-int', 'http:\/\/www.primerbrief.com\/wp-content\/uploads\/2013\/08\/mariano-augugliaro-60px.jpg', '']);\" target=\"_blank\"><img loading=\"lazy\" decoding=\"async\" src=\"http:\/\/www.primerbrief.com\/wp-content\/uploads\/2013\/08\/mariano-augugliaro-60px.jpg\" width=\"60\" height=\"60\" class=\"alignleft size-full wp-image-17503\" style=\"margin: 0px 10px 0px 0px\" \/><\/a><strong>POR <a href=\"http:\/\/www.primerbrief.com\/?tag=mariano-augugliaro-argentina\" onclick=\"_gaq.push(['_trackEvent', 'outbound-article-int', 'http:\/\/www.primerbrief.com\/?tag=mariano-augugliaro-argentina', 'MARIANO AUGUGLIARO']);\" target=\"_blank\">MARIANO AUGUGLIARO<\/a><\/strong><br \/>\n<em>Profesor y coordinador de la orientaci\u00f3n de Atenci\u00f3n de Cuentas en la <a href=\"http:\/\/www.isp.aapublicidad.org.ar\/\" onclick=\"_gaq.push(['_trackEvent', 'outbound-article', 'http:\/\/www.isp.aapublicidad.org.ar\/', 'AAP']);\" target=\"_blank\">AAP<\/a> \/ Director general en <a href=\"https:\/\/www.facebook.com\/macobuenosaires\" onclick=\"_gaq.push(['_trackEvent', 'outbound-article', 'https:\/\/www.facebook.com\/macobuenosaires', 'Macomunicaci\u00f3n']);\" target=\"_blank\">Macomunicaci\u00f3n<\/a><\/em><br \/>\nRedacci\u00f3n especial para PB<\/p>\n<p style=\"clear:left;\">\n<p>&nbsp;<br \/>\nMe puse a pensar en la \u00faltima columna del a\u00f1o en la cama y mi mujer me mir\u00f3 con sus ojos celestes  y me dijo: \u00abTengo que buscar los fliquitis de Navidad\u00bb. La mir\u00e9 y me hice el dormido.<\/p>\n<p>No dur\u00f3 mucho, ya que con una cara de Expreso Polar me dijo con voz burlona: \u00ab\u00bfEs qu\u00e9 t\u00fa no crees en la magia de la Navidad?\u00bb. Entonces s\u00ed, la mir\u00e9 y me dorm\u00ed.<\/p>\n<p>Mi cabeza no paraba de dar vueltas pensando en la columna de esta revista cuando, por la calle Santa Fe, un gran cartel de v\u00eda p\u00fablica me choc\u00f3 con una cara de Pap\u00e1 Noel de una gaseosa, de La gaseosa, que me gritaba \u00ab\u00a1YO TAMBI\u00c9N CREO EN VOS!\u00bb.<\/p>\n<p>Ten\u00eda ganas de irme a dormir, pero ya estaba camino a la agencia y ten\u00eda mucha gente que cre\u00eda en m\u00ed. Busqu\u00e9 en mi PC la definici\u00f3n de Navidad y de la gaseosa importante.<\/p>\n<p>\u00ab<strong>Navidad<\/strong> es un t\u00e9rmino de origen latino que significa nacimiento, y da nombre a la <a href=\"http:\/\/definicion.de\/fiesta\" onclick=\"_gaq.push(['_trackEvent', 'outbound-article', 'http:\/\/definicion.de\/fiesta', 'fiesta']);\" target=\"_blank\">fiesta<\/a> que se realiza con motivo de la llegada de Jesucristo a nuestro mundo. El t\u00e9rmino tambi\u00e9n se utiliza para hacer referencia al d\u00eda en que se celebra: el <strong>25 de diciembre<\/strong> (para las iglesias cat\u00f3licas, anglicanas, ortodoxa rumana y algunas protestantes) o el <strong>7 de enero<\/strong> (para las iglesias ortodoxas que no adoptaron el calendario gregoriano). Aunque la <a href=\"http:\/\/definicion.de\/tradicion\" onclick=\"_gaq.push(['_trackEvent', 'outbound-article', 'http:\/\/definicion.de\/tradicion', 'tradici\u00f3n']);\" target=\"_blank\">tradici\u00f3n<\/a> indica que el nacimiento de <strong>Cristo<\/strong> se produjo un 25 de diciembre en <strong>Bel\u00e9n<\/strong>, los historiadores creen que la verdadera natividad de <strong>Jes\u00fas<\/strong> tuvo lugar <strong>entre abril y mayo<\/strong>\u00ab.<\/p>\n<p>\u00ab<strong>Coca-Cola<\/strong>, tambi\u00e9n llamada <strong>Coke<\/strong>, es una <strong>gaseosa<\/strong> efervescente vendida en <strong>tiendas, restaurantes y m\u00e1quinas expendedoras<\/strong> en m\u00e1s de 200 pa\u00edses o territorios. Es producida por <strong>The Coca-Cola Company<\/strong>. En un principio, cuando la invent\u00f3 el <strong>farmac\u00e9utico John Pemberton<\/strong>, fue una medicina patentada, aunque fue adquirida posteriormente por el empresario <strong>Asa Griggs Candler<\/strong>, cuyas t\u00e1cticas de <strong>marketing<\/strong> hicieron a la bebida <strong>una de las m\u00e1s consumidas del siglo XX<\/strong>. La compa\u00f1\u00eda produce realmente un concentrado de Coca-Cola, que luego vende a varias empresas embotelladoras licenciadas, las cuales mezclan el concentrado con <strong>agua<\/strong> filtrada y <strong>edulcorantes<\/strong> para, posteriormente, vender y distribuir la bebida en <strong>latas y botellas<\/strong> en los comercios minoristas o mayoristas\u00bb.<\/p>\n<p><a href=\"http:\/\/www.primerbrief.com\/wp-content\/uploads\/2013\/12\/ARG-YoTambienCreoEnVos-CocaCola-Afiche2-GR.jpg\" onclick=\"_gaq.push(['_trackEvent', 'outbound-article-int', 'http:\/\/www.primerbrief.com\/wp-content\/uploads\/2013\/12\/ARG-YoTambienCreoEnVos-CocaCola-Afiche2-GR.jpg', '']);\" ><img loading=\"lazy\" decoding=\"async\" src=\"http:\/\/www.primerbrief.com\/wp-content\/uploads\/2013\/12\/ARG-YoTambienCreoEnVos-CocaCola-Afiche2-580px.jpg\" alt=\"\" title=\"ARG-YoTambienCreoEnVos-CocaCola-Afiche2-580px\" width=\"580\" height=\"290\" class=\"alignleft size-full wp-image-22304\" srcset=\"https:\/\/www.primerbrief.com\/wp-content\/uploads\/2013\/12\/ARG-YoTambienCreoEnVos-CocaCola-Afiche2-580px.jpg 580w, https:\/\/www.primerbrief.com\/wp-content\/uploads\/2013\/12\/ARG-YoTambienCreoEnVos-CocaCola-Afiche2-580px-300x150.jpg 300w\" sizes=\"auto, (max-width: 580px) 100vw, 580px\" \/><\/a><br \/>\n<em>Un segundo afiche de \u00abYo tambi\u00e9n creo en vos\u00bb, la campa\u00f1a de Santo para Coca.<\/em><\/p>\n<p>&nbsp;<br \/>\nNo entend\u00eda cu\u00e1l de las definiciones era cu\u00e1l y volv\u00ed a tener ganas de irme a dormir. Pensaba c\u00f3mo encarar la columna y en la pregunta de mi mujer. Pens\u00e9 que mucho no cre\u00eda en esa gaseosa: me produc\u00eda dolor de est\u00f3mago desde chico. Record\u00e9 que no creo en los piononos con mayonesa en Navidad con 34 grados a la sombra en el ba\u00fal del auto con cinco chicos viajando a la casa de mi hermana, que no cre\u00eda en los arbolitos de Navidad de color blanco, si hace m\u00e1s calor que en Brasil, \u00a1blancos me imagino que por la nieve!<\/p>\n<p>No creo en la pata de cerdo, no creo en las ensaladas de remolacha que siempre hace una t\u00eda que casi no ves en todo el a\u00f1o. No creo en los <em>papanueles<\/em> que est\u00e1n sentados transpirados en la calle Florida, o en las ofertas y locuras de los <em>shoppings<\/em> a las 3 am de un jueves&#8230; y la lista empez\u00f3 a ser grande.<\/p>\n<p>Sal\u00ed a caminar por Pu\u00e1n, pens\u00e9 en la cantidad de cosas en las que creo y tambi\u00e9n lo primero que surgi\u00f3 fueron los hermosos ojos celestes de mi mujer, las manos de mis hijos, sus risas, la cantidad de cosas que estudi\u00e9 con ellos para tercer grado, sexto grado o tercer a\u00f1o y la cantidad de partidos de hockey y rugby que pas\u00e9 del lado de la hinchada. Creo en la publicidad, en mis alumnos, en la gente que comparte tantas cosas conmigo como el placer por un buen libro, por la pintura, por la m\u00fasica&#8230; y la lista empez\u00f3 a ser grande y bella.<\/p>\n<p>Busqu\u00e9 la definici\u00f3n de felicidad: \u00abLa <a href=\"http:\/\/definicion.de\/felicidad\" onclick=\"_gaq.push(['_trackEvent', 'outbound-article', 'http:\/\/definicion.de\/felicidad', 'felicidad']);\" target=\"_blank\">felicidad<\/a> es un <strong>estado del \u00e1nimo<\/strong> que supone una <strong>satisfacci\u00f3n<\/strong>. Quien est\u00e1 feliz se siente a gusto, contento y complacido. De todas formas, el concepto de felicidad es <strong>subjetivo y relativo<\/strong>. No existe un \u00edndice de felicidad o una categor\u00eda que haya que alcanzar para que alguien se considere como una persona feliz. Desde un punto de vista biol\u00f3gico, la felicidad es el resultado de una actividad neural fluida, donde los factores internos y externos estimulan el <strong>sistema l\u00edmbico<\/strong>\u00ab.<\/p>\n<p>Me pregunt\u00e9 para qu\u00e9 buscaba significados tontos, si la felicidad en mi vida tiene rostros y nombres. Y pens\u00e9: \u00abEs momento de tomarme una gaseosa y decirle esta noche a mi mujer si quiere que busquemos los fliquitis de la Navidad y contarle que yo tambi\u00e9n creo en la Navidad, pero en la Navidad de amor\u00bb.<\/p>\n<p>Espero que este a\u00f1o que termina hayas podido creer en vos y en los que est\u00e1n a tu lado. Y lo m\u00e1s importante: si vas a hacer un pionono, pens\u00e1 que va a hacer mucho calor, carajo.<\/p>\n<div style=\" background-color:#F4F4F4; width:560px; float:left; padding:10px; margin-top:20px; margin-bottom:20px; border-top:solid 10px #CCCCCC; border-bottom:solid 10px #CCCCCC; line-height:16px; font-size:12px\">\n<img decoding=\"async\" style=\"width:560px; border-top:solid 0px; border-right:solid 0px; border-bottom:solid 0px; border-left:solid 0px; margin-bottom:10px; float:left\" src=\"http:\/\/www.primerbrief.com\/wp-content\/uploads\/2011\/07\/PB-RecuadroMasInfo.jpg\" \/><br \/>\n&nbsp;<br \/>\n<span style=\"font-size: 11pt\"><strong>(*) \u00bfQUI\u00c9N SOY?<\/strong><\/span><\/p>\n<p><a href=\"http:\/\/www.primerbrief.com\/wp-content\/uploads\/2013\/08\/ARG-MarianoAugugliaro-ConChicos-GR.jpg\" onclick=\"_gaq.push(['_trackEvent', 'outbound-article-int', 'http:\/\/www.primerbrief.com\/wp-content\/uploads\/2013\/08\/ARG-MarianoAugugliaro-ConChicos-GR.jpg', '']);\" ><img loading=\"lazy\" decoding=\"async\" src=\"http:\/\/www.primerbrief.com\/wp-content\/uploads\/2013\/08\/ARG-MarianoAugugliaro-ConChicos-560px.jpg\" width=\"560\" height=\"316\" class=\"alignleft size-full wp-image-19757\" srcset=\"https:\/\/www.primerbrief.com\/wp-content\/uploads\/2013\/08\/ARG-MarianoAugugliaro-ConChicos-560px.jpg 560w, https:\/\/www.primerbrief.com\/wp-content\/uploads\/2013\/08\/ARG-MarianoAugugliaro-ConChicos-560px-300x169.jpg 300w\" sizes=\"auto, (max-width: 560px) 100vw, 560px\" \/><\/a><br \/>\n<em>\u00bfPero qui\u00e9n soy? Director de cuentas, padre, marido, dibujante, escritor, cocinero, coordinador de Atenci\u00f3n de Cuentas en la AAP, profesor, amigo, etc\u00e9tera.<\/em>\n<\/div>\n<p>&nbsp;<br \/>\n&nbsp;<\/p>\n","protected":false},"excerpt":{"rendered":"<p>(ARGENTINA) &#8211; Pasen y dejen sus regalos, dice Mariano Augugliaro (*) en su quinta columna, en la que hoy comparte su poes\u00eda, adem\u00e1s de la direcci\u00f3n de cuentas, la creatividad, el arte, el dibujo, la publicidad en general y, en realidad, la vida misma. \u00abYo tambi\u00e9n creo en vos\u00bb, de Santo Buenos Aires para Coca-Cola. &nbsp; POR MARIANO AUGUGLIARO Profesor [&hellip;]<\/p>\n","protected":false},"author":1,"featured_media":22301,"comment_status":"open","ping_status":"open","sticky":false,"template":"","format":"standard","meta":{"footnotes":""},"categories":[410],"tags":[26,1654],"class_list":["post-22295","post","type-post","status-publish","format-standard","has-post-thumbnail","hentry","category-miradas","tag-argentina","tag-mariano-augugliaro-argentina"],"_links":{"self":[{"href":"https:\/\/www.primerbrief.com\/index.php?rest_route=\/wp\/v2\/posts\/22295","targetHints":{"allow":["GET"]}}],"collection":[{"href":"https:\/\/www.primerbrief.com\/index.php?rest_route=\/wp\/v2\/posts"}],"about":[{"href":"https:\/\/www.primerbrief.com\/index.php?rest_route=\/wp\/v2\/types\/post"}],"author":[{"embeddable":true,"href":"https:\/\/www.primerbrief.com\/index.php?rest_route=\/wp\/v2\/users\/1"}],"replies":[{"embeddable":true,"href":"https:\/\/www.primerbrief.com\/index.php?rest_route=%2Fwp%2Fv2%2Fcomments&post=22295"}],"version-history":[{"count":14,"href":"https:\/\/www.primerbrief.com\/index.php?rest_route=\/wp\/v2\/posts\/22295\/revisions"}],"predecessor-version":[{"id":22316,"href":"https:\/\/www.primerbrief.com\/index.php?rest_route=\/wp\/v2\/posts\/22295\/revisions\/22316"}],"wp:featuredmedia":[{"embeddable":true,"href":"https:\/\/www.primerbrief.com\/index.php?rest_route=\/wp\/v2\/media\/22301"}],"wp:attachment":[{"href":"https:\/\/www.primerbrief.com\/index.php?rest_route=%2Fwp%2Fv2%2Fmedia&parent=22295"}],"wp:term":[{"taxonomy":"category","embeddable":true,"href":"https:\/\/www.primerbrief.com\/index.php?rest_route=%2Fwp%2Fv2%2Fcategories&post=22295"},{"taxonomy":"post_tag","embeddable":true,"href":"https:\/\/www.primerbrief.com\/index.php?rest_route=%2Fwp%2Fv2%2Ftags&post=22295"}],"curies":[{"name":"wp","href":"https:\/\/api.w.org\/{rel}","templated":true}]}}