{"id":22420,"date":"2013-12-05T14:00:40","date_gmt":"2013-12-05T17:00:40","guid":{"rendered":"http:\/\/www.primerbrief.com\/?p=22420"},"modified":"2013-12-05T14:01:52","modified_gmt":"2013-12-05T17:01:52","slug":"22420","status":"publish","type":"post","link":"https:\/\/www.primerbrief.com\/?p=22420","title":{"rendered":"El C\u00edrculo Uruguayo de la Publicidad les da hoy 15 Minutos a los estudiantes"},"content":{"rendered":"<p><span style=\"font-size: 11pt\"><strong>(URUGUAY) &#8211; El <a href=\"http:\/\/www.circulopublicidad.com\" onclick=\"_gaq.push(['_trackEvent', 'outbound-article', 'http:\/\/www.circulopublicidad.com', 'C\u00edrculo Uruguayo de la Publicidad']);\" target=\"_blank\">C\u00edrculo Uruguayo de la Publicidad<\/a> le pone esta noche un broche de oro al a\u00f1o que muchos estudiantes de publicidad est\u00e1n terminando con esfuerzo: 15 MINUTOS, que no es otra cosa que la posibilidad, para cada participante, de disponer de ese tiempo para mostrarles su carpeta a algunos de los profesionales m\u00e1s destacados del pa\u00eds. Mir\u00e1, en la nota est\u00e1 la lista de los que hoy a las 20 ver\u00e1n carpetas y dar\u00e1n devoluciones.<\/strong><\/span><\/p>\n<p><img loading=\"lazy\" decoding=\"async\" src=\"http:\/\/www.primerbrief.com\/wp-content\/uploads\/2013\/12\/ARG-15Minutos-EventoDeCarpetaDelCUP-580px.jpg\" width=\"580\" height=\"154\" class=\"alignleft size-full wp-image-22424\" srcset=\"https:\/\/www.primerbrief.com\/wp-content\/uploads\/2013\/12\/ARG-15Minutos-EventoDeCarpetaDelCUP-580px.jpg 580w, https:\/\/www.primerbrief.com\/wp-content\/uploads\/2013\/12\/ARG-15Minutos-EventoDeCarpetaDelCUP-580px-300x79.jpg 300w\" sizes=\"auto, (max-width: 580px) 100vw, 580px\" \/><br \/>\n<em>\u00bfYa sab\u00e9s qu\u00e9 material llevar\u00e1s para tus 15 Minutos?<\/em><\/p>\n<p>&nbsp;<br \/>\nLos profesionales de la publicidad que esta noche se acercar\u00e1n a la sede del C\u00edrculo Uruguayo de la Publicidad (Eduardo Acevedo 1243, donde tambi\u00e9n funciona la escuela <a href=\"http:\/\/www.ellaboratorio.edu.uy\" onclick=\"_gaq.push(['_trackEvent', 'outbound-article', 'http:\/\/www.ellaboratorio.edu.uy', 'El Laboratorio']);\" target=\"_blank\">El Laboratorio<\/a>) ser\u00e1n:<br \/>\n\u2022 Jorge Gonz\u00e1lez y Gonzalo L\u00f3pez, de Lowe Ginkgo<br \/>\n\u2022 Fernando Cach\u00f3n y Juan Cardeillac, de Young &#038; Rubicam<br \/>\n\u2022 Mauro Ferraro y Marindia, de Havas Gurisa<br \/>\n\u2022 Diego Lev y Mart\u00edn Luzzardo, de Notable<br \/>\n\u2022 Alan Grunewald y Rodrigo Mela, de Key<br \/>\n\u2022 Guillermo Giordano, de Punto Ogilvy<br \/>\n\u2022 Federico Cibils y Diego Besenzoni, de Publicis \u00cdmpetu<br \/>\n\u2022 Pablo Barreiro y Joaqu\u00edn Rodr\u00edguez, de La Diez<br \/>\n\u2022 Leandro G\u00f3mez, de McCann<br \/>\n\u2022 \u00c1lvaro Palombo, de R\u00fabrica<br \/>\n\u2022 Diego Varela y Germ\u00e1n Ferr\u00e9s, de C\u00e1mara TBWA<br \/>\n\u2022 Pablo Medina y Silvio Maldonado, de Plut\u00f3n<br \/>\n\u2022 Gabriel Lista y Gustavo Etchandy, de Am\u00e9n<br \/>\n\u2022 Juan Miguel Herrera, de Grey<br \/>\n\u2022 Pedro Astol, de DDB<\/p>\n<p>El evento ser\u00e1 hoy a las 20. Para confirmar asistencia, escrib\u00ed a <a href=\"mailto:secretaria@circulopublicidad.com\" onclick=\"_gaq.push(['_trackEvent','mailto','secretaria@circulopublicidad.com']);\" >secretaria@circulopublicidad.com<\/a>. \u00a1No te lo pierdas!<br \/>\n&nbsp;<br \/>\n&nbsp;<\/p>\n","protected":false},"excerpt":{"rendered":"<p>(URUGUAY) &#8211; El C\u00edrculo Uruguayo de la Publicidad le pone esta noche un broche de oro al a\u00f1o que muchos estudiantes de publicidad est\u00e1n terminando con esfuerzo: 15 MINUTOS, que no es otra cosa que la posibilidad, para cada participante, de disponer de ese tiempo para mostrarles su carpeta a algunos de los profesionales m\u00e1s destacados del pa\u00eds. Mir\u00e1, en [&hellip;]<\/p>\n","protected":false},"author":3,"featured_media":22421,"comment_status":"open","ping_status":"open","sticky":false,"template":"","format":"standard","meta":{"footnotes":""},"categories":[1156],"tags":[224,223,31],"class_list":["post-22420","post","type-post","status-publish","format-standard","has-post-thumbnail","hentry","category-eventos","tag-circulo-uruguayo-de-la-publicidad","tag-el-laboratorio-uruguay","tag-uruguay"],"_links":{"self":[{"href":"https:\/\/www.primerbrief.com\/index.php?rest_route=\/wp\/v2\/posts\/22420","targetHints":{"allow":["GET"]}}],"collection":[{"href":"https:\/\/www.primerbrief.com\/index.php?rest_route=\/wp\/v2\/posts"}],"about":[{"href":"https:\/\/www.primerbrief.com\/index.php?rest_route=\/wp\/v2\/types\/post"}],"author":[{"embeddable":true,"href":"https:\/\/www.primerbrief.com\/index.php?rest_route=\/wp\/v2\/users\/3"}],"replies":[{"embeddable":true,"href":"https:\/\/www.primerbrief.com\/index.php?rest_route=%2Fwp%2Fv2%2Fcomments&post=22420"}],"version-history":[{"count":4,"href":"https:\/\/www.primerbrief.com\/index.php?rest_route=\/wp\/v2\/posts\/22420\/revisions"}],"predecessor-version":[{"id":22437,"href":"https:\/\/www.primerbrief.com\/index.php?rest_route=\/wp\/v2\/posts\/22420\/revisions\/22437"}],"wp:featuredmedia":[{"embeddable":true,"href":"https:\/\/www.primerbrief.com\/index.php?rest_route=\/wp\/v2\/media\/22421"}],"wp:attachment":[{"href":"https:\/\/www.primerbrief.com\/index.php?rest_route=%2Fwp%2Fv2%2Fmedia&parent=22420"}],"wp:term":[{"taxonomy":"category","embeddable":true,"href":"https:\/\/www.primerbrief.com\/index.php?rest_route=%2Fwp%2Fv2%2Fcategories&post=22420"},{"taxonomy":"post_tag","embeddable":true,"href":"https:\/\/www.primerbrief.com\/index.php?rest_route=%2Fwp%2Fv2%2Ftags&post=22420"}],"curies":[{"name":"wp","href":"https:\/\/api.w.org\/{rel}","templated":true}]}}