{"id":22830,"date":"2013-12-19T03:59:49","date_gmt":"2013-12-19T06:59:49","guid":{"rendered":"http:\/\/www.primerbrief.com\/?p=22830"},"modified":"2013-12-18T18:49:28","modified_gmt":"2013-12-18T21:49:28","slug":"el-laboratorio-termina-un-ano-y-ya-comienza-el-siguiente","status":"publish","type":"post","link":"https:\/\/www.primerbrief.com\/?p=22830","title":{"rendered":"El Laboratorio: termina un a\u00f1o y ya comienza el siguiente"},"content":{"rendered":"<p><span style=\"font-size: 11pt\"><strong>(URUGUAY) &#8211; \u00abEste es el momento de hacer m\u00e1s grandes tus ideas.<br \/>\nLa chance de enriquecerlas, desarrollarlas, experimentar, conocer y descubrir. Tu carrera como creativo puede empezar justo ahora\u00bb: con esta descripci\u00f3n, <a href=\"http:\/\/www.ellaboratorio.edu.uy\" onclick=\"_gaq.push(['_trackEvent', 'outbound-article', 'http:\/\/www.ellaboratorio.edu.uy', 'El Laboratorio']);\" target=\"_blank\">El Laboratorio<\/a>, la escuela del C\u00edrculo Uruguayo de la Publicidad, te invita a inscribirte para algunas de sus distintas propuestas para 2014 y comparte su video de cierre de cursos de la generaci\u00f3n 2013.<\/strong><\/span><\/p>\n<p><iframe loading=\"lazy\" width=\"580\" height=\"326\" src=\"\/\/www.youtube.com\/embed\/zXB_c8X5Mwc\" frameborder=\"0\" allowfullscreen><\/iframe><br \/>\n<em>El video del cierre de cursos de la generaci\u00f3n 2013 de El Laboratorio.<\/em><\/p>\n<p>&nbsp;<br \/>\nY un detalle importante: para realizar cualquier curso de El Laboratorio, si te inscrib\u00eds antes del 20 de diciembre, ten\u00e9s un 25 por ciento de descuento en la cuota; y si sos egresado de la UTU o alumno de la UDELAR, un 50 por ciento. M\u00e1s informaci\u00f3n en <a href=\"http:\/\/www.ellaboratorio.edu.uy\" onclick=\"_gaq.push(['_trackEvent', 'outbound-article', 'http:\/\/www.ellaboratorio.edu.uy', 'www.ellaboratorio.edu.uy']);\" target=\"_blank\">www.ellaboratorio.edu.uy<\/a>.<br \/>\n&nbsp;<br \/>\n&nbsp;<\/p>\n","protected":false},"excerpt":{"rendered":"<p>(URUGUAY) &#8211; \u00abEste es el momento de hacer m\u00e1s grandes tus ideas. La chance de enriquecerlas, desarrollarlas, experimentar, conocer y descubrir. Tu carrera como creativo puede empezar justo ahora\u00bb: con esta descripci\u00f3n, El Laboratorio, la escuela del C\u00edrculo Uruguayo de la Publicidad, te invita a inscribirte para algunas de sus distintas propuestas para 2014 y comparte su video de cierre [&hellip;]<\/p>\n","protected":false},"author":1,"featured_media":22836,"comment_status":"open","ping_status":"open","sticky":false,"template":"","format":"standard","meta":{"footnotes":""},"categories":[5],"tags":[2409,223,31],"class_list":["post-22830","post","type-post","status-publish","format-standard","has-post-thumbnail","hentry","category-lugares-de-estudio","tag-circulo-uruguayo-de-la-publicidad-uruguay","tag-el-laboratorio-uruguay","tag-uruguay"],"_links":{"self":[{"href":"https:\/\/www.primerbrief.com\/index.php?rest_route=\/wp\/v2\/posts\/22830","targetHints":{"allow":["GET"]}}],"collection":[{"href":"https:\/\/www.primerbrief.com\/index.php?rest_route=\/wp\/v2\/posts"}],"about":[{"href":"https:\/\/www.primerbrief.com\/index.php?rest_route=\/wp\/v2\/types\/post"}],"author":[{"embeddable":true,"href":"https:\/\/www.primerbrief.com\/index.php?rest_route=\/wp\/v2\/users\/1"}],"replies":[{"embeddable":true,"href":"https:\/\/www.primerbrief.com\/index.php?rest_route=%2Fwp%2Fv2%2Fcomments&post=22830"}],"version-history":[{"count":5,"href":"https:\/\/www.primerbrief.com\/index.php?rest_route=\/wp\/v2\/posts\/22830\/revisions"}],"predecessor-version":[{"id":22886,"href":"https:\/\/www.primerbrief.com\/index.php?rest_route=\/wp\/v2\/posts\/22830\/revisions\/22886"}],"wp:featuredmedia":[{"embeddable":true,"href":"https:\/\/www.primerbrief.com\/index.php?rest_route=\/wp\/v2\/media\/22836"}],"wp:attachment":[{"href":"https:\/\/www.primerbrief.com\/index.php?rest_route=%2Fwp%2Fv2%2Fmedia&parent=22830"}],"wp:term":[{"taxonomy":"category","embeddable":true,"href":"https:\/\/www.primerbrief.com\/index.php?rest_route=%2Fwp%2Fv2%2Fcategories&post=22830"},{"taxonomy":"post_tag","embeddable":true,"href":"https:\/\/www.primerbrief.com\/index.php?rest_route=%2Fwp%2Fv2%2Ftags&post=22830"}],"curies":[{"name":"wp","href":"https:\/\/api.w.org\/{rel}","templated":true}]}}