{"id":23027,"date":"2014-01-06T03:59:57","date_gmt":"2014-01-06T06:59:57","guid":{"rendered":"http:\/\/www.primerbrief.com\/?p=23027"},"modified":"2020-07-08T16:26:58","modified_gmt":"2020-07-08T19:26:58","slug":"magia-en-montevideo-gracias-al-circulo-una-hora-de-carlos-perez-en-una-plaza","status":"publish","type":"post","link":"https:\/\/www.primerbrief.com\/?p=23027","title":{"rendered":"Magia en Montevideo gracias al C\u00edrculo: una hora de Carlos P\u00e9rez en una plaza"},"content":{"rendered":"<p><span style=\"font-size: 11pt\"><strong>(URUGUAY) &#8211; Te lo contamos <a href=\"http:\/\/www.primerbrief.com\/?p=22012\" onclick=\"_gaq.push(['_trackEvent', 'outbound-article-int', 'http:\/\/www.primerbrief.com\/?p=22012', 'hace algunas semanas']);\" target=\"_blank\">hace algunas semanas<\/a>: en una plaza de Montevideo, el <a href=\"http:\/\/www.circulopublicidad.com\" onclick=\"_gaq.push(['_trackEvent', 'outbound-article', 'http:\/\/www.circulopublicidad.com', 'C\u00edrculo Uruguayo de la Publicidad']);\" target=\"_blank\">C\u00edrculo Uruguayo de la Publicidad<\/a> y su escuela de publicidad <a href=\"http:\/\/www.ellaboratorio.edu.uy\" onclick=\"_gaq.push(['_trackEvent', 'outbound-article', 'http:\/\/www.ellaboratorio.edu.uy', 'El Laboratorio']);\" target=\"_blank\">El Laboratorio<\/a> generaron un momento m\u00e1gico, que por otra parte no tuvo nada de inesperado. \u00bfPor qu\u00e9? Porque cada presentaci\u00f3n del argentino Carlos P\u00e9rez, el presidente de BBDO Buenos Aires, provoca esos momentos m\u00e1gicos, gracias a su incansable inquietud y a su lectura siempre diferente de sucesos que para el com\u00fan de la gente resultan absolutamente intrascendentes. Si te anim\u00e1s a dedicar una hora de tu tiempo (\u00a1no es nada!), ac\u00e1 ten\u00e9s la charla completa de Carlos (que el C\u00edrculo generosamente colg\u00f3 en su canal de YouTube), m\u00e1s algunos videos y fotos que probablemente te ayuden a disfrutarla m\u00e1s, casi como si hubieras estado ah\u00ed.<\/strong><\/span><\/p>\n<p><iframe loading=\"lazy\" width=\"720\" height=\"405\" src=\"\/\/www.youtube.com\/embed\/-zyVKGtl4nI\" frameborder=\"0\" allowfullscreen><\/iframe><br \/>\n<em>Ni la imagen ni el sonido son los mejores; pero las excelentes intenciones del camar\u00f3grafo, haciendo foco en la pantalla cada vez que P\u00e9rez mostraba algo de cierta duraci\u00f3n e incluso mejorando r\u00e1pidamente las condiciones de luz para que aquello pudiera apreciarse, sumadas a la capacidad hipn\u00f3tica del conferencista para atrapar a su p\u00fablico, en vivo y al aire libre o por la pantalla de una computadora un mes y medio despu\u00e9s, logran la magia.<\/em><\/p>\n<p>&nbsp;<br \/>\n<img loading=\"lazy\" decoding=\"async\" src=\"http:\/\/www.primerbrief.com\/wp-content\/uploads\/2011\/06\/staff-pancho1.jpg\" width=\"60\" height=\"60\" class=\"alignleft size-full wp-image-4110\" style=\"margin: 0px 10px 0px 0px\" \/><\/a><strong>POR <a href=\"http:\/\/www.primerbrief.com\/?tag=pancho-dondo-argentina\" onclick=\"_gaq.push(['_trackEvent', 'outbound-article-int', 'http:\/\/www.primerbrief.com\/?tag=pancho-dondo-argentina', 'PANCHO DONDO']);\" target=\"_blank\">PANCHO DONDO<\/a><\/strong><br \/>\nDirector de PB y socio de la <a href=\"http:\/\/www.apgargentina.org\/\" onclick=\"_gaq.push(['_trackEvent', 'outbound-article', 'http:\/\/www.apgargentina.org\/', 'APG']);\" target=\"_blank\">APG<\/a><\/p>\n<p style=\"clear:left;\">\n<p>&nbsp;<br \/>\n<a href=\"http:\/\/www.primerbrief.com\/wp-content\/uploads\/2013\/11\/carlos-perez-700px.jpg\" onclick=\"_gaq.push(['_trackEvent', 'outbound-article-int', 'http:\/\/www.primerbrief.com\/wp-content\/uploads\/2013\/11\/carlos-perez-700px.jpg', '']);\" ><img loading=\"lazy\" decoding=\"async\" src=\"http:\/\/www.primerbrief.com\/wp-content\/uploads\/2014\/01\/URU-CarlosPerezConElCUP-200px.jpg\" width=\"200\" height=\"138\" class=\"alignleft size-full wp-image-23041\" style=\"margin: 10px 10px 0px 0px\" \/><\/a><em>Carlos P\u00e9rez seg\u00fan el afiche que presentaba la charla (clique\u00e1 la imagen para ver el flyer completo).<\/em><\/p>\n<p>Fue el jueves 28 de noviembre en la Plaza Manuel Aza\u00f1a de Montevideo, conocida como \u201cla Placita Williman\u201d. Sirvi\u00f3 para que el C\u00edrculo Uruguayo de la Publicidad y su escuela El Laboratorio cerraran el a\u00f1o y compartieran el tradicional brindis con la <em>creme de la creme<\/em> de la publicidad uruguaya, que se hab\u00eda acercado hasta all\u00ed atra\u00edda no s\u00f3lo por los motivos antes mencionados, sino por lo atractivo que resultaba el programa cuando el contenido principal ten\u00eda que ver con un nombre y un apellido que parecen los m\u00e1s comunes del mundo pero, en realidad, en este peque\u00f1o mundo de la publicidad rioplatense, no lo son de ning\u00fan modo.<\/p>\n<p>Y es que Carlos P\u00e9rez integra, junto a su tocayo Carlos Bayala, esa dupla \u00fanica de profesionales de la publicidad argentina en los que se concreta la extraordinaria combinaci\u00f3n de que sean, al mismo tiempo, publicitarios brillantes y conferencistas incre\u00edbles. No hay ning\u00fan otro como ellos dos: uno sale de escucharlos sintiendo que creci\u00f3, que es m\u00e1s inteligente, que descubri\u00f3 obviedades en las que nadie hab\u00eda pensado y que quiere ya mismo empezar a encarar su trabajo de todos los d\u00edas con esa mirada tan atractiva que, adem\u00e1s, parece lo m\u00e1s f\u00e1cil del mundo.<\/p>\n<p>En su presentaci\u00f3n de la <em>Placita Williman<\/em>, despu\u00e9s de explicar que, para \u00e9l, eso de dar una charla abierta en una plaza era algo absolutamente \u00abinaudito\u00bb, Carlos P\u00e9rez centr\u00f3 su presentaci\u00f3n en dos grandes temas: primero, la capacidad que deben tener los comunicadores para reconocer los signos de los tiempos (como hace \u00e9l mismo, en el comienzo de la charla, con <a href=\"http:\/\/www.maspormas.com\/noticias\/global\/iba-bruselas-pero-por-error-del-gps-acaba-en-zagreb\" onclick=\"_gaq.push(['_trackEvent', 'outbound-article', 'http:\/\/www.maspormas.com\/noticias\/global\/iba-bruselas-pero-por-error-del-gps-acaba-en-zagreb', 'la ins\u00f3lita pero aparentemente intrascendente historia de Sabine Moreau']);\" target=\"_blank\">la ins\u00f3lita pero aparentemente intrascendente historia de Sabine Moreau<\/a>, la belga de 67 a\u00f1os que ten\u00eda que recorrer 32 kil\u00f3metros para recoger a una persona dentro de B\u00e9lgica y, por un error del GPS, termin\u00f3 viajando 1.450 kil\u00f3metros y llegando dos d\u00edas m\u00e1s tarde a Zagreb, la capital de Croacia, \u00absin hacerse ninguna pregunta); y segundo, la inmemorial necesidad de privacidad, antigua como el ser humano (incre\u00edblemente evidenciada por ese video final en el que una persona fue grabando lo que hac\u00eda Google Instant cuando completaba, mediante los cl\u00e1sicos algoritmos de Google, las frases que \u00e9l iba iniciando con comienzos tan simples como \u00abI&#8217;m 12\u00bb, \u00abI&#8217;m 13\u00bb, \u00abI&#8217;m 14\u00bb y as\u00ed hasta \u00abI&#8217;m 85\u00bb) y la capacidad para detectar nuestros anhelos m\u00e1s profundos. \u00abSobran medios para vivir, pero faltan razones para existir\u00bb, cita P\u00e9rez en el final, y le pone broche a una noche montevideana a la que \u00e9l, m\u00e1gicamente, le puso much\u00edsimo sentido.<\/p>\n<p>Esa es, en <em>muy pocas palabras<\/em>, la s\u00edntesis de la charla de P\u00e9rez. Mejor apret\u00e1 PLAY y mirala vos por tu cuenta. Mientras tanto, por si te sirve como complemento, ac\u00e1 van algunos de los materiales que P\u00e9rez menciona y que en el video no logran apreciarse bien o directamente no aparecen. <\/p>\n<p>&nbsp;<br \/>\n<strong>LA MEJOR TAPA DE REVISTA DE 2012:<\/strong><br \/>\n<a href=\"http:\/\/www.primerbrief.com\/wp-content\/uploads\/2014\/01\/EUA-NewYorkMagazine-2012Noviembre12-ByIwanBaan-BestCoverAME2012.jpg\" onclick=\"_gaq.push(['_trackEvent', 'outbound-article-int', 'http:\/\/www.primerbrief.com\/wp-content\/uploads\/2014\/01\/EUA-NewYorkMagazine-2012Noviembre12-ByIwanBaan-BestCoverAME2012.jpg', '']);\" ><img loading=\"lazy\" decoding=\"async\" src=\"http:\/\/www.primerbrief.com\/wp-content\/uploads\/2014\/01\/EUA-NewYorkMagazine-2012Noviembre12-ByIwanBaan-BestCoverAME2012-313px.jpg\" width=\"313\" height=\"417\" class=\"alignleft size-full wp-image-23059\" style=\"margin: 0px 10px 0px 0px\" srcset=\"https:\/\/www.primerbrief.com\/wp-content\/uploads\/2014\/01\/EUA-NewYorkMagazine-2012Noviembre12-ByIwanBaan-BestCoverAME2012-313px.jpg 313w, https:\/\/www.primerbrief.com\/wp-content\/uploads\/2014\/01\/EUA-NewYorkMagazine-2012Noviembre12-ByIwanBaan-BestCoverAME2012-313px-225x300.jpg 225w\" sizes=\"auto, (max-width: 313px) 100vw, 313px\" \/><\/a><em>Tomada por el fot\u00f3grafo y arquitecto Iwan Baan, publicada en la New York Magazine y elegida por la American Society of Magazine Editors (ASME).<\/em><\/p>\n<p style=\"clear:left;\">\n<p>&nbsp;<br \/>\n<strong>EL CARTEL DE LA NEGATIVA A OFRECER WIFI:<\/strong><br \/>\n<img loading=\"lazy\" decoding=\"async\" src=\"http:\/\/www.primerbrief.com\/wp-content\/uploads\/2014\/01\/WeDoNotOfferWireless.jpg\" width=\"313\" height=\"234\" class=\"alignleft size-full wp-image-23057\" srcset=\"https:\/\/www.primerbrief.com\/wp-content\/uploads\/2014\/01\/WeDoNotOfferWireless.jpg 313w, https:\/\/www.primerbrief.com\/wp-content\/uploads\/2014\/01\/WeDoNotOfferWireless-300x224.jpg 300w\" sizes=\"auto, (max-width: 313px) 100vw, 313px\" \/><\/p>\n<p style=\"clear:left;\">\n<p>&nbsp;<br \/>\n<strong>EL VIDEO DE \u00abI FORGOT MY PHONE\u00bb:<\/strong><br \/>\n<iframe loading=\"lazy\" width=\"720\" height=\"405\" src=\"\/\/www.youtube.com\/embed\/OINa46HeWg8\" frameborder=\"0\" allowfullscreen><\/iframe><br \/>\n<em>Publicado el 22\/08\/2013. Escrito por Charlene de Guzm\u00e1n &#038; Miles Crawford. Dirigido por Miles Crawford. Protagonizado por Charlene de Guzm\u00e1n.<\/em><\/p>\n<p>&nbsp;<br \/>\n<strong>EL VIDEO DE ROJO TRAPAL:<\/strong><br \/>\n<iframe loading=\"lazy\" width=\"720\" height=\"540\" src=\"\/\/www.youtube.com\/embed\/HsRzNLKpjxg\" frameborder=\"0\" allowfullscreen><\/iframe><br \/>\n<em>La historia del lanzamiento incre\u00edblemente exitoso del vino de mesa Rojo Trapal en 1973 y la creaci\u00f3n de la marca y del comercial por parte del genio de Hugo Casares (fundador de la desaparecida agencia Casares Grey y a quien P\u00e9rez no s\u00f3lo considera su maestro, sino adem\u00e1s el mejor creativo de la historia de la publicidad argentina junto a David Ratto) es sencillamente emocionante.<\/em><\/p>\n<p>&nbsp;<br \/>\n<strong>EL VIDEO DE LOS DELFINES ENCALLADOS Y SALVADOS:<\/strong><br \/>\n<iframe loading=\"lazy\" width=\"720\" height=\"405\" src=\"\/\/www.youtube.com\/embed\/KL8nb2AuPSU\" frameborder=\"0\" allowfullscreen><\/iframe><br \/>\n<em>En Prainha, en Arraial do Cabo, en el estado de Bah\u00eda, Brasil, en marzo de 2012.<\/em><\/p>\n<p>&nbsp;<br \/>\n<strong>WARREN BUFFETT, EL MILLONARIO DEL HELADO DE LIM\u00d3N:<\/strong><br \/>\n<img loading=\"lazy\" decoding=\"async\" src=\"http:\/\/www.primerbrief.com\/wp-content\/uploads\/2014\/01\/WarrenBuffett-580px.jpg\" width=\"720\" height=\"540\" class=\"alignleft size-full wp-image-23066\" srcset=\"https:\/\/www.primerbrief.com\/wp-content\/uploads\/2014\/01\/WarrenBuffett-580px.jpg 580w, https:\/\/www.primerbrief.com\/wp-content\/uploads\/2014\/01\/WarrenBuffett-580px-300x225.jpg 300w\" sizes=\"auto, (max-width: 720px) 100vw, 720px\" \/><br \/>\n<em>Es el millonario al que todos consideran el mejor inversor de la historia, que es uno de los hombres m\u00e1s ricos del planeta y que entendi\u00f3, seg\u00fan P\u00e9rez, una de las verdades m\u00e1s profundas del ser humano: el sentido de comunidad, que se relaciona directamente, seg\u00fan \u00e9l, con la necesidad de privacidad.<\/em><\/p>\n<p>&nbsp;<br \/>\n<strong>EL TRAILER OFICIAL DE \u00abJIRO DREAMS OF SUSHI\u00bb:<\/strong><br \/>\n<iframe loading=\"lazy\" width=\"720\" height=\"405\" src=\"\/\/www.youtube.com\/embed\/M-aGPniFvS0\" frameborder=\"0\" allowfullscreen><\/iframe><br \/>\n<em>La historia del restaurant de 37 metros cuadrados de Jiro Ono en un subte de Tokyo, considerado el mejor chef de sushi del mundo y poseedor inesperado de tres estrellas Michelin.<\/em><\/p>\n<p>&nbsp;<br \/>\n<strong>EL VIDEO DEL REENCUENTRO DE MARINA ABRAMOVIC Y ULAY DESPU\u00c9S DE 20 A\u00d1OS:<\/strong><br \/>\n<iframe loading=\"lazy\" width=\"720\" height=\"405\" src=\"\/\/www.youtube.com\/embed\/traUaknfR5o\" frameborder=\"0\" allowfullscreen><\/iframe><br \/>\n<em>La historia la cuenta muy bien Carlos P\u00e9rez en su charla.<\/em><br \/>\n&nbsp;<br \/>\n&nbsp;<\/p>\n","protected":false},"excerpt":{"rendered":"<p>(URUGUAY) &#8211; Te lo contamos hace algunas semanas: en una plaza de Montevideo, el C\u00edrculo Uruguayo de la Publicidad y su escuela de publicidad El Laboratorio generaron un momento m\u00e1gico, que por otra parte no tuvo nada de inesperado. \u00bfPor qu\u00e9? Porque cada presentaci\u00f3n del argentino Carlos P\u00e9rez, el presidente de BBDO Buenos Aires, provoca esos momentos m\u00e1gicos, gracias a [&hellip;]<\/p>\n","protected":false},"author":3,"featured_media":23078,"comment_status":"open","ping_status":"open","sticky":false,"template":"","format":"standard","meta":{"footnotes":""},"categories":[1049],"tags":[231,1272,224,31],"class_list":["post-23027","post","type-post","status-publish","format-standard","has-post-thumbnail","hentry","category-consejos-para-tu-carrera","tag-bbdo-argentina","tag-carlos-perez-argentina","tag-circulo-uruguayo-de-la-publicidad","tag-uruguay"],"_links":{"self":[{"href":"https:\/\/www.primerbrief.com\/index.php?rest_route=\/wp\/v2\/posts\/23027","targetHints":{"allow":["GET"]}}],"collection":[{"href":"https:\/\/www.primerbrief.com\/index.php?rest_route=\/wp\/v2\/posts"}],"about":[{"href":"https:\/\/www.primerbrief.com\/index.php?rest_route=\/wp\/v2\/types\/post"}],"author":[{"embeddable":true,"href":"https:\/\/www.primerbrief.com\/index.php?rest_route=\/wp\/v2\/users\/3"}],"replies":[{"embeddable":true,"href":"https:\/\/www.primerbrief.com\/index.php?rest_route=%2Fwp%2Fv2%2Fcomments&post=23027"}],"version-history":[{"count":26,"href":"https:\/\/www.primerbrief.com\/index.php?rest_route=\/wp\/v2\/posts\/23027\/revisions"}],"predecessor-version":[{"id":37679,"href":"https:\/\/www.primerbrief.com\/index.php?rest_route=\/wp\/v2\/posts\/23027\/revisions\/37679"}],"wp:featuredmedia":[{"embeddable":true,"href":"https:\/\/www.primerbrief.com\/index.php?rest_route=\/wp\/v2\/media\/23078"}],"wp:attachment":[{"href":"https:\/\/www.primerbrief.com\/index.php?rest_route=%2Fwp%2Fv2%2Fmedia&parent=23027"}],"wp:term":[{"taxonomy":"category","embeddable":true,"href":"https:\/\/www.primerbrief.com\/index.php?rest_route=%2Fwp%2Fv2%2Fcategories&post=23027"},{"taxonomy":"post_tag","embeddable":true,"href":"https:\/\/www.primerbrief.com\/index.php?rest_route=%2Fwp%2Fv2%2Ftags&post=23027"}],"curies":[{"name":"wp","href":"https:\/\/api.w.org\/{rel}","templated":true}]}}