{"id":23710,"date":"2014-02-26T03:59:12","date_gmt":"2014-02-26T06:59:12","guid":{"rendered":"http:\/\/www.primerbrief.com\/?p=23710"},"modified":"2014-02-27T14:02:42","modified_gmt":"2014-02-27T17:02:42","slug":"pablo-tajer","status":"publish","type":"post","link":"https:\/\/www.primerbrief.com\/?p=23710","title":{"rendered":"Pablo Tajer: \u00abLos estudiantes valoran Facebook naturalmente\u00bb"},"content":{"rendered":"<p><span style=\"font-size: 11pt\"><strong>(ARGENTINA) &#8211; Pablo Tajer estudi\u00f3 en la <a href=\"http:\/\/www.escueladecreativos.com.ar\" onclick=\"_gaq.push(['_trackEvent', 'outbound-article', 'http:\/\/www.escueladecreativos.com.ar', 'Escuelita']);\" target=\"_blank\">Escuelita<\/a>. Trabaj\u00f3 en creatividad tradicional en Del Campo Nazca Saatchi &#038; Saatchi y JWT. Se especializ\u00f3 en creatividad digital cuando pas\u00f3 por Webar y por BBDO. Dio clases en <a href=\"http:\/\/www.undergroundad.com\/escuela\/\" onclick=\"_gaq.push(['_trackEvent', 'outbound-article', 'http:\/\/www.undergroundad.com\/escuela\/', 'Underground']);\" target=\"_blank\">Underground<\/a>. En dupla con su compa\u00f1ero de estudios Daniel Sacroisky public\u00f3 el libro de humor jud\u00edo <a href=\"http:\/\/www.reirseeskosher.com.ar\/reirsekosher\/site\/home.asp\" onclick=\"_gaq.push(['_trackEvent', 'outbound-article', 'http:\/\/www.reirseeskosher.com.ar\/reirsekosher\/site\/home.asp', 'Re\u00edrse es kosher']);\" target=\"_blank\">Re\u00edrse es kosher<\/a>. Y finalmente hace cuatro meses se incorpor\u00f3 a Facebook con un cargo bien concreto: como <em>creative strategist<\/em> para el Cono Sur, se ocupa de trabajar con los anunciantes y sus agencias para que le saquen m\u00e1s el jugo e inviertan m\u00e1s en Facebook. \u00bfQuer\u00e9s ver qu\u00e9 piensa de c\u00f3mo se est\u00e1 haciendo eso hoy en d\u00eda? Vale la pena leerlo: es muy probable que tu futuro tenga much\u00edsimo que ver con las redes sociales de un modo u otro.<\/strong><\/span><\/p>\n<p><a href=\"http:\/\/www.primerbrief.com\/wp-content\/uploads\/2014\/02\/ARG-PabloTajerEnFacebook-GR.jpg\" onclick=\"_gaq.push(['_trackEvent', 'outbound-article-int', 'http:\/\/www.primerbrief.com\/wp-content\/uploads\/2014\/02\/ARG-PabloTajerEnFacebook-GR.jpg', '']);\" ><img loading=\"lazy\" decoding=\"async\" src=\"http:\/\/www.primerbrief.com\/wp-content\/uploads\/2014\/02\/ARG-PabloTajerEnFacebook-580px.jpg\" width=\"580\" height=\"387\" class=\"alignleft size-full wp-image-23714\" srcset=\"https:\/\/www.primerbrief.com\/wp-content\/uploads\/2014\/02\/ARG-PabloTajerEnFacebook-580px.jpg 580w, https:\/\/www.primerbrief.com\/wp-content\/uploads\/2014\/02\/ARG-PabloTajerEnFacebook-580px-300x200.jpg 300w\" sizes=\"auto, (max-width: 580px) 100vw, 580px\" \/><\/a><br \/>\n<em>Tajer, ambientado en su nuevo rol: \u00abEl cambio de inversi\u00f3n en la producci\u00f3n, para que se gaste m\u00e1s en producir lo que va a pautarse en internet, ya est\u00e1 ocurriendo\u00bb. (Fotos: Prensa FB)<\/em><\/p>\n<p>&nbsp;<br \/>\n<img loading=\"lazy\" decoding=\"async\" src=\"http:\/\/www.primerbrief.com\/wp-content\/uploads\/2011\/06\/staff-pancho1.jpg\" width=\"60\" height=\"60\" class=\"alignleft size-full wp-image-4110\" style=\"margin: 0px 10px 0px 0px\" \/><\/a><strong>POR <a href=\"http:\/\/www.primerbrief.com\/?tag=pancho-dondo-argentina\" onclick=\"_gaq.push(['_trackEvent', 'outbound-article-int', 'http:\/\/www.primerbrief.com\/?tag=pancho-dondo-argentina', 'PANCHO DONDO']);\" target=\"_blank\">PANCHO DONDO<\/a><\/strong><br \/>\nDirector de PB y socio de la <a href=\"http:\/\/www.apgargentina.org\/\" onclick=\"_gaq.push(['_trackEvent', 'outbound-article', 'http:\/\/www.apgargentina.org\/', 'APG']);\" target=\"_blank\">APG<\/a><\/p>\n<p style=\"clear:left;\">\n<p>&nbsp;<br \/>\n\u00bfVos cre\u00edas que los creativos publicitarios s\u00f3lo pod\u00edan trabajar en agencias y en productoras de contenidos? Tendr\u00e1s que revisar tus preconceptos, y ac\u00e1 ten\u00e9s una excelente ocasi\u00f3n para ampliar tu mirada. Pablo Tajer, de historia y estudios totalmente ligados a la creatividad publicitaria, lleva cuatro meses trabajando en Facebook Argentina como <em>creative strategist<\/em> del Cono Sur. Desde ese cargo integra el Creative Shop global, un grupo de cincuenta personas lideradas por Mark D&#8217;Arcy desde Nueva York (como director mundial de <em>global creative solutions<\/em>) y, en el caso especial de la regi\u00f3n que involucra a Tajer, por Rapha Vasconcellos desde San Pablo (con el mismo cargo que D&#8217;Arcy, pero a nivel Latam).<\/p>\n<p>Hace unos d\u00edas, en una reuni\u00f3n de presentaci\u00f3n que mantuvo con algunos periodistas, nos cont\u00f3 cosas como las que siguen:<\/p>\n<p>\u2022 \u00abNo hay que hacer un mundo de lo que no lo es. B\u00e1sicamente todo es lo mismo: lo que importa es la idea. La campa\u00f1a de Oreo (<em>ver al pie de la nota<\/em>) que gan\u00f3 uno de los dos Grand Prix de Cyber el a\u00f1o pasado en Cannes, por ejemplo, bien mirada es una campa\u00f1a de gr\u00e1fica. Y lo mismo pasa con cualquier campa\u00f1a audiovisual que triunfa en las redes sociales: en esencia no es distinta a una campa\u00f1a televisiva\u00bb.<\/p>\n<p>\u2022 \u00abJunto a la de Oreo, la otra gran idea de redes sociales del a\u00f1o pasado para m\u00ed fue el otro Grand Prix de Cyber de Cannes, <em>The Beauty inside<\/em>, el trabajo de Pereira &#038; O&#8217;Dell para Intel y Toshiba\u00bb (<em>mirala al pie, a continuaci\u00f3n de la de Oreo<\/em>).<\/p>\n<p>\u2022 \u00abDesde que arranqu\u00e9 en Facebook ya particip\u00e9 en varios workshops en Brasil, siempre reuniendo a un anunciante y a todas sus agencias, y ya llevamos un par organizados en la Argentina. En esos encuentros, lo que hacemos es intentar que los anunciantes y sus agencias mejoren sus estrategias y su creatividad dentro de Facebook. Y lo que me ocurre cada vez que termina uno de esos workshops es que me pregunto a m\u00ed mismo: &#8216;\u00bfC\u00f3mo no apliqu\u00e9 esto a tant\u00edsimas campa\u00f1as que trabaj\u00e9 en toda mi etapa de creativo publicitario?&#8217;. Y no puedo responderme: sencillamente no puedo creerlo\u00bb.<\/p>\n<p>\u2022 \u00abEl uso de las redes sociales en la creatividad publicitaria est\u00e1 totalmente en pa\u00f1ales. Ejemplos que las usaron bien son justamente los dos GP de Cyber de Cannes 2013: son los primeros que me vienen a la mente\u00bb.<\/p>\n<p>\u2022 \u00abLo que las marcas no terminan de aprender en las redes sociales es a inspirarse seg\u00fan lo que hace la gente, y no seg\u00fan lo que hacen las marcas\u00bb.<\/p>\n<p>\u2022 \u00abEl cambio de inversi\u00f3n en la producci\u00f3n, para que se gaste m\u00e1s en producir lo que va a pautarse en internet, ya est\u00e1 ocurriendo. Depende de cada marca, pero s\u00ed puedo afirmar que ese camino ya empez\u00f3\u00bb. <em>(Nota de la redacci\u00f3n: apenas dos d\u00edas despu\u00e9s del di\u00e1logo de PRIMER BRIEF con Tajer, Mondelez Internacional \u2014fabricante de Oreo\u2014 anunci\u00f3 a los medios que <a href=\"http:\/\/www.adlatina.com\/digital\/mondelez-planea-un-gran-salto-en-publicidad-digital\" onclick=\"_gaq.push(['_trackEvent', 'outbound-article', 'http:\/\/www.adlatina.com\/digital\/mondelez-planea-un-gran-salto-en-publicidad-digital', 'planea un gran salto en las inversiones en publicidad digital en los pr\u00f3ximos a\u00f1os']);\" target=\"_blank\">planea un gran salto en las inversiones en publicidad digital en los pr\u00f3ximos a\u00f1os<\/a> y que calcula que hacia 2016 m\u00e1s de la mitad de su inversi\u00f3n publicitaria se destinar\u00e1 a ese medio).<\/em><\/p>\n<p>\u2022 \u00abLa gran herramienta que yo manejo aqu\u00ed es la promoci\u00f3n del branding a trav\u00e9s de <a href=\"http:\/\/en.wikipedia.org\/wiki\/Web_feed\" onclick=\"_gaq.push(['_trackEvent', 'outbound-article', 'http:\/\/en.wikipedia.org\/wiki\/Web_feed', 'news feed']);\" target=\"_blank\">news feed<\/a>\u00ab.<\/p>\n<p>\u2022 \u00abLos nuevos creativos (me refiero a los que se incorporaron en los \u00faltimos tiempos a las agencias y a los estudiantes que est\u00e1n egresando de las casas de estudio) ya entienden todo esto naturalmente, no hay que explicarles todo tan desde el principio como hacemos con los que son de alguna generaci\u00f3n anterior. Y una prueba irrefutable de esto es la enorme cantidad de <em>fan pages<\/em> exitosas que, casualidad o no, son resultado de ejercicios planteados en clases por profesores de creatividad publicitaria o de publicidad en general: se me vienen ocurren \u00e9xitos como <a href=\"http:\/\/www.facebook.com\/LaGenteAndaDiciendo\" onclick=\"_gaq.push(['_trackEvent', 'outbound-article', 'http:\/\/www.facebook.com\/LaGenteAndaDiciendo', 'La gente anda diciendo']);\" target=\"_blank\">La gente anda diciendo<\/a> (de Tatiana Goldman y Ezequiel Mandelbaum), <a href=\"https:\/\/www.facebook.com\/Adultecimientos\" onclick=\"_gaq.push(['_trackEvent', 'outbound-article', 'https:\/\/www.facebook.com\/Adultecimientos', 'Adultecimientos']);\" target=\"_blank\">Adultecimientos<\/a> (de Melisa Navas y Dante Zamboni) o <a href=\"https:\/\/www.facebook.com\/pages\/Me-Deprime\/201737953284830\" onclick=\"_gaq.push(['_trackEvent', 'outbound-article', 'https:\/\/www.facebook.com\/pages\/Me-Deprime\/201737953284830', 'Me Deprime']);\" target=\"_blank\">Me Deprime<\/a>\u00ab.<\/p>\n<p>&nbsp;<br \/>\n<span style=\"font-size: 11pt\"><strong>LOS TRABAJOS ADMIRADOS POR TAJER<\/strong><\/span><\/p>\n<p><strong>GP DE CYBER: \u00abOREO DAILY TWIST\u00bb<\/strong><br \/>\n<iframe loading=\"lazy\" width=\"580\" height=\"326\" src=\"http:\/\/www.youtube.com\/embed\/OVOTOX8DT1E\" frameborder=\"0\" allowfullscreen><\/iframe><br \/>\n<em>\u00abOreo Daily Twist\u00bb, de DraftFCB Nueva York (Estados Unidos) para Mondelez International.<\/em><\/p>\n<p>&nbsp;<br \/>\n<strong>GP DE BRANDED CONTENT &#038; ENTERTAINMENT, UNO DE LOS DE CYBER Y UNO DE LOS DE FILM: \u00abTHE BEAUTY INSIDE\u00bb<\/strong><br \/>\n<iframe loading=\"lazy\" width=\"580\" height=\"326\" src=\"http:\/\/www.youtube.com\/embed\/DsNOPCK3bkI\" frameborder=\"0\" allowfullscreen><\/iframe><br \/>\n<em>\u00abThe Beauty Inside\u00bb, de Pereira &#038; O&#8217;Dell, de San Francisco (Estados Unidos) para Intel + Toshiba.<\/em><br \/>\n&nbsp;<br \/>\n&nbsp;<\/p>\n","protected":false},"excerpt":{"rendered":"<p>(ARGENTINA) &#8211; Pablo Tajer estudi\u00f3 en la Escuelita. Trabaj\u00f3 en creatividad tradicional en Del Campo Nazca Saatchi &#038; Saatchi y JWT. Se especializ\u00f3 en creatividad digital cuando pas\u00f3 por Webar y por BBDO. Dio clases en Underground. En dupla con su compa\u00f1ero de estudios Daniel Sacroisky public\u00f3 el libro de humor jud\u00edo Re\u00edrse es kosher. Y finalmente hace cuatro meses [&hellip;]<\/p>\n","protected":false},"author":3,"featured_media":23737,"comment_status":"open","ping_status":"open","sticky":false,"template":"","format":"standard","meta":{"footnotes":""},"categories":[1049],"tags":[26,231,756,23,462,1956,3255,97,3256],"class_list":["post-23710","post","type-post","status-publish","format-standard","has-post-thumbnail","hentry","category-consejos-para-tu-carrera","tag-argentina","tag-bbdo-argentina","tag-del-campo-nazca-saatchi-saatchi-argentina","tag-escuela-superior-de-creativos-publicitarios-argentina","tag-facebook","tag-jwt-argentina","tag-pablo-tajer-argentina","tag-underground-argentina","tag-webar-argentina"],"_links":{"self":[{"href":"https:\/\/www.primerbrief.com\/index.php?rest_route=\/wp\/v2\/posts\/23710","targetHints":{"allow":["GET"]}}],"collection":[{"href":"https:\/\/www.primerbrief.com\/index.php?rest_route=\/wp\/v2\/posts"}],"about":[{"href":"https:\/\/www.primerbrief.com\/index.php?rest_route=\/wp\/v2\/types\/post"}],"author":[{"embeddable":true,"href":"https:\/\/www.primerbrief.com\/index.php?rest_route=\/wp\/v2\/users\/3"}],"replies":[{"embeddable":true,"href":"https:\/\/www.primerbrief.com\/index.php?rest_route=%2Fwp%2Fv2%2Fcomments&post=23710"}],"version-history":[{"count":17,"href":"https:\/\/www.primerbrief.com\/index.php?rest_route=\/wp\/v2\/posts\/23710\/revisions"}],"predecessor-version":[{"id":23738,"href":"https:\/\/www.primerbrief.com\/index.php?rest_route=\/wp\/v2\/posts\/23710\/revisions\/23738"}],"wp:featuredmedia":[{"embeddable":true,"href":"https:\/\/www.primerbrief.com\/index.php?rest_route=\/wp\/v2\/media\/23737"}],"wp:attachment":[{"href":"https:\/\/www.primerbrief.com\/index.php?rest_route=%2Fwp%2Fv2%2Fmedia&parent=23710"}],"wp:term":[{"taxonomy":"category","embeddable":true,"href":"https:\/\/www.primerbrief.com\/index.php?rest_route=%2Fwp%2Fv2%2Fcategories&post=23710"},{"taxonomy":"post_tag","embeddable":true,"href":"https:\/\/www.primerbrief.com\/index.php?rest_route=%2Fwp%2Fv2%2Ftags&post=23710"}],"curies":[{"name":"wp","href":"https:\/\/api.w.org\/{rel}","templated":true}]}}