{"id":23822,"date":"2014-03-20T03:59:12","date_gmt":"2014-03-20T06:59:12","guid":{"rendered":"http:\/\/www.primerbrief.com\/?p=23822"},"modified":"2014-03-20T12:20:59","modified_gmt":"2014-03-20T15:20:59","slug":"aap033-la-vida-por-los-colores","status":"publish","type":"post","link":"https:\/\/www.primerbrief.com\/?p=23822","title":{"rendered":"AAP#033: La vida por los colores"},"content":{"rendered":"<p><img loading=\"lazy\" decoding=\"async\" src=\"http:\/\/www.primerbrief.com\/wp-content\/uploads\/2012\/02\/TLOTL.jpg\" alt=\"\" title=\"TLOTL\" width=\"135\" height=\"215\" class=\"alignleft size-full wp-image-17502\" style=\"margin: 0px 10px 0px 0px\" \/><span style=\"font-size: 11pt\"><strong>(ARGENTINA) &#8211; El colorido brasile\u00f1o que inspir\u00f3 a Roberto Pollio a escribir la columna de hoy nunca queda mejor expresado que en las infinitas series de la marca Havaianas, las ojotas creadas en 1962 por el escoc\u00e9s Robert Fraser y que, desde que la marca fuera adquirida por Alpargatas Brasil, invadi\u00f3 el mundo entero con 150 millones de pares multicolores vendidos al a\u00f1o. Director de arte y profe de la <a href=\"http:\/\/isp.aapublicidad.org.ar\" onclick=\"_gaq.push(['_trackEvent', 'outbound-article', 'http:\/\/isp.aapublicidad.org.ar', 'AAP']);\" target=\"_blank\">AAP<\/a>, Pollio sostiene que la publicidad se aprende y se hace de mucho m\u00e1s que de ver publicidad. \u00a1La inspiraci\u00f3n est\u00e1 en todos lados! Por eso, cada edici\u00f3n de The Lord of the Links trae una Asociaci\u00f3n Absolutamente Personal (AAP). La idea es comprobar, con ejemplos peque\u00f1os y simples, que todo est\u00e1 interconectado y que, como creativos, nuestra misi\u00f3n es no dejar pasar nada: probarlo, devorarlo e incorporarlo para, como dec\u00eda Eug\u00eanio Mohallem en su <a href=\"http:\/\/www.primerbrief.com\/?p=15984\" onclick=\"_gaq.push(['_trackEvent', 'outbound-article-int', 'http:\/\/www.primerbrief.com\/?p=15984', 'Manual del trainee']);\" target=\"_blank\">Manual del trainee<\/a>, cargar la bater\u00eda durante toda la vida.<\/strong><\/span><\/p>\n<p style=\"clear:left;\">\n<p><iframe loading=\"lazy\" width=\"580\" height=\"326\" src=\"\/\/www.youtube.com\/embed\/VyglQSHRNro\" frameborder=\"0\" allowfullscreen><\/iframe><br \/>\n<em>Havaianas, todo un s\u00edmbolo de Brasi, el verano y su interminable colorido, realiz\u00f3 para la temporada de verano 2009\/2010 esta acci\u00f3n a lo grande (como no podia ser de otra forma) en diferentes playas del pa\u00eds. Obra de Almap BBDO agencia que atiende Havaianas desde siempre, esta espectacular producci\u00f3n (adem\u00e1s de llamar la atenci\u00f3n de todos los veranenantes, claro) sirvi\u00f3 para realizar tomas fotogr\u00e1ficas que se transformaron luego en la campa\u00f1a gr\u00e1fica, v\u00eda p\u00fablica e internet durante toda esa temporada.<\/em><\/p>\n<p>&nbsp;<br \/>\n<a href=\"http:\/\/www.primerbrief.com\/wp-content\/uploads\/2012\/02\/ARG-RobertoPollioTheLordOfTheLinks-GR.jpg\" onclick=\"_gaq.push(['_trackEvent', 'outbound-article-int', 'http:\/\/www.primerbrief.com\/wp-content\/uploads\/2012\/02\/ARG-RobertoPollioTheLordOfTheLinks-GR.jpg', '']);\" ><img loading=\"lazy\" decoding=\"async\" src=\"http:\/\/www.primerbrief.com\/wp-content\/uploads\/2012\/02\/ARG-RobertoPollioTheLordOfTheLinks-60x60px.jpg\" alt=\"\" title=\"ARG-RobertoPollioTheLordOfTheLinks-60x60px\" width=\"60\" height=\"60\" class=\"alignleft size-full wp-image-17503\" style=\"margin: 0px 10px 0px 0px\" \/><\/a><\/a><strong>POR <a href=\"http:\/\/www.primerbrief.com\/?tag=roberto-pollio-argentina\" onclick=\"_gaq.push(['_trackEvent', 'outbound-article-int', 'http:\/\/www.primerbrief.com\/?tag=roberto-pollio-argentina', 'ROBERTO POLLIO']);\" target=\"_blank\">ROBERTO POLLIO<\/a><\/strong><br \/>\n<em>Director de arte y profesor de la AAP<\/em><\/p>\n<p style=\"clear:left;\">\n<p>&nbsp;<br \/>\n<strong>SOUNDTRACK DE LA NOTA<\/strong><br \/>\n<!-- Dewplayer Begin--><object type=\"application\/x-shockwave-flash\" data=\"https:\/\/www.primerbrief.com\/wp-content\/plugins\/dewplayer-flash-mp3-player\/dewplayer.swf?mp3=http:\/\/www.primerbrief.com\/wp-content\/themes\/magzimus\/music\/1969-ElisReginaTootsThielemans-AquarelaDoBrasil.mp3&amp;bgcolor=FFFFFF\" width=\"200\" height=\"20\"><param name=\"bgcolor\" value=\"FFFFFF\" \/><param name=\"movie\" value=\"https:\/\/www.primerbrief.com\/wp-content\/plugins\/dewplayer-flash-mp3-player\/dewplayer.swf?mp3=http:\/\/www.primerbrief.com\/wp-content\/themes\/magzimus\/music\/1969-ElisReginaTootsThielemans-AquarelaDoBrasil.mp3&amp;bgcolor=FFFFFF\" \/><\/object><!-- Dewplayer End--><br \/>\n<em>\u00abAquarela do Brasil\u00bb, Elis Regina + Toots Thielemans, 1969.<\/em><\/p>\n<p>&nbsp;<br \/>\nUna semanita en Brasil me bast\u00f3 para descubrir sobre qu\u00e9 linkear en esta AAP. Desde su bandera misma, que all\u00e1 no deja de aparecer por todos lados, el pa\u00eds carioca es un espect\u00e1culo desbordante de color. Mires para donde mires, ya sea en una playa o adentro de un supermercado, siempre vas a encontrarte con paletas incre\u00edblemente ricas y variadas. Seguramente por el Mundial de F\u00fatbol que se avecina (supongo que no hace falta que diga d\u00f3nde se juega), ser\u00e1 que el color me transport\u00f3 hacia el R\u00edo de la Plata y, m\u00e1s precisamente, a la particular leyenda de la camiseta del Club Atl\u00e9tico San Telmo (actualmente en la Primera C), que cuenta que su camiseta original fue azul y blanca, pero despu\u00e9s de utilizarse en el primer partido oficial (disputado entre lluvia y barro) el azul desti\u00f1\u00f3 y esa nueva combinaci\u00f3n (azul y celeste) se transform\u00f3 para siempre en los colores del club.<\/p>\n<p><img loading=\"lazy\" decoding=\"async\" src=\"http:\/\/www.primerbrief.com\/wp-content\/uploads\/2014\/03\/ARG-SanTelmoCentenario-580px.jpg\" width=\"580\" height=\"199\" class=\"alignleft size-full wp-image-23825\" srcset=\"https:\/\/www.primerbrief.com\/wp-content\/uploads\/2014\/03\/ARG-SanTelmoCentenario-580px.jpg 580w, https:\/\/www.primerbrief.com\/wp-content\/uploads\/2014\/03\/ARG-SanTelmoCentenario-580px-300x102.jpg 300w\" sizes=\"auto, (max-width: 580px) 100vw, 580px\" \/><br \/>\n<em>No tan casualmente para The Lord Of The Links, el 5 de marzo pasado el \u201ccandombero\u201d (que fue fundado en 1904 por Francisco Pantarotto, bajo el nombre de San Telmo Football Club) cumpli\u00f3 110 a\u00f1os de vida. En la imagen puede verse el escudo original y el actual, con la versi\u00f3n aniversario en el centro.<\/em><\/p>\n<p>&nbsp;<br \/>\nLas franjas de la camiseta me recuerdan ahora un proyecto interesant\u00edsimo realizado por Mariano Favetto, gracias a quien pude saborear un alfajor Havanna en Cannes el a\u00f1o pasado (perd\u00f3n, pero es un gran recuerdo: \u00a1ten\u00eda que contarlo!). Bueno, sigamos: no quiero explicar demasiado para no arruinarte la sorpresa, pero s\u00ed puedo decirte que, entre otras tantas cosas, en estas im\u00e1genes se pone de manifiesto el impresionante poder de los colores y c\u00f3mo incentivan la imaginaci\u00f3n. S\u00f3lo mir\u00e1 estos dos ejemplos y dejate llevar.<\/p>\n<p><a href=\"http:\/\/www.primerbrief.com\/wp-content\/uploads\/2014\/03\/ARG-OnePixel-PorMarianoFavetto-MonaLisaDoraMaar-GR.gif\" onclick=\"_gaq.push(['_trackEvent', 'outbound-article-int', 'http:\/\/www.primerbrief.com\/wp-content\/uploads\/2014\/03\/ARG-OnePixel-PorMarianoFavetto-MonaLisaDoraMaar-GR.gif', '']);\" ><img loading=\"lazy\" decoding=\"async\" src=\"http:\/\/www.primerbrief.com\/wp-content\/uploads\/2014\/03\/ARG-OnePixel-PorMarianoFavetto-MonaLisaDoraMaar-580px.gif\" width=\"580\" height=\"431\" class=\"alignleft size-full wp-image-23826\" srcset=\"https:\/\/www.primerbrief.com\/wp-content\/uploads\/2014\/03\/ARG-OnePixel-PorMarianoFavetto-MonaLisaDoraMaar-580px.gif 580w, https:\/\/www.primerbrief.com\/wp-content\/uploads\/2014\/03\/ARG-OnePixel-PorMarianoFavetto-MonaLisaDoraMaar-580px-300x222.gif 300w\" sizes=\"auto, (max-width: 580px) 100vw, 580px\" \/><\/a><br \/>\n<em>Lo que hizo Favetto, director de arte publicitario argentino con experiencia en distintas sedes del mundo de Saatchi &#038; Saatchi, fue elegir algunas obras de arte ic\u00f3nicas, tomar de cada un pixel en el sentido vertical y, finalmente, repetirlo sin modificaciones hacia los costados. Casi podr\u00eda repetir, \u00e9l mismo, lo que alguna vez dijo Claude Monet: \u201cEl color es mi obsesi\u00f3n diaria, la alegr\u00eda y el tormento\u201d.<\/em><\/p>\n<p>&nbsp;<br \/>\nNo es extra\u00f1o que, despu\u00e9s de ver estos pixeles estirados armando estas hermosas paletas de color, te hable ahora de la empresa que m\u00e1s sabe de color: Pantone, quienes en 1963 crearon el primer sistema de identificaci\u00f3n crom\u00e1tica del mundo, llamado Pantone Matching System (PMS), que es palabra santa para las artes gr\u00e1ficas. Contiene diferentes gu\u00edas en las que cada color se describe por una numeraci\u00f3n y unas siglas en funci\u00f3n de la superficie o material en el que se va a aplicar el color. Hoy, habi\u00e9ndose ampliado a otros sectores como dise\u00f1o web, textiles y pl\u00e1sticos,  podr\u00eda decirse  que hay un Pantone para cada color que existen el mundo.<\/p>\n<p><a href=\"http:\/\/www.primerbrief.com\/wp-content\/uploads\/2014\/03\/PantoneQueen-GR.jpg\" onclick=\"_gaq.push(['_trackEvent', 'outbound-article-int', 'http:\/\/www.primerbrief.com\/wp-content\/uploads\/2014\/03\/PantoneQueen-GR.jpg', '']);\" ><img loading=\"lazy\" decoding=\"async\" src=\"http:\/\/www.primerbrief.com\/wp-content\/uploads\/2014\/03\/PantoneQueen-580px.jpg\" width=\"580\" height=\"411\" class=\"alignleft size-full wp-image-23828\" srcset=\"https:\/\/www.primerbrief.com\/wp-content\/uploads\/2014\/03\/PantoneQueen-580px.jpg 580w, https:\/\/www.primerbrief.com\/wp-content\/uploads\/2014\/03\/PantoneQueen-580px-300x212.jpg 300w\" sizes=\"auto, (max-width: 580px) 100vw, 580px\" \/><\/a><br \/>\n<em>El a\u00f1o pasado, con motivo de la celebraci\u00f3n de los 60 a\u00f1os de Pantone, esta acci\u00f3n llamada \u2018Pantone Queen\u2019 se llev\u00f3 un bronze en la categr\u00eda Direct de Cannes Lions. Se trata de una \u2018pantonera\u2019 edici\u00f3n limitada que cont\u00f3 con la autorizaci\u00f3n de la reina Elizabeth II y en la que se detallan 60 de sus famosos trajes, con la indicaci\u00f3n  exacta del Pantone al que corresponde cada uno, como as\u00ed tambi\u00e9n la fecha y el lugar exactos en que los visti\u00f3 a trav\u00e9s de los 60 a\u00f1os de su reinado.<\/em><\/p>\n<p>&nbsp;<br \/>\nHablando de publicidad y de la reina Elizabeth, qu\u00e9 mejor que esta joyita de Fallon Londres, obra del creativo argentino Juan Cabral en su exitoso paso por esa agencia. <em>Balls<\/em> fue el primer comercial de la serie <em>Colour like no other<\/em> (los otros dos son <em>Paint<\/em> y <em>Play-Doh<\/em>) y marc\u00f3 el lanzamiento del televisor Sony Bravia LCD a nivel mundial. \u00a1Adem\u00e1s de alzar un le\u00f3n de oro en Cannes edici\u00f3n 2006!<\/p>\n<p><iframe loading=\"lazy\" width=\"580\" height=\"326\" src=\"\/\/www.youtube.com\/embed\/-zOrV-5vh1A\" frameborder=\"0\" allowfullscreen><\/iframe><br \/>\n<em> Si te quedaste con gan\u00e1s de m\u00e1s no te pierdas este otro <a href=\"https:\/\/www.youtube.com\/watch?v=4KPjWZQ1lp0\" onclick=\"_gaq.push(['_trackEvent', 'outbound-article', 'https:\/\/www.youtube.com\/watch?v=4KPjWZQ1lp0', 'making off']);\" target=\"_blank\">making off<\/a>, que revolucion\u00f3 a la ciudad de San Francisco durante su filmaci\u00f3n. Para rodarlo, la agencia tuvo que discutir durante meses con las autoridades civiles y policiales, ya que lanzaron con ca\u00f1ones 250 mil bolas multicolores por las calles de esa ciudad estadounidense.<\/em><\/p>\n<p>&nbsp;<br \/>\nComo bien sabr\u00e1s, la idea de este espacio, entre otras cosas, es que vos descubras cosas nuevas, les des nuevos significados y valores el poder de observaci\u00f3n y la asociaci\u00f3n de ideas. Eso est\u00e1 claro, pero de vez en cuando (al igual que sucede con la docencia) a m\u00ed tambi\u00e9n me pasa que descubro y es una de las cosas m\u00e1s divertidas que me brinda TLOTL. Hoy es uno de esos d\u00edas, ya que de tanto hablar de color me puse a pensar sobre el mito de la visi\u00f3n de los animales, investigu\u00e9 un poco y resulta que, al final, \u00a1s\u00ed ven colores! En una gama diferente a la nuestra, bastante m\u00e1s acotada, pero en colores al fin. De todas formas, la destrucci\u00f3n del mito de que los perros ven en blanco y negro no va a impedir que me despida con este gran momento de Los Simpsons. \u00a1Ah\u00ed se ven, babosos!<\/p>\n<p><iframe loading=\"lazy\" width=\"580\" height=\"435\" src=\"\/\/www.youtube.com\/embed\/DxG4noblR6g\" frameborder=\"0\" allowfullscreen><\/iframe><br \/>\n<em>Escenas pertenecientes al cap\u00edtulo 29 de la 2da temporada, emitido originalmente el 17 de marzo de 1991 y  titulado por estos lados del mundo \u201cEl perro de Bart reprueba\u201d: en ellas vemos c\u00f3mo supuestamente ve a sus due\u00f1os el simp\u00e1tico \u201cHuesos\u201d.<\/em><\/p>\n<p>&nbsp;<\/p>\n<div align=\"right\"><span style=\"font-size: 11pt\"><strong>\u2605\u2605\u2605\u2605\u2605\u2605\u2605 TLOTL<br \/>\n<a href=\"mailto:thelordofthelinks@primerbrief.com\" onclick=\"_gaq.push(['_trackEvent','mailto','thelordofthelinks@primerbrief.com']);\" >thelordofthelinks@primerbrief.com<\/a><\/strong><\/span><\/div>\n<p>&nbsp;<br \/>\n&nbsp;<\/p>\n","protected":false},"excerpt":{"rendered":"<p>(ARGENTINA) &#8211; El colorido brasile\u00f1o que inspir\u00f3 a Roberto Pollio a escribir la columna de hoy nunca queda mejor expresado que en las infinitas series de la marca Havaianas, las ojotas creadas en 1962 por el escoc\u00e9s Robert Fraser y que, desde que la marca fuera adquirida por Alpargatas Brasil, invadi\u00f3 el mundo entero con 150 millones de pares multicolores [&hellip;]<\/p>\n","protected":false},"author":3,"featured_media":23823,"comment_status":"open","ping_status":"open","sticky":false,"template":"","format":"standard","meta":{"footnotes":""},"categories":[2295],"tags":[26,1401,3268,3263,3271,3220,3264,3275,3267,539,3266,3269,3270,748,3273,3265,3272,3274],"class_list":["post-23822","post","type-post","status-publish","format-standard","has-post-thumbnail","hentry","category-the-lord-of-the-links","tag-argentina","tag-cannes-lions","tag-claude-monet-francia","tag-club-atletico-san-telmo-argentina","tag-elizabeth-ii-inglaterra","tag-fallon-londres-inglaterra","tag-francisco-pantarotto-argentina","tag-havaianas-brasil","tag-havanna-argentina","tag-juan-cabral-argentina","tag-mariano-favetto-argentina","tag-pantone","tag-pantone-matching-system-pms","tag-roberto-pollio-argentina","tag-san-francisco-estados-unidos","tag-san-telmo-football-club-argentina","tag-sony-bravia-lcd","tag-the-simpsons"],"_links":{"self":[{"href":"https:\/\/www.primerbrief.com\/index.php?rest_route=\/wp\/v2\/posts\/23822","targetHints":{"allow":["GET"]}}],"collection":[{"href":"https:\/\/www.primerbrief.com\/index.php?rest_route=\/wp\/v2\/posts"}],"about":[{"href":"https:\/\/www.primerbrief.com\/index.php?rest_route=\/wp\/v2\/types\/post"}],"author":[{"embeddable":true,"href":"https:\/\/www.primerbrief.com\/index.php?rest_route=\/wp\/v2\/users\/3"}],"replies":[{"embeddable":true,"href":"https:\/\/www.primerbrief.com\/index.php?rest_route=%2Fwp%2Fv2%2Fcomments&post=23822"}],"version-history":[{"count":3,"href":"https:\/\/www.primerbrief.com\/index.php?rest_route=\/wp\/v2\/posts\/23822\/revisions"}],"predecessor-version":[{"id":23831,"href":"https:\/\/www.primerbrief.com\/index.php?rest_route=\/wp\/v2\/posts\/23822\/revisions\/23831"}],"wp:featuredmedia":[{"embeddable":true,"href":"https:\/\/www.primerbrief.com\/index.php?rest_route=\/wp\/v2\/media\/23823"}],"wp:attachment":[{"href":"https:\/\/www.primerbrief.com\/index.php?rest_route=%2Fwp%2Fv2%2Fmedia&parent=23822"}],"wp:term":[{"taxonomy":"category","embeddable":true,"href":"https:\/\/www.primerbrief.com\/index.php?rest_route=%2Fwp%2Fv2%2Fcategories&post=23822"},{"taxonomy":"post_tag","embeddable":true,"href":"https:\/\/www.primerbrief.com\/index.php?rest_route=%2Fwp%2Fv2%2Ftags&post=23822"}],"curies":[{"name":"wp","href":"https:\/\/api.w.org\/{rel}","templated":true}]}}