{"id":23851,"date":"2014-04-01T03:59:54","date_gmt":"2014-04-01T06:59:54","guid":{"rendered":"http:\/\/www.primerbrief.com\/?p=23851"},"modified":"2014-04-01T15:55:15","modified_gmt":"2014-04-01T18:55:15","slug":"virna-bottaro-denles-una-chance-a-las-empresas","status":"publish","type":"post","link":"https:\/\/www.primerbrief.com\/?p=23851","title":{"rendered":"Virna Bottaro: \u00abD\u00e9nles una chance a las empresas\u00bb"},"content":{"rendered":"<p><span style=\"font-size: 11pt\"><strong>(ARGENTINA) &#8211; Virna Bottaro es estudiante de publicidad de la <a href=\"http:\/\/www.unimoron.edu.ar\/Home\/CarrerasCAR\/GradoCAR\/tabid\/256\/Default.aspx\" onclick=\"_gaq.push(['_trackEvent', 'outbound-article', 'http:\/\/www.unimoron.edu.ar\/Home\/CarrerasCAR\/GradoCAR\/tabid\/256\/Default.aspx', 'Universidad de Mor\u00f3n']);\" target=\"_blank\">Universidad de Mor\u00f3n<\/a>. Mientras cursa el cuarto a\u00f1o tiene el gusto (en todos los sentidos de la palabra) de trabajar en el \u00e1rea de marketing y publicidad para la empresa de alfajores Jorgito: entr\u00f3 hace menos de un mes, el jueves 6 de marzo. En esta entrevista Vir cuenta su experiencia. \u00bfSu gran aporte? Que no hay que perder de vista a las empresas.<\/strong><\/span><\/p>\n<p><a href=\"http:\/\/www.primerbrief.com\/wp-content\/uploads\/2014\/04\/ARG-VirnaBottaro-MarketingJorgito-Foto3-GR.jpg\" onclick=\"_gaq.push(['_trackEvent', 'outbound-article-int', 'http:\/\/www.primerbrief.com\/wp-content\/uploads\/2014\/04\/ARG-VirnaBottaro-MarketingJorgito-Foto3-GR.jpg', '']);\" ><img loading=\"lazy\" decoding=\"async\" src=\"http:\/\/www.primerbrief.com\/wp-content\/uploads\/2014\/04\/ARG-VirnaBottaro-MarketingJorgito-Foto3-580px.jpg\" width=\"580\" height=\"310\" class=\"alignleft size-full wp-image-23854\" srcset=\"https:\/\/www.primerbrief.com\/wp-content\/uploads\/2014\/04\/ARG-VirnaBottaro-MarketingJorgito-Foto3-580px.jpg 580w, https:\/\/www.primerbrief.com\/wp-content\/uploads\/2014\/04\/ARG-VirnaBottaro-MarketingJorgito-Foto3-580px-300x160.jpg 300w\" sizes=\"auto, (max-width: 580px) 100vw, 580px\" \/><\/a><br \/>\n<em>Virna, fotografiada ayer en Alfajores Jorgito: \u00bb Entrar a trabajar ac\u00e1 me abri\u00f3 un mont\u00f3n la cabeza\u00bb. (Fotos: Gentileza VB)<\/em><\/p>\n<p>&nbsp;<br \/>\n<a href=\"http:\/\/www.primerbrief.com\/wp-content\/uploads\/2012\/10\/staff-leo1.jpg\" onclick=\"_gaq.push(['_trackEvent', 'outbound-article-int', 'http:\/\/www.primerbrief.com\/wp-content\/uploads\/2012\/10\/staff-leo1.jpg', '']);\" target=\"_blank\"><img loading=\"lazy\" decoding=\"async\" src=\"http:\/\/www.primerbrief.com\/wp-content\/uploads\/2012\/10\/staff-leo1-100x100px.jpg\" width=\"60\" height=\"60\" class=\"alignleft size-full wp-image-4110\" style=\"margin: 0px 10px 0px 0px\" \/><\/a><strong>POR <a href=\"http:\/\/www.primerbrief.com\/?tag=leo-vignati-argentina\" onclick=\"_gaq.push(['_trackEvent', 'outbound-article-int', 'http:\/\/www.primerbrief.com\/?tag=leo-vignati-argentina', 'LEO VIGNATI']);\" target=\"_blank\">LEO VIGNATI<\/a><\/strong><br \/>\nEstudiante de publicidad en la Universidad de Mor\u00f3n<br \/>\n<em>Redacci\u00f3n especial para PB<\/em><\/p>\n<p style=\"clear:left;\">\n<p>&nbsp;<br \/>\n<b>\u2014\u00bfEn qu\u00e9 consiste el puesto al que llegaste?<\/b><br \/>\n\u2014Mi tarea consiste en varias cosas, podr\u00eda decirse que soy producci\u00f3n, medios y departamento creativo a la vez. Primeramente soy el nexo entre los medios y el director de marketing de la empresa. Es decir, soy el contacto directo de Jorgito con los diferentes medios de comunicaci\u00f3n y agencias. Cuando se decide lanzar una campa\u00f1a, debo pensar la idea, hacer varios bocetos y contactarme con la agencia que produce los anuncios. Lo importante es elegir los medios adecuados al p\u00fablico y los valores m\u00e1s convenientes. Por otra parte, tambi\u00e9n debo organizar las exposiciones y eventos donde pueda estar presente la marca. Adem\u00e1s de hacer el dise\u00f1o de los stands para las exposiciones, tambi\u00e9n debo planificar varias ideas que tengan que ver con la tem\u00e1tica del evento en que se est\u00e1 participando. Por otra parte, tengo que estar en constante relaci\u00f3n con el <em>community manager<\/em> y juntos decidir qu\u00e9 se coloca y qu\u00e9 no en la <a href=\"https:\/\/www.facebook.com\/elnombredelalfajor\" onclick=\"_gaq.push(['_trackEvent', 'outbound-article', 'https:\/\/www.facebook.com\/elnombredelalfajor', 'fanpage']);\" target=\"_blank\">fanpage<\/a> y en <a href=\"https:\/\/twitter.com\/alfajorjorgito_\" onclick=\"_gaq.push(['_trackEvent', 'outbound-article', 'https:\/\/twitter.com\/alfajorjorgito_', 'Twitter']);\" target=\"_blank\">Twitter<\/a>. En resumen, soy responsable de todo lo que tenga que ver con la presencia de marca.<\/p>\n<p><b>\u2014\u00bfC\u00f3mo lograste entrar a trabajar?<\/b><br \/>\n\u2014\u00a1La verdad, todav\u00eda no s\u00e9 c\u00f3mo entr\u00e9, jaja! Yo hace rato que ven\u00eda buscando trabajo y un d\u00eda me llamaron de una consultora para ofrecerme este puesto. \u00a1Y yo no sab\u00eda ni de qu\u00e9 consultora me estaban hablando ni de qu\u00e9 puesto! Primero tuve la entrevista en la agencia y luego vine a una entrevista directamente a la empresa, y qued\u00e9. Podr\u00eda decirse que el llamado me cay\u00f3 del cielo.<\/p>\n<p><b>\u2014\u00bfQu\u00e9 fue lo primero que pensaste cuando te confirmaron el puesto?<\/b><br \/>\n\u2014\u00a1Que era la mujer m\u00e1s feliz del mundo! Por primera vez iba a tener contacto con lo que estoy estudiando hace ya cuatro a\u00f1os, y encima despu\u00e9s de haber buscado laburo desesperadamente por m\u00e1s de un a\u00f1o. Por suerte, despu\u00e9s de la entrevista me llamaron al toque, y bueno, ac\u00e1 estoy. Tengo muchas energ\u00edas y buenas ideas para implementar as\u00ed que \u00a1adelante!<\/p>\n<p><b>\u2014\u00bfQu\u00e9 fue lo que m\u00e1s te sorprendi\u00f3 de este trabajo?<\/b><br \/>\n\u2014La libertad que tengo para poder trabajar. Por suerte no tengo un jefe que me est\u00e9 corriendo ni apurando. \u00a1Eso es lo m\u00e1s! Obviamente todav\u00eda estamos en temporada baja, as\u00ed que el trabajo por ahora es bastante <em>light<\/em>. Pero espero ansiosa la temporada alta, que va aproximadamente de abril a septiembre, porque s\u00e9 que entonces voy a trabajar a full.<\/p>\n<p><a href=\"http:\/\/www.primerbrief.com\/wp-content\/uploads\/2014\/04\/ARG-VirnaBottaro-MarketingJorgito-Foto4-GR.jpg\" onclick=\"_gaq.push(['_trackEvent', 'outbound-article-int', 'http:\/\/www.primerbrief.com\/wp-content\/uploads\/2014\/04\/ARG-VirnaBottaro-MarketingJorgito-Foto4-GR.jpg', '']);\" ><img loading=\"lazy\" decoding=\"async\" src=\"http:\/\/www.primerbrief.com\/wp-content\/uploads\/2014\/04\/ARG-VirnaBottaro-MarketingJorgito-Foto4-580px.jpg\" width=\"580\" height=\"319\" class=\"alignleft size-full wp-image-23856\" srcset=\"https:\/\/www.primerbrief.com\/wp-content\/uploads\/2014\/04\/ARG-VirnaBottaro-MarketingJorgito-Foto4-580px.jpg 580w, https:\/\/www.primerbrief.com\/wp-content\/uploads\/2014\/04\/ARG-VirnaBottaro-MarketingJorgito-Foto4-580px-300x165.jpg 300w\" sizes=\"auto, (max-width: 580px) 100vw, 580px\" \/><\/a><br \/>\n<em>\u00abYo hace rato que ven\u00eda buscando trabajo y un d\u00eda me llamaron de una consultora para ofrecerme este puesto\u00bb, cuenta Virna.<\/em><\/p>\n<p>&nbsp;<br \/>\n<b>\u2014\u00bfD\u00f3nde te imagin\u00e1s trabajando de ac\u00e1 a un tiempo?<\/b><br \/>\n\u2014En cualquier lugar donde pueda volcar mi buena predisposici\u00f3n, mis ideas y mis conocimientos sobre la carrera que tanto amo.<\/p>\n<p><b>\u2014\u00bfQu\u00e9 es lo que m\u00e1s te gusta de la publicidad?<\/b><br \/>\n\u2014Que es infinita. Nunca termin\u00e1s de saber todo acerca de la publicidad. Entrar a trabajar ac\u00e1 me abri\u00f3 un mont\u00f3n la cabeza y siempre estoy aprendiendo cosas nuevas e investigando nuevas tendencias. Con respecto a los temas que abarca la publicidad, siempre me interes\u00f3 mucho m\u00e1s la publicidad de bien p\u00fablico y c\u00f3mo puede influir positivamente en las personas. Para m\u00ed es una herramienta de la publicidad, pero utilizada para ayudar a hacer un mundo mejor, con una sociedad m\u00e1s solidaria y responsable. Borges dijo en una entrevista: \u00abYo creo que, cuando uno escribe, uno tiene la esperanza de que la obra sobreviva\u00bb. Yo creo y quiero lo mismo. Si me pongo a pensarlo un segundo, quiero irme de este mundo habiendo dejado algo bueno para los que est\u00e9n y los que vengan despu\u00e9s. Es por eso que me apasiona la publicidad de bien p\u00fablico, y eso es lo que m\u00e1s me gusta de la publicidad.<\/p>\n<p><b>\u2014\u00bfQu\u00e9 consejo les das a los estudiantes de publicidad que est\u00e1n buscando trabajo?<\/b><br \/>\n\u2014El primer consejo que les doy, que es respecto a la carrera m\u00e1s que a la b\u00fasqueda laboral en s\u00ed, y creo que es la base de todo publicista, es que sean curiosos. Lean mucho y variado, entren a p\u00e1ginas raras, est\u00e9n al tanto de todas las noticias y tendencias, entren a todos los sitios de publicidad que existan. S\u00f3lo asi logr\u00e1s inspiraci\u00f3n y motivaci\u00f3n. No se queden s\u00f3lo con lo que les ense\u00f1an sus profesores, vayan m\u00e1s all\u00e1. El segundo consejo: yo s\u00e9 que casi todos los estudiantes deseamos profundamente entrar en una agencia y ser los mejores creativos, cuentas, redactores, etc. Pero d\u00e9nles una chance a las empresas. Hoy en d\u00eda es un poco dif\u00edcil entrar en una agencia de publicidad, honestamente. As\u00ed que recomiendo que tengan en cuenta la posibilidad de trabajar para una empresa. Al fin y al cabo, lo importante es hacer publicidad, \u00bfno?<br \/>\n&nbsp;<br \/>\n&nbsp;<\/p>\n","protected":false},"excerpt":{"rendered":"<p>(ARGENTINA) &#8211; Virna Bottaro es estudiante de publicidad de la Universidad de Mor\u00f3n. Mientras cursa el cuarto a\u00f1o tiene el gusto (en todos los sentidos de la palabra) de trabajar en el \u00e1rea de marketing y publicidad para la empresa de alfajores Jorgito: entr\u00f3 hace menos de un mes, el jueves 6 de marzo. En esta entrevista Vir cuenta su [&hellip;]<\/p>\n","protected":false},"author":3,"featured_media":23852,"comment_status":"open","ping_status":"open","sticky":false,"template":"","format":"standard","meta":{"footnotes":""},"categories":[46],"tags":[3278,26,1878,758,3277],"class_list":["post-23851","post","type-post","status-publish","format-standard","has-post-thumbnail","hentry","category-quien-es-quien","tag-alfajores-jorgito-argentina","tag-argentina","tag-leo-vignati-argentina","tag-universidad-de-moron-argentina","tag-virna-bottaro-argentina"],"_links":{"self":[{"href":"https:\/\/www.primerbrief.com\/index.php?rest_route=\/wp\/v2\/posts\/23851","targetHints":{"allow":["GET"]}}],"collection":[{"href":"https:\/\/www.primerbrief.com\/index.php?rest_route=\/wp\/v2\/posts"}],"about":[{"href":"https:\/\/www.primerbrief.com\/index.php?rest_route=\/wp\/v2\/types\/post"}],"author":[{"embeddable":true,"href":"https:\/\/www.primerbrief.com\/index.php?rest_route=\/wp\/v2\/users\/3"}],"replies":[{"embeddable":true,"href":"https:\/\/www.primerbrief.com\/index.php?rest_route=%2Fwp%2Fv2%2Fcomments&post=23851"}],"version-history":[{"count":2,"href":"https:\/\/www.primerbrief.com\/index.php?rest_route=\/wp\/v2\/posts\/23851\/revisions"}],"predecessor-version":[{"id":23859,"href":"https:\/\/www.primerbrief.com\/index.php?rest_route=\/wp\/v2\/posts\/23851\/revisions\/23859"}],"wp:featuredmedia":[{"embeddable":true,"href":"https:\/\/www.primerbrief.com\/index.php?rest_route=\/wp\/v2\/media\/23852"}],"wp:attachment":[{"href":"https:\/\/www.primerbrief.com\/index.php?rest_route=%2Fwp%2Fv2%2Fmedia&parent=23851"}],"wp:term":[{"taxonomy":"category","embeddable":true,"href":"https:\/\/www.primerbrief.com\/index.php?rest_route=%2Fwp%2Fv2%2Fcategories&post=23851"},{"taxonomy":"post_tag","embeddable":true,"href":"https:\/\/www.primerbrief.com\/index.php?rest_route=%2Fwp%2Fv2%2Ftags&post=23851"}],"curies":[{"name":"wp","href":"https:\/\/api.w.org\/{rel}","templated":true}]}}