{"id":23869,"date":"2014-04-08T03:59:34","date_gmt":"2014-04-08T06:59:34","guid":{"rendered":"http:\/\/www.primerbrief.com\/?p=23869"},"modified":"2014-04-08T10:02:28","modified_gmt":"2014-04-08T13:02:28","slug":"lara-monteagudo-cuenta-como-fue-su-primer-mes-trabajando-con-leo-sujatovich","status":"publish","type":"post","link":"https:\/\/www.primerbrief.com\/?p=23869","title":{"rendered":"Lara Monteagudo cuenta c\u00f3mo fue su primer mes trabajando con Leo Sujatovich"},"content":{"rendered":"<p><span style=\"font-size: 11pt\"><strong>(ARGENTINA) &#8211; No es cosa de todos los d\u00edas, para una egresada de creatividad publicitaria y direcci\u00f3n de arte, encontrarse de pronto trabajando codo a codo con un monstruo como <a href=\"http:\/\/es.wikipedia.org\/wiki\/Leo_Sujatovich\" onclick=\"_gaq.push(['_trackEvent', 'outbound-article', 'http:\/\/es.wikipedia.org\/wiki\/Leo_Sujatovich', 'Leo Sujatovich']);\" target=\"_blank\">Leo Sujatovich<\/a>. Y aunque lograr algo as\u00ed pueda no ser exactamente tu objetivo, vale la pena que sigas la muy breve historia que Lara Monteagudo tiene para contarte hoy.<\/strong><\/span><\/p>\n<p><a href=\"http:\/\/www.primerbrief.com\/wp-content\/uploads\/2014\/04\/ARG-LaraMonteagudoConLeo-1366px.jpg\" onclick=\"_gaq.push(['_trackEvent', 'outbound-article-int', 'http:\/\/www.primerbrief.com\/wp-content\/uploads\/2014\/04\/ARG-LaraMonteagudoConLeo-1366px.jpg', '']);\" ><img loading=\"lazy\" decoding=\"async\" src=\"http:\/\/www.primerbrief.com\/wp-content\/uploads\/2014\/04\/ARG-LaraMonteagudoConLeo-580px.jpg\" alt=\"\" title=\"Lara junto a Leo\" width=\"580\" height=\"345\" class=\"alignleft size-full wp-image-23872\" srcset=\"https:\/\/www.primerbrief.com\/wp-content\/uploads\/2014\/04\/ARG-LaraMonteagudoConLeo-580px.jpg 580w, https:\/\/www.primerbrief.com\/wp-content\/uploads\/2014\/04\/ARG-LaraMonteagudoConLeo-580px-300x178.jpg 300w\" sizes=\"auto, (max-width: 580px) 100vw, 580px\" \/><\/a><br \/>\n<em>Lara, aqu\u00ed fotografiada junto a Leo en una de las salas del estudio, cuenta orgullosa: \u00abM\u00e1gicamente se han fusionado todos mis conocimientos en un solo trabajo\u00bb. (Fotos: Gentileza LM)<\/em><\/p>\n<p>&nbsp;<br \/>\n<a href=\"http:\/\/www.primerbrief.com\/wp-content\/uploads\/2014\/04\/ARG-LaraMonteagudoEn2012-GR.jpg\" onclick=\"_gaq.push(['_trackEvent', 'outbound-article-int', 'http:\/\/www.primerbrief.com\/wp-content\/uploads\/2014\/04\/ARG-LaraMonteagudoEn2012-GR.jpg', '']);\" target=\"_blank\"><img loading=\"lazy\" decoding=\"async\" src=\"http:\/\/www.primerbrief.com\/wp-content\/uploads\/2014\/04\/ARG-LaraMonteagudoEn2012-60x60px.jpg\" width=\"60\" height=\"60\" class=\"alignleft size-full wp-image-4110\" style=\"margin: 0px 10px 0px 0px\" \/><\/a><strong>POR <a href=\"http:\/\/www.primerbrief.com\/?tag=lara-monteagudo-argentina\" onclick=\"_gaq.push(['_trackEvent', 'outbound-article-int', 'http:\/\/www.primerbrief.com\/?tag=lara-monteagudo-argentina', 'LARA MONTEAGUDO']);\" target=\"_blank\">LARA MONTEAGUDO<\/a><\/strong><br \/>\nEgresada de <a href=\"http:\/\/www.escuelaindustria.com\/\" onclick=\"_gaq.push(['_trackEvent', 'outbound-article', 'http:\/\/www.escuelaindustria.com\/', 'Escuela Industria']);\" target=\"_blank\">Escuela Industria<\/a> y de la <a href=\"http:\/\/www.escueladecreativos.com.ar\/content\/index.php\" onclick=\"_gaq.push(['_trackEvent', 'outbound-article', 'http:\/\/www.escueladecreativos.com.ar\/content\/index.php', 'Escuela Superior de Creativos Publicitarios']);\" target=\"_blank\">Escuela Superior de Creativos Publicitarios<\/a><br \/>\n<em>Redacci\u00f3n especial para PB<\/em><\/p>\n<p style=\"clear:left;\">\n<p>&nbsp;<br \/>\nMi nombre es Lara Monteagudo y tengo 22 a\u00f1os. Cuando estaba en cuarto a\u00f1o del colegio supe qu\u00e9 quer\u00eda estudiar: as\u00ed fue que al finalizar el secundario comenc\u00e9 a estudiar direcci\u00f3n de arte en Escuela Industria y, a la par, decidida a complementar mis conocimientos, fotograf\u00eda; luego continu\u00e9 mis estudios en la Escuela Superior de Creativos Publicitarios. <\/p>\n<p>Siempre cre\u00ed que entrar\u00eda en una agencia a trabajar en el sector creativo; pero con el tiempo me fui dando cuenta de que no era lo \u00fanico que me gustaba.<\/p>\n<p>Y hoy tengo la mejor prueba de ello, ya que hace un mes que estoy feliz trabajando en el \u00e1rea de cuentas y comunicaci\u00f3n de la productora de Leo Sujatovich, en donde m\u00e1gicamente se han fusionado todos mis conocimientos en un solo trabajo, combinados tambi\u00e9n con algo que me gusta mucho: la m\u00fasica. Adem\u00e1s, me siento muy c\u00f3moda, ya que el ambiente laboral es muy c\u00e1lido y familiar, algo que considero muy importante a la hora de decidir d\u00f3nde trabajar.<\/p>\n<p><a href=\"http:\/\/leosujatovich.com\/\" onclick=\"_gaq.push(['_trackEvent', 'outbound-article', 'http:\/\/leosujatovich.com\/', 'Leo Sujatovich M\u00fasica']);\" target=\"_blank\">Leo Sujatovich M\u00fasica<\/a> se dedica a la producci\u00f3n musical de comerciales. Mi rol en este trabajo es bastante vers\u00e1til y abarcativo, ya que su fundador no s\u00f3lo tiene una faceta publicitaria, sino que adem\u00e1s tiene una gran y premiada trayectoria musical: ha sido miembro de Spinetta Jade, productor de Fito P\u00e1ez, arreglador de Andr\u00e9s Calamaro, entre otros artistas. Es por ese motivo que, en mi primer d\u00eda, concurr\u00ed a una grabaci\u00f3n en homenaje a Spinetta y a la semana siguiente nos encontr\u00e1bamos en una reuni\u00f3n en una agencia de publicidad. Tambi\u00e9n me toca realizar tareas de dise\u00f1o y asesoramiento est\u00e9tico.<\/p>\n<p>Actualmente me encuentro trabajando en Las Jams de Leo, un ciclo de encuentros dedicado a todos los m\u00fasicos ocultos en el mundo publicitario, en las que se invita a todos los creativos, productores, cuentas, directores de cine y gente de marketing a juntarse para disfrutar de una noche en la que integrantes de agencias tocar\u00e1n con sus bandas o solos. Me estoy encargando de la gr\u00e1fica y parte de la organizaci\u00f3n del evento.<\/p>\n<p>A continuaci\u00f3n te dejo el flyer que acabo de terminar: esperamos a todos los que quieran sumarse.<\/p>\n<p><a href=\"http:\/\/www.primerbrief.com\/wp-content\/uploads\/2014\/04\/ARG-FlyerLasJamsDeLeo-GR.jpg\" onclick=\"_gaq.push(['_trackEvent', 'outbound-article-int', 'http:\/\/www.primerbrief.com\/wp-content\/uploads\/2014\/04\/ARG-FlyerLasJamsDeLeo-GR.jpg', '']);\" ><img loading=\"lazy\" decoding=\"async\" src=\"http:\/\/www.primerbrief.com\/wp-content\/uploads\/2014\/04\/ARG-FlyerLasJamsDeLeo-580px.jpg\" alt=\"\" title=\"Flyer de Las Jams de Leo\" width=\"580\" height=\"237\" class=\"alignleft size-full wp-image-23874\" srcset=\"https:\/\/www.primerbrief.com\/wp-content\/uploads\/2014\/04\/ARG-FlyerLasJamsDeLeo-580px.jpg 580w, https:\/\/www.primerbrief.com\/wp-content\/uploads\/2014\/04\/ARG-FlyerLasJamsDeLeo-580px-300x122.jpg 300w\" sizes=\"auto, (max-width: 580px) 100vw, 580px\" \/><\/a><br \/>\n&nbsp;<br \/>\n&nbsp;<\/p>\n","protected":false},"excerpt":{"rendered":"<p>(ARGENTINA) &#8211; No es cosa de todos los d\u00edas, para una egresada de creatividad publicitaria y direcci\u00f3n de arte, encontrarse de pronto trabajando codo a codo con un monstruo como Leo Sujatovich. Y aunque lograr algo as\u00ed pueda no ser exactamente tu objetivo, vale la pena que sigas la muy breve historia que Lara Monteagudo tiene para contarte hoy. Lara, [&hellip;]<\/p>\n","protected":false},"author":3,"featured_media":23870,"comment_status":"open","ping_status":"open","sticky":false,"template":"","format":"standard","meta":{"footnotes":""},"categories":[46],"tags":[26,339,23,200,2525],"class_list":["post-23869","post","type-post","status-publish","format-standard","has-post-thumbnail","hentry","category-quien-es-quien","tag-argentina","tag-escuela-industria-argentina","tag-escuela-superior-de-creativos-publicitarios-argentina","tag-lara-monteagudo-argentina","tag-leo-sujatovich-argentina"],"_links":{"self":[{"href":"https:\/\/www.primerbrief.com\/index.php?rest_route=\/wp\/v2\/posts\/23869","targetHints":{"allow":["GET"]}}],"collection":[{"href":"https:\/\/www.primerbrief.com\/index.php?rest_route=\/wp\/v2\/posts"}],"about":[{"href":"https:\/\/www.primerbrief.com\/index.php?rest_route=\/wp\/v2\/types\/post"}],"author":[{"embeddable":true,"href":"https:\/\/www.primerbrief.com\/index.php?rest_route=\/wp\/v2\/users\/3"}],"replies":[{"embeddable":true,"href":"https:\/\/www.primerbrief.com\/index.php?rest_route=%2Fwp%2Fv2%2Fcomments&post=23869"}],"version-history":[{"count":2,"href":"https:\/\/www.primerbrief.com\/index.php?rest_route=\/wp\/v2\/posts\/23869\/revisions"}],"predecessor-version":[{"id":23877,"href":"https:\/\/www.primerbrief.com\/index.php?rest_route=\/wp\/v2\/posts\/23869\/revisions\/23877"}],"wp:featuredmedia":[{"embeddable":true,"href":"https:\/\/www.primerbrief.com\/index.php?rest_route=\/wp\/v2\/media\/23870"}],"wp:attachment":[{"href":"https:\/\/www.primerbrief.com\/index.php?rest_route=%2Fwp%2Fv2%2Fmedia&parent=23869"}],"wp:term":[{"taxonomy":"category","embeddable":true,"href":"https:\/\/www.primerbrief.com\/index.php?rest_route=%2Fwp%2Fv2%2Fcategories&post=23869"},{"taxonomy":"post_tag","embeddable":true,"href":"https:\/\/www.primerbrief.com\/index.php?rest_route=%2Fwp%2Fv2%2Ftags&post=23869"}],"curies":[{"name":"wp","href":"https:\/\/api.w.org\/{rel}","templated":true}]}}