{"id":2389,"date":"2011-09-06T06:00:04","date_gmt":"2011-09-06T09:00:04","guid":{"rendered":"http:\/\/www.primerbrief.com\/?p=2389"},"modified":"2011-09-05T18:56:08","modified_gmt":"2011-09-05T21:56:08","slug":"ue-siglo-21-presenta-dircom","status":"publish","type":"post","link":"https:\/\/www.primerbrief.com\/?p=2389","title":{"rendered":"UE Siglo 21 presenta DirCom"},"content":{"rendered":"<p><span style=\"font-size: 11pt\"><strong>(ARGENTINA) &#8211; Este jueves y viernes, 8 y 9 de septiembre, la universidad albergar\u00e1 en su sede cordobesa una nueva edici\u00f3n del evento de relaciones p\u00fablicas y comunicaci\u00f3n institucional, con presencia de gerentes de Coca-Cola, Google y Toyota.<\/strong><\/span><\/p>\n<p><iframe loading=\"lazy\" width=\"580\" height=\"476\" src=\"http:\/\/www.youtube.com\/embed\/POVQKn04_Zo\" frameborder=\"0\" allowfullscreen><\/iframe><br \/>\n<em>\u00abA m\u00ed me parece que todo tiende a la convergencia\u00bb, afirma en este video Cristina Schwander, una de las organizadoras del evento.<\/em><\/p>\n<p>La tercera edici\u00f3n del evento que organiza la Universidad Empresarial Siglo 21 en conjunto con Radio Mitre de C\u00f3rdoba estar\u00e1 dividido en dos d\u00edas y, adem\u00e1s, en dos modalidades claramente diferenciadas: el jueves 8 ser\u00e1 el turno del congreso; y el viernes 9, de los <em>workshops<\/em>.<\/p>\n<p>Dirigido tanto a empresarios, gerentes y profesionales con responsabilidades en relaciones p\u00fablicas, comunicaci\u00f3n social, marketing y publicidad como a docentes y estudiantes universitarios de carreras afines, <\/p>\n<p>\u00abEn el marco actual en el que se hace cada vez m\u00e1s dif\u00edcil separar entre lo que es BTL, branding, marketing y relaciones p\u00fablicas, este nuevo congreso intentar\u00e1 generar un espacio para el debate y la reflexi\u00f3n sobre el nuevo rol de las comunicaciones \u2014aclar\u00f3 Cristina Schwander, dircom y secretaria general de relaciones institucionales y extensi\u00f3n de UES 21\u2014. La responsabilidad social, el <em>lobby<\/em>, las nuevas formas de comunicar y los temas clave de prensa ser\u00e1n algunas de las cuestiones que se tratar\u00e1n en esta tercera edici\u00f3n de DirCom, que nos ayudar\u00e1n a brindar herramientas para la correcta gesti\u00f3n de la comunicaci\u00f3n en empresas con alta visibilidad p\u00fablica\u00bb.<\/p>\n<p><u>JUEVES 8 DE SEPTIEMBRE: CONGRESO<\/u><br \/>\n08.30 Apertura: Juan Manuel Saieg, jefe de asuntos institucionales de ecogas y presidente de CIRCOM<br \/>\n08.45 <em>La innovaci\u00f3n social como acelerador de la transformaci\u00f3n<\/em>: Pilar Fourcade, coordinadora Latam del Fondo Danone Ecosystem.<br \/>\n10.00 <em>Toyota: comunicando la marca sustentable<\/em>: Eduardo Kronberg, gerente de relaciones p\u00fablicas y divisi\u00f3n de asuntos corporativos de Toyota Argentina.<br \/>\n12.00 <em>Blindaje de negocios: el rol estrat\u00e9gico de la comunicaci\u00f3n corporativa<\/em>: Juan Iramain, vicepresidente de asuntos p\u00fablicos y comunicaciones de The Coca-Cola Company para la regi\u00f3n Sur de Am\u00e9rica Latina.<br \/>\n15.00 <em>Lo que Google tiene para ense\u00f1arnos<\/em>: Victoria Campetella, manager corporate communications &#038; public affairs en Google.<br \/>\n17.00 <em>El Rol de la mentira en nuestra profesi\u00f3n<\/em>: Gustavo Pedace, presidente del Consejo de RRPP y gerente de relaciones institucionales del Grupo Roggio.<br \/>\n18.30 Cierre del Congreso y entrega de certificados<\/p>\n<p><u>VIERNES 9 DE SEPTIEMBRE: WORKSHOPS<\/u><br \/>\n10 a 15 hs <em>Comunicaciones en la web<\/em>: Marcelo Ulla, director de Smart Marketing, y Roberto Avilia, director Sede Nueva C\u00f3rdoba y director de capacitaci\u00f3n de la UES 21.<\/p>\n<div style=\" background-color:#F4F4F4; width:560px; float:left; padding:10px; margin-top:20px; margin-bottom:20px; border-top:solid 10px #CCCCCC; border-bottom:solid 10px #CCCCCC; line-height:16px; font-size:12px\">\n<img decoding=\"async\" style=\"width:560px; border-top:solid 0px; border-right:solid 0px; border-bottom:solid 0px; border-left:solid 0px; margin-bottom:10px; float:left\" src=\"http:\/\/www.primerbrief.com\/wp-content\/uploads\/2011\/07\/PB-RecuadroMasInfo.jpg\" \/><\/p>\n<p>Sede: Nueva C\u00f3rdoba (Ituzaing\u00f3 484, Ciudad de C\u00f3rdoba).<br \/>\nInternet: <a href=\"http:\/\/www.21.edu.ar\/eventos\" onclick=\"_gaq.push(['_trackEvent', 'outbound-article', 'http:\/\/www.21.edu.ar\/eventos', 'www.21.edu.ar\/eventos']);\" target=\"_blank\">www.21.edu.ar\/eventos<\/a><br \/>\nInformes e inscripci\u00f3n: 0810 555 0303<br \/>\nRedes sociales: <a href=\"http:\/\/www.facebook.com\/ues21\" onclick=\"_gaq.push(['_trackEvent', 'outbound-article', 'http:\/\/www.facebook.com\/ues21', 'www.facebook.com\/ues21']);\" target=\"_blank\">www.facebook.com\/ues21<\/a> y <a href=\"http:\/\/twitter.com\/uesiglo21\" onclick=\"_gaq.push(['_trackEvent', 'outbound-article', 'http:\/\/twitter.com\/uesiglo21', 'twitter.com\/uesiglo21']);\" target=\"_blank\">twitter.com\/uesiglo21<\/a>\n<\/div>\n","protected":false},"excerpt":{"rendered":"<p>(ARGENTINA) &#8211; Este jueves y viernes, 8 y 9 de septiembre, la universidad albergar\u00e1 en su sede cordobesa una nueva edici\u00f3n del evento de relaciones p\u00fablicas y comunicaci\u00f3n institucional, con presencia de gerentes de Coca-Cola, Google y Toyota. \u00abA m\u00ed me parece que todo tiende a la convergencia\u00bb, afirma en este video Cristina Schwander, una de las organizadoras del evento. [&hellip;]<\/p>\n","protected":false},"author":3,"featured_media":2390,"comment_status":"open","ping_status":"open","sticky":false,"template":"","format":"standard","meta":{"footnotes":""},"categories":[5],"tags":[26,303,301,302,300],"class_list":["post-2389","post","type-post","status-publish","format-standard","has-post-thumbnail","hentry","category-lugares-de-estudio","tag-argentina","tag-comunicacion-institucional","tag-dircom","tag-rr-pp","tag-ue-siglo-21-cordoba"],"_links":{"self":[{"href":"https:\/\/www.primerbrief.com\/index.php?rest_route=\/wp\/v2\/posts\/2389","targetHints":{"allow":["GET"]}}],"collection":[{"href":"https:\/\/www.primerbrief.com\/index.php?rest_route=\/wp\/v2\/posts"}],"about":[{"href":"https:\/\/www.primerbrief.com\/index.php?rest_route=\/wp\/v2\/types\/post"}],"author":[{"embeddable":true,"href":"https:\/\/www.primerbrief.com\/index.php?rest_route=\/wp\/v2\/users\/3"}],"replies":[{"embeddable":true,"href":"https:\/\/www.primerbrief.com\/index.php?rest_route=%2Fwp%2Fv2%2Fcomments&post=2389"}],"version-history":[{"count":4,"href":"https:\/\/www.primerbrief.com\/index.php?rest_route=\/wp\/v2\/posts\/2389\/revisions"}],"predecessor-version":[{"id":2394,"href":"https:\/\/www.primerbrief.com\/index.php?rest_route=\/wp\/v2\/posts\/2389\/revisions\/2394"}],"wp:featuredmedia":[{"embeddable":true,"href":"https:\/\/www.primerbrief.com\/index.php?rest_route=\/wp\/v2\/media\/2390"}],"wp:attachment":[{"href":"https:\/\/www.primerbrief.com\/index.php?rest_route=%2Fwp%2Fv2%2Fmedia&parent=2389"}],"wp:term":[{"taxonomy":"category","embeddable":true,"href":"https:\/\/www.primerbrief.com\/index.php?rest_route=%2Fwp%2Fv2%2Fcategories&post=2389"},{"taxonomy":"post_tag","embeddable":true,"href":"https:\/\/www.primerbrief.com\/index.php?rest_route=%2Fwp%2Fv2%2Ftags&post=2389"}],"curies":[{"name":"wp","href":"https:\/\/api.w.org\/{rel}","templated":true}]}}