{"id":24107,"date":"2014-06-24T03:59:09","date_gmt":"2014-06-24T06:59:09","guid":{"rendered":"http:\/\/www.primerbrief.com\/?p=24107"},"modified":"2014-06-24T11:18:46","modified_gmt":"2014-06-24T14:18:46","slug":"flavia-frigerio-flamante-asistente-de-planning-trabajar-en-ogilvy-es-como-un-sueno","status":"publish","type":"post","link":"https:\/\/www.primerbrief.com\/?p=24107","title":{"rendered":"Flavia Frigerio, flamante asistente de planning: \u00abTrabajar en Ogilvy es como un sue\u00f1o\u00bb"},"content":{"rendered":"<p><span style=\"font-size: 11pt\"><strong>(ARGENTINA) &#8211; Licenciada en Comunicaci\u00f3n Institucional por la <a href=\"http:\/\/www.ubp.edu.ar\/oferta-educativa\/comunicacion-institucional\/\" onclick=\"_gaq.push(['_trackEvent', 'outbound-article', 'http:\/\/www.ubp.edu.ar\/oferta-educativa\/comunicacion-institucional\/', 'Universidad Blas Pascal']);\" target=\"_blank\">Universidad Blas Pascal<\/a>, Flavia Frigerio supo \u2014seg\u00fan ella misma cuenta\u2014 que su sue\u00f1o estaba m\u00e1s cerca de lo que ella hab\u00eda supuesto el d\u00eda que, gracias a PRIMER BRIEF, gan\u00f3 la asistencia a un curso de Fernando Vega Olmos en la <a href=\"http:\/\/www.primerbrief.com\/?p=21900\" onclick=\"_gaq.push(['_trackEvent', 'outbound-article-int', 'http:\/\/www.primerbrief.com\/?p=21900', 'Miami Ad School de Buenos Aires']);\" target=\"_blank\">Miami Ad School de Buenos Aires<\/a>. Y as\u00ed fue: el lunes 12 de mayo empez\u00f3 a trabajar como asistente de planning en Ogilvy Buenos Aires. Ac\u00e1 cuenta en primera persona su breve historia.<\/strong><\/span><\/p>\n<p><a href=\"http:\/\/www.primerbrief.com\/wp-content\/uploads\/2014\/06\/ARG-FlavioFrigerioEnOgilvy-GR.jpg\" onclick=\"_gaq.push(['_trackEvent', 'outbound-article-int', 'http:\/\/www.primerbrief.com\/wp-content\/uploads\/2014\/06\/ARG-FlavioFrigerioEnOgilvy-GR.jpg', '']);\" ><img loading=\"lazy\" decoding=\"async\" src=\"http:\/\/www.primerbrief.com\/wp-content\/uploads\/2014\/06\/ARG-FlavioFrigerioEnOgilvy-580px.jpg\" alt=\"\" title=\"La entrada de Ogilvy Buenos Aires y Flavia Frigerio ya trabajando\" width=\"580\" height=\"241\" class=\"alignleft size-full wp-image-24110\" srcset=\"https:\/\/www.primerbrief.com\/wp-content\/uploads\/2014\/06\/ARG-FlavioFrigerioEnOgilvy-580px.jpg 580w, https:\/\/www.primerbrief.com\/wp-content\/uploads\/2014\/06\/ARG-FlavioFrigerioEnOgilvy-580px-300x124.jpg 300w\" sizes=\"auto, (max-width: 580px) 100vw, 580px\" \/><\/a><br \/>\n<em>El 12 de mayo, el d\u00eda que arranc\u00f3 en Ogilvy Buenos Aires, Flavia poste\u00f3 en su Facebook la foto de la izquierda y la acompa\u00f1\u00f3 con estas palabras: \u00abHoy se me abre esta puerta y con ella infinitas oportunidades de aprendizaje y crecimiento. Espero estar a la altura del reto y a la confianza que depositaron en mi personas tan importantes del mundo de la publicidad. Hoy mi amado novio y mi familia est\u00e1n un poquito m\u00e1s orgullosos de mi. Me siento afortunada\u00bb.<\/em><\/p>\n<p>&nbsp;<br \/>\n<a href=\"http:\/\/www.primerbrief.com\/wp-content\/uploads\/2013\/11\/ARG-FlaviaFrigerio-GR.jpg\" onclick=\"_gaq.push(['_trackEvent', 'outbound-article-int', 'http:\/\/www.primerbrief.com\/wp-content\/uploads\/2013\/11\/ARG-FlaviaFrigerio-GR.jpg', '']);\" ><img loading=\"lazy\" decoding=\"async\" src=\"http:\/\/www.primerbrief.com\/wp-content\/uploads\/2013\/11\/ARG-FlaviaFrigerio-60x60px.jpg\" width=\"60\" height=\"60\" class=\"alignleft size-full wp-image-17503\" style=\"margin: 0px 10px 0px 0px\" \/><\/a><\/a><strong>POR <a href=\"http:\/\/www.primerbrief.com\/?tag=flavia-frigerio-argentina\" onclick=\"_gaq.push(['_trackEvent', 'outbound-article-int', 'http:\/\/www.primerbrief.com\/?tag=flavia-frigerio-argentina', 'FLAVIA FRIGERIO']);\" target=\"_blank\">FLAVIA FRIGERIO<\/a><\/strong><br \/>\n<em>Licenciada en Comunicaci\u00f3n Institucional y asistente de planning en Ogilvy Argentina<\/em><br \/>\nRedacci\u00f3n especial para PB<\/p>\n<p style=\"clear:left;\">\n<p>&nbsp;<br \/>\nDesde que recuerdo me gustan la publicidad, las marcas y el mundo de los negocios, y a\u00fan no s\u00e9 por qu\u00e9 termin\u00e9 el secundario e ingres\u00e9 en la carrera de Abogac\u00eda. Por suerte, antes de terminar primer a\u00f1o me di cuenta de que no ser\u00eda feliz dedicando mi vida a la ley, y pas\u00e9 cuatro a\u00f1os feliz estudiando Comunicaci\u00f3n Institucional, esa carrera que un\u00eda mi amor por la comunicaci\u00f3n, las marcas y las empresas.<\/p>\n<p>Terminar una carrera es una de las situaciones probablemente m\u00e1s traumantes en la vida: \u00bfy ahora? Encontrar trabajo generalmente no es tan f\u00e1cil como pensabas, pero peor es darte cuenta de que ya casi nadie busca un \u00abcomunicador institucional\u00bb. No soy periodista, no me gusta el \u00e1rea de prensa, no soy redactora creativa&#8230; Ante la necesidad de trabajo, hice una diplomatura en Community Management, lo que me permiti\u00f3, una vez recibida, acceder a un puesto en Marketing Digital. Un trabajo que realmente no disfrutaba y estaba matando mis ganas de crecer.<\/p>\n<p>Pero la historia cambia con PRIMER BRIEF y <a href=\"http:\/\/www.primerbrief.com\/?p=21576\" onclick=\"_gaq.push(['_trackEvent', 'outbound-article-int', 'http:\/\/www.primerbrief.com\/?p=21576', 'el concurso que gan\u00e9 para venir a un seminario con Fernando Vega Olmos a fines de 2013']);\" target=\"_blank\">el concurso que gan\u00e9 para venir a un seminario con Fernando Vega Olmos a fines de 2013<\/a>. Esa semana escuch\u00e1ndolo fue como una cachetada que me despert\u00f3 y renov\u00f3 mis ganas de seguir luchando por encontrar un lugar para trabajar en lo que me apasiona. As\u00ed que empec\u00e9 a buscar la forma: mand\u00e9 emails, tuve entrevistas por Skype, mand\u00e9 trabajos, hasta que lleg\u00f3 el email tan esperado y hace un mes y algo que estoy como asistente de planning en Ogilvy &#038; Mather.<\/p>\n<p><img loading=\"lazy\" decoding=\"async\" src=\"http:\/\/www.primerbrief.com\/wp-content\/uploads\/2014\/06\/ARG-FlaviaFrigerio-Apps-580px.jpg\" alt=\"\" title=\"Las aplicaciones de una cordobesa en Buenos Aires\" width=\"580\" height=\"401\" class=\"alignleft size-full wp-image-24112\" srcset=\"https:\/\/www.primerbrief.com\/wp-content\/uploads\/2014\/06\/ARG-FlaviaFrigerio-Apps-580px.jpg 580w, https:\/\/www.primerbrief.com\/wp-content\/uploads\/2014\/06\/ARG-FlaviaFrigerio-Apps-580px-300x207.jpg 300w\" sizes=\"auto, (max-width: 580px) 100vw, 580px\" \/><\/p>\n<p>&nbsp;<br \/>\nTrabajar en Ogilvy es como un sue\u00f1o. Desde el primer momento, Rodrigo Garc\u00eda \u2014<em>head of planning<\/em>\u2014 fue s\u00faper amable y cuando entr\u00e9 a la agencia me di cuenta de que todos ac\u00e1 son as\u00ed. Mis compa\u00f1eros siempre me ayudan y me ense\u00f1an cosas nuevas. Actualmente colaboro en distintos proyectos que ellos tienen a cargo, lo cual es genial porque aprendo de distintas industrias y de distintos procesos en los que est\u00e1n trabajando con cada una de las marcas.<\/p>\n<p>Las devoluciones de Rodrigo Garc\u00eda son inspiradoras: adem\u00e1s de saber un mont\u00f3n, te ayuda a abrir tu cabeza para ver las cosas desde otro lugar. Siento que ac\u00e1 voy a crecer un mont\u00f3n y aplicar todo lo que s\u00e9 y me gusta aprender.<\/p>\n<p>Tambi\u00e9n tuve la posibilidad de colaborar en el lanzamiento a la prensa de <a href=\"http:\/\/www.dossiernet.com.ar\/articulo\/ogilvy-lanza-ogilvy-finishers-el-primer-programa-de-start-ups-enfocado-en-la-comunicacion\/1595\" onclick=\"_gaq.push(['_trackEvent', 'outbound-article', 'http:\/\/www.dossiernet.com.ar\/articulo\/ogilvy-lanza-ogilvy-finishers-el-primer-programa-de-start-ups-enfocado-en-la-comunicacion\/1595', 'Ogilvy Finishers']);\" target=\"_blank\">Ogilvy Finishers<\/a>, un programa s\u00faper innovador a cargo de Diego Luque, <em>Strategy &#038; Innovation Director<\/em>.<\/p>\n<p>Me siento muy feliz de trabajar en Ogilvy. Muy agradecida con todos los que de alguna forma me ayudaron y me ayudan para que esto sea posible. Y me gustar\u00eda dejarles un mensaje a todos los que est\u00e1n dormidos en trabajos que no les apasionan: DESPIERTEN, SALGAN DE LA ZONA DE CONFORT. Quiz\u00e1s no tengan la suerte de recibir un golpe de \u00e1nimo desde afuera que los motive a luchar por hacer lo que les gusta, as\u00ed que despierten solos y, sobre todo, dejen de tener miedo, porque una vida sin vivir no es vida.<\/p>\n<p>No les digo que renuncien a sus trabajos actuales, pero mant\u00e9nganse alertas y trabajando por aquello que realmente les interesa. Y les comparto este video, que no es nuevo pero al que llegu\u00e9 hace poco, que nos recuerda algo tan obvio (m\u00e1s en los tiempos en que vivimos) como que hasta \u00abpod\u00e9s fallar en lo que no quer\u00e9s\u00bb. Nada es tan seguro como uno piensa: \u00bfpor qu\u00e9 no arriesgarnos a intentar hacer lo que nos gusta?<\/p>\n<p>&nbsp;<br \/>\n<iframe loading=\"lazy\" width=\"600\" height=\"338\" src=\"\/\/www.youtube.com\/embed\/kSpYCu-1Weg\" frameborder=\"0\" allowfullscreen><\/iframe><br \/>\n<em>Jim Carrey en la Maharishi University of Management (en Iowa, Estados Unidos), el 26 de mayo pasado: el actor canadiense sorprendi\u00f3 a los estudiantes de meditaci\u00f3n cont\u00e1ndoles lo que su padre pudo haber hecho y no hizo.<\/em><br \/>\n&nbsp;<br \/>\n&nbsp;<\/p>\n","protected":false},"excerpt":{"rendered":"<p>(ARGENTINA) &#8211; Licenciada en Comunicaci\u00f3n Institucional por la Universidad Blas Pascal, Flavia Frigerio supo \u2014seg\u00fan ella misma cuenta\u2014 que su sue\u00f1o estaba m\u00e1s cerca de lo que ella hab\u00eda supuesto el d\u00eda que, gracias a PRIMER BRIEF, gan\u00f3 la asistencia a un curso de Fernando Vega Olmos en la Miami Ad School de Buenos Aires. Y as\u00ed fue: el lunes [&hellip;]<\/p>\n","protected":false},"author":3,"featured_media":24108,"comment_status":"open","ping_status":"open","sticky":false,"template":"","format":"standard","meta":{"footnotes":""},"categories":[46],"tags":[26,1420,1275,2995,1418,233,3156],"class_list":["post-24107","post","type-post","status-publish","format-standard","has-post-thumbnail","hentry","category-quien-es-quien","tag-argentina","tag-diego-luque-argentina","tag-fernando-vega-olmos-argentina","tag-flavia-frigerio-argentina","tag-miami-ad-school-buenos-aires-argentina","tag-ogilvy-argentina","tag-rodrigo-garcia-argentina"],"_links":{"self":[{"href":"https:\/\/www.primerbrief.com\/index.php?rest_route=\/wp\/v2\/posts\/24107","targetHints":{"allow":["GET"]}}],"collection":[{"href":"https:\/\/www.primerbrief.com\/index.php?rest_route=\/wp\/v2\/posts"}],"about":[{"href":"https:\/\/www.primerbrief.com\/index.php?rest_route=\/wp\/v2\/types\/post"}],"author":[{"embeddable":true,"href":"https:\/\/www.primerbrief.com\/index.php?rest_route=\/wp\/v2\/users\/3"}],"replies":[{"embeddable":true,"href":"https:\/\/www.primerbrief.com\/index.php?rest_route=%2Fwp%2Fv2%2Fcomments&post=24107"}],"version-history":[{"count":1,"href":"https:\/\/www.primerbrief.com\/index.php?rest_route=\/wp\/v2\/posts\/24107\/revisions"}],"predecessor-version":[{"id":24113,"href":"https:\/\/www.primerbrief.com\/index.php?rest_route=\/wp\/v2\/posts\/24107\/revisions\/24113"}],"wp:featuredmedia":[{"embeddable":true,"href":"https:\/\/www.primerbrief.com\/index.php?rest_route=\/wp\/v2\/media\/24108"}],"wp:attachment":[{"href":"https:\/\/www.primerbrief.com\/index.php?rest_route=%2Fwp%2Fv2%2Fmedia&parent=24107"}],"wp:term":[{"taxonomy":"category","embeddable":true,"href":"https:\/\/www.primerbrief.com\/index.php?rest_route=%2Fwp%2Fv2%2Fcategories&post=24107"},{"taxonomy":"post_tag","embeddable":true,"href":"https:\/\/www.primerbrief.com\/index.php?rest_route=%2Fwp%2Fv2%2Ftags&post=24107"}],"curies":[{"name":"wp","href":"https:\/\/api.w.org\/{rel}","templated":true}]}}