{"id":24215,"date":"2014-08-26T03:59:44","date_gmt":"2014-08-26T06:59:44","guid":{"rendered":"http:\/\/www.primerbrief.com\/?p=24215"},"modified":"2014-08-26T16:55:37","modified_gmt":"2014-08-26T19:55:37","slug":"sabias-que-los-consejos-de-los-jurados-de-cannes-pueden-serte-super-utiles","status":"publish","type":"post","link":"https:\/\/www.primerbrief.com\/?p=24215","title":{"rendered":"Posta: los consejos de un jurado de Cannes pueden serte s\u00faper \u00fatiles"},"content":{"rendered":"<p><span style=\"font-size: 11pt\"><strong>(ARGENTINA) &#8211; Hace unos d\u00edas, en el Polo Audiovisual de Buenos Aires, el <a href=\"http:\/\/www.creativosargentinos.org\" onclick=\"_gaq.push(['_trackEvent', 'outbound-article', 'http:\/\/www.creativosargentinos.org', 'C\u00edrculo de Creativos Argentinos']);\" target=\"_blank\">C\u00edrculo de Creativos Argentinos<\/a> present\u00f3 el evento <a href=\"http:\/\/www.creativosargentinos.org\/site\/?page_id=1518\" onclick=\"_gaq.push(['_trackEvent', 'outbound-article', 'http:\/\/www.creativosargentinos.org\/site\/?page_id=1518', 'Cannes Lions en la Argentina']);\" target=\"_blank\">Cannes Lions en la Argentina<\/a>, en el que seis de los jurados argentinos de ese festival brindaron su testimonio post juzgamiento. Por PRIMER BRIEF, all\u00ed estuvieron Roberto Pollio como cronista y Soledad Coronel como fot\u00f3grafa. En esta nota juntos desgranan, en palabras y en im\u00e1genes, parte de lo que vivieron ese d\u00eda; y Pollio le presta especial atenci\u00f3n a lo argumentado por Diego Duprat, jurado de la categor\u00eda Direct. \u00bfPor qu\u00e9? Porque siente que sus consejos son perfectamente aprovechables por cualquier estudiante que est\u00e9 empezando a preparar su carpeta y so\u00f1ando con sus primeras entrevistas de trabajo.<\/strong><\/span><\/p>\n<p><a href=\"http:\/\/www.primerbrief.com\/wp-content\/uploads\/2014\/08\/ARG-CannesBsAs-AperturaNota-GR.jpg\" onclick=\"_gaq.push(['_trackEvent', 'outbound-article-int', 'http:\/\/www.primerbrief.com\/wp-content\/uploads\/2014\/08\/ARG-CannesBsAs-AperturaNota-GR.jpg', '']);\" ><img loading=\"lazy\" decoding=\"async\" src=\"http:\/\/www.primerbrief.com\/wp-content\/uploads\/2014\/08\/ARG-CannesBsAs-AperturaNota-580px.jpg\" alt=\"\" title=\"Aspecto general de Cannes en la Argentina\" width=\"580\" height=\"250\" class=\"alignleft size-full wp-image-24218\" srcset=\"https:\/\/www.primerbrief.com\/wp-content\/uploads\/2014\/08\/ARG-CannesBsAs-AperturaNota-580px.jpg 580w, https:\/\/www.primerbrief.com\/wp-content\/uploads\/2014\/08\/ARG-CannesBsAs-AperturaNota-580px-300x129.jpg 300w\" sizes=\"auto, (max-width: 580px) 100vw, 580px\" \/><\/a><br \/>\n<em>Aspecto general del evento, en el momento de la presentaci\u00f3n de Chavo D&#8217;Emilio.<\/em><\/p>\n<p>&nbsp;<\/p>\n<p><a href=\"http:\/\/www.primerbrief.com\/wp-content\/uploads\/2014\/08\/ARG-CannesBsAs-PollioPreguntando-GR.jpg\" onclick=\"_gaq.push(['_trackEvent', 'outbound-article-int', 'http:\/\/www.primerbrief.com\/wp-content\/uploads\/2014\/08\/ARG-CannesBsAs-PollioPreguntando-GR.jpg', '']);\" ><img loading=\"lazy\" decoding=\"async\" src=\"http:\/\/www.primerbrief.com\/wp-content\/uploads\/2014\/08\/ARG-CannesBsAs-PollioPreguntando-60x60px.jpg\" alt=\"\" title=\"Roberto Pollio\" width=\"60\" height=\"60\" class=\"alignleft size-full wp-image-24220\" style=\"margin: 0px 10px 0px 0px\" \/><\/a><strong>POR <a href=\"http:\/\/www.primerbrief.com\/?tag=roberto-pollio-argentina\" onclick=\"_gaq.push(['_trackEvent', 'outbound-article-int', 'http:\/\/www.primerbrief.com\/?tag=roberto-pollio-argentina', 'ROBERTO POLLIO']);\" target=\"_blank\">ROBERTO POLLIO<\/a><\/strong><br \/>\n<em>Director de arte y profesor de la AAP<\/em><br \/>\n(Todas las fotos: Soledad Coronel)<\/p>\n<p style=\"clear:left;\">\n<p>&nbsp;<br \/>\n<span style=\"font-size: 11pt\"><strong>LA MIRADA DE DIEGO DUPRAT (ALMAC\u00c9N), JURADO DE DIRECT<\/strong><\/span><\/p>\n<p><strong>IDEAS QUE NO PASARON DEL SHORTLIST POR MUY POQUITO<\/p>\n<p>1. Las ideas tienen que bancarse el an\u00e1lisis despu\u00e9s de verlas varias veces<\/strong><\/p>\n<p><iframe loading=\"lazy\" width=\"580\" height=\"326\" src=\"\/\/www.youtube.com\/embed\/qrHLocS-bZo\" frameborder=\"0\" allowfullscreen><\/iframe><br \/>\n<em>T\u00edtulo: \u00abFootball religion\u00bb. Agencia: Grey Brasil. Anunciante: Foca (cerveza). Director creativo: Daniel P\u00e9rez Pallares. Equipo creativo: Daniel P\u00e9rez Pallares, Federico Russi y Lucas Heck. Fecha: Mayo 2014.<\/em><\/p>\n<p>&nbsp;<br \/>\nSi bien ven\u00eda muy bien perfilada, bast\u00f3 que uno de los jurados cuestionara la validez de la idea alegando que el futbol muy pocas veces se juega en d\u00edas laborales (justamente para que la gente pueda asistir los fines de semana) para que empezara a esparcirse la duda. Y a pesar de que algunos segu\u00edan sosteniendo su posici\u00f3n, termin\u00f3 por no reunir la cantidad de votos necesaria para adjudicarse un premio. Cuando uno juzga se pone muy meticuloso, al punto de pensar: \u00abMe pusieron fuegos artificiales al final por las dudas, para que convencerme de que est\u00e1 realmente bueno lo que acabo de ver, o realmente fueron utilizados con criterio, porque la grandeza de la idea realmente merec\u00eda un cierre como ese\u00bb.<\/p>\n<p><a href=\"http:\/\/www.primerbrief.com\/wp-content\/uploads\/2014\/08\/ARG-CannesBsAs-AperturaTemaDuprat-Foto1-GR.jpg\" onclick=\"_gaq.push(['_trackEvent', 'outbound-article-int', 'http:\/\/www.primerbrief.com\/wp-content\/uploads\/2014\/08\/ARG-CannesBsAs-AperturaTemaDuprat-Foto1-GR.jpg', '']);\" ><img loading=\"lazy\" decoding=\"async\" src=\"http:\/\/www.primerbrief.com\/wp-content\/uploads\/2014\/08\/ARG-CannesBsAs-AperturaTemaDuprat-Foto1-580px.jpg\" alt=\"\" title=\"Duprat: las ideas tienen que bancarse el an\u00e1lisis\" width=\"580\" height=\"331\" class=\"alignleft size-full wp-image-24222\" srcset=\"https:\/\/www.primerbrief.com\/wp-content\/uploads\/2014\/08\/ARG-CannesBsAs-AperturaTemaDuprat-Foto1-580px.jpg 580w, https:\/\/www.primerbrief.com\/wp-content\/uploads\/2014\/08\/ARG-CannesBsAs-AperturaTemaDuprat-Foto1-580px-300x171.jpg 300w\" sizes=\"auto, (max-width: 580px) 100vw, 580px\" \/><\/a><\/p>\n<p>&nbsp;<br \/>\n<strong>2. Una gran idea&#8230; que no consigui\u00f3 el cari\u00f1o del jurado<\/strong><\/p>\n<p><iframe loading=\"lazy\" width=\"580\" height=\"326\" src=\"\/\/www.youtube.com\/embed\/eQBo1i8oixA\" frameborder=\"0\" allowfullscreen><\/iframe><br \/>\n<em>T\u00edtulo: \u00abOpening bands\u00bb. Agencia: BBDO Argentina. Anunciante: Pepsico de Argentina. Producto: Pepsi Music. Directores generales creativos: Rodrigo Grau y Ramiro Rodr\u00edguez Cohen. Directores de arte: Sebasti\u00e1n Duccoli y Maximiliano Ballarini. Redactor: Agust\u00edn Su\u00e1rez. Fecha: Enero 2014.<\/em><\/p>\n<p>&nbsp;<br \/>\nSi bien ac\u00e1 la \u00abexplicaci\u00f3n\u00bb es mucho m\u00e1s subjetiva, es la conclusi\u00f3n m\u00e1s certera que sacaron los que cre\u00edan (como Diego Duprat) que esta campa\u00f1a era una firme candidata. Dialogando con colegas, pudieron concluir en que quiz\u00e1s el caso no fue presentado desde la \u00f3ptica correcta y eso hizo que terminara por no demostrar todo el potencial de la idea. Por otra parte, con la palabra \u00abcari\u00f1o\u00bb Duprat quiso demostrar que quiz\u00e1s le falt\u00f3 \u00abstorytelling\u00bb y encarar el relato desde un lugar mucho m\u00e1s emocional\/testimonial, d\u00e1ndoles mayor protagonismo a las bandas desconocidas y dejando bien clara la sensaci\u00f3n de hacer realidad un sue\u00f1o.<\/p>\n<p><a href=\"http:\/\/www.primerbrief.com\/wp-content\/uploads\/2014\/08\/ARG-CannesBsAs-AperturaTemaDuprat-Foto2-GR.jpg\" onclick=\"_gaq.push(['_trackEvent', 'outbound-article-int', 'http:\/\/www.primerbrief.com\/wp-content\/uploads\/2014\/08\/ARG-CannesBsAs-AperturaTemaDuprat-Foto2-GR.jpg', '']);\" ><img loading=\"lazy\" decoding=\"async\" src=\"http:\/\/www.primerbrief.com\/wp-content\/uploads\/2014\/08\/ARG-CannesBsAs-AperturaTemaDuprat-Foto2-580px.jpg\" alt=\"\" title=\"Duprat: las ideas deben conseguir el cari\u00f1o del jurado\" width=\"580\" height=\"347\" class=\"alignleft size-full wp-image-24224\" srcset=\"https:\/\/www.primerbrief.com\/wp-content\/uploads\/2014\/08\/ARG-CannesBsAs-AperturaTemaDuprat-Foto2-580px.jpg 580w, https:\/\/www.primerbrief.com\/wp-content\/uploads\/2014\/08\/ARG-CannesBsAs-AperturaTemaDuprat-Foto2-580px-300x179.jpg 300w\" sizes=\"auto, (max-width: 580px) 100vw, 580px\" \/><\/a><\/p>\n<p>&nbsp;<br \/>\n<strong>IDEAS QUE, CON M\u00c1S INTELIGENCIA, PODR\u00cdAN HABER ESCALADO M\u00c1S ALTO<\/p>\n<p>3. Un caso que se cav\u00f3 su propia tumba<\/strong><\/p>\n<p><iframe loading=\"lazy\" width=\"580\" height=\"326\" src=\"\/\/www.youtube.com\/embed\/9l1glIKMtqE\" frameborder=\"0\" allowfullscreen><\/iframe><br \/>\n<em>T\u00edtulo: \u00abLa Biblia definitiva del churrasco\u00bb. Agencia: J. Walter Thompson Brasil. Anunciante: Tramontina. Director general creativo: Ricardo John. Director de arte: F\u00e1bio Sim\u00f4es. Fecha: Marzo 2014.<\/em><\/p>\n<p>&nbsp;<br \/>\nEsto es muy f\u00e1cil de explicar y si sab\u00e9s el significado de la popular frase \u00abm\u00e1s papista que el Papa\u00bb enseguida vas a entender. En el mismo caso estaba el \u00aberror\u00bb, que no era otro que la l\u00ednea que sobreimprim\u00eda al final, que aclaraba: \u00abEl libro fue realizado en marzo de 2014 y enviado a chefs maestros parrilleros. Una versi\u00f3n simplificada va a ser vendida en librer\u00edas seleccionadas del Brasil\u00bb. Esa \u00faltima frase hizo que el jurado pusiera en duda la llegada real y efectiva del mensaje a los consumidores, concluyendo que una acci\u00f3n tan limitada, en una categor\u00eda como Direct, no s\u00f3lo no suma, sino que resta, ya que la sensaci\u00f3n que qued\u00f3 es que sin esa aclaraci\u00f3n podr\u00eda haberse llevado como m\u00ednimo, un plata&#8230; y no un bronce, como finalmente se adjudic\u00f3.<\/p>\n<p>&nbsp;<br \/>\n<strong>4. Primero tu categor\u00eda, despu\u00e9s las siguientes<\/strong><\/p>\n<p><iframe loading=\"lazy\" width=\"580\" height=\"326\" src=\"\/\/www.youtube.com\/embed\/LwHpgdBe1AY\" frameborder=\"0\" allowfullscreen><\/iframe><br \/>\n<em>T\u00edtulo: \u00abAbortion Travel, la agencia de viajes que nunca deber\u00eda existir\u00bb. Agencia: DDB Madrid. Anunciante: Coordinadora Espa\u00f1ola para el Lobby Europeo de Mujeres (CELEM). Fecha: Abril 2014.<\/em><\/p>\n<p>&nbsp;<br \/>\nSi bien <a href=\"http:\/\/www.abortiontravel.org\/en\/\" onclick=\"_gaq.push(['_trackEvent', 'outbound-article', 'http:\/\/www.abortiontravel.org\/en\/', 'Abortion Travel']);\" target=\"_blank\">Abortion Travel<\/a> sac\u00f3 cuatro leones en otras categor\u00edas, en Direct fue bronce. Quiz\u00e1s la explicaci\u00f3n de no tener un metal m\u00e1s relevante, opin\u00f3 Drupat, fue haber sido inscripta en Large Scale Solutions, que es una de las categor\u00edas mas dif\u00edciles, porque todos anotan ah\u00ed. Probablemente si hubieran inscripto en Social Commerce hubieran alcanzado un oro, ya que, por el ADN de la idea, Social Commerce era la categor\u00eda \u00abpor default\u00bb&#8230; y esa categor\u00eda tuvo apenas dos finalistas y ning\u00fan metal.<\/p>\n<div style=\" background-color:#F4F4F4; width:560px; float:left; padding:10px; margin-top:20px; margin-bottom:20px; border-top:solid 10px #CCCCCC; border-bottom:solid 10px #CCCCCC; line-height:16px; font-size:12px\">\n<img decoding=\"async\" style=\"width:560px; border-top:solid 0px; border-right:solid 0px; border-bottom:solid 0px; border-left:solid 0px; margin-bottom:10px; float:left\" src=\"http:\/\/www.primerbrief.com\/wp-content\/uploads\/2011\/07\/PB-RecuadroMasInfo.jpg\" \/><\/p>\n<p><span style=\"font-size: 11pt\"><strong>EN QU\u00c9 COINCIDIERON TODOS LOS DISERTANTES<\/strong><\/span><\/p>\n<p><a href=\"http:\/\/www.primerbrief.com\/wp-content\/uploads\/2014\/08\/ARG-CannesBsAs-Galeria1-GimenezZapiola-GR.jpg\" onclick=\"_gaq.push(['_trackEvent', 'outbound-article-int', 'http:\/\/www.primerbrief.com\/wp-content\/uploads\/2014\/08\/ARG-CannesBsAs-Galeria1-GimenezZapiola-GR.jpg', '']);\" ><img loading=\"lazy\" decoding=\"async\" src=\"http:\/\/www.primerbrief.com\/wp-content\/uploads\/2014\/08\/ARG-CannesBsAs-Galeria1-GimenezZapiola-185x324px.jpg\" alt=\"\" title=\"Augusto Gim\u00e9nez Zapiola\" width=\"185\" height=\"324\" class=\"alignleft size-full wp-image-24226\" style=\"margin: 0px 2px 0px 0px\" srcset=\"https:\/\/www.primerbrief.com\/wp-content\/uploads\/2014\/08\/ARG-CannesBsAs-Galeria1-GimenezZapiola-185x324px.jpg 185w, https:\/\/www.primerbrief.com\/wp-content\/uploads\/2014\/08\/ARG-CannesBsAs-Galeria1-GimenezZapiola-185x324px-171x300.jpg 171w\" sizes=\"auto, (max-width: 185px) 100vw, 185px\" \/><\/a><a href=\"http:\/\/www.primerbrief.com\/wp-content\/uploads\/2014\/08\/ARG-CannesBsAs-Galeria2-Duprat-GR.jpg\" onclick=\"_gaq.push(['_trackEvent', 'outbound-article-int', 'http:\/\/www.primerbrief.com\/wp-content\/uploads\/2014\/08\/ARG-CannesBsAs-Galeria2-Duprat-GR.jpg', '']);\" ><img loading=\"lazy\" decoding=\"async\" src=\"http:\/\/www.primerbrief.com\/wp-content\/uploads\/2014\/08\/ARG-CannesBsAs-Galeria2-Duprat-185x324px.jpg\" alt=\"\" title=\"Diego Duprat\" width=\"185\" height=\"324\" class=\"alignleft size-full wp-image-24228\" style=\"margin: 0px 2px 0px 0px\" srcset=\"https:\/\/www.primerbrief.com\/wp-content\/uploads\/2014\/08\/ARG-CannesBsAs-Galeria2-Duprat-185x324px.jpg 185w, https:\/\/www.primerbrief.com\/wp-content\/uploads\/2014\/08\/ARG-CannesBsAs-Galeria2-Duprat-185x324px-171x300.jpg 171w\" sizes=\"auto, (max-width: 185px) 100vw, 185px\" \/><\/a><a href=\"http:\/\/www.primerbrief.com\/wp-content\/uploads\/2014\/08\/ARG-CannesBsAs-Galeria3-DEmilio-GR.jpg\" onclick=\"_gaq.push(['_trackEvent', 'outbound-article-int', 'http:\/\/www.primerbrief.com\/wp-content\/uploads\/2014\/08\/ARG-CannesBsAs-Galeria3-DEmilio-GR.jpg', '']);\" ><img loading=\"lazy\" decoding=\"async\" src=\"http:\/\/www.primerbrief.com\/wp-content\/uploads\/2014\/08\/ARG-CannesBsAs-Galeria3-DEmilio-186x324px.jpg\" alt=\"\" title=\"Chavo D'Emilio\" width=\"186\" height=\"324\" class=\"alignleft size-full wp-image-24230\" style=\"margin: 0px 0px 0px 0px\" srcset=\"https:\/\/www.primerbrief.com\/wp-content\/uploads\/2014\/08\/ARG-CannesBsAs-Galeria3-DEmilio-186x324px.jpg 186w, https:\/\/www.primerbrief.com\/wp-content\/uploads\/2014\/08\/ARG-CannesBsAs-Galeria3-DEmilio-186x324px-172x300.jpg 172w\" sizes=\"auto, (max-width: 186px) 100vw, 186px\" \/><\/a><br \/>\n<em>Cada uno en su presentaci\u00f3n: Augusto Gim\u00e9nez Zapiola, de Argentinacine, jurado de Film Craft; Diego Duprat, de Almac\u00e9n, jurado de Direct; y Chavo D&#8217;Emilio (McCann), jurado de Promo &#038; Activation.<\/em><\/p>\n<p><a href=\"http:\/\/www.primerbrief.com\/wp-content\/uploads\/2014\/08\/ARG-CannesBsAs-Galeria4-Anselmo-GR.jpg\" onclick=\"_gaq.push(['_trackEvent', 'outbound-article-int', 'http:\/\/www.primerbrief.com\/wp-content\/uploads\/2014\/08\/ARG-CannesBsAs-Galeria4-Anselmo-GR.jpg', '']);\" ><img loading=\"lazy\" decoding=\"async\" src=\"http:\/\/www.primerbrief.com\/wp-content\/uploads\/2014\/08\/ARG-CannesBsAs-Galeria4-Anselmo-185x324px.jpg\" alt=\"\" title=\"Maxi Anselmo\" width=\"185\" height=\"324\" class=\"alignleft size-full wp-image-24232\" style=\"margin: 0px 2px 0px 0px\" srcset=\"https:\/\/www.primerbrief.com\/wp-content\/uploads\/2014\/08\/ARG-CannesBsAs-Galeria4-Anselmo-185x324px.jpg 185w, https:\/\/www.primerbrief.com\/wp-content\/uploads\/2014\/08\/ARG-CannesBsAs-Galeria4-Anselmo-185x324px-171x300.jpg 171w\" sizes=\"auto, (max-width: 185px) 100vw, 185px\" \/><\/a><a href=\"http:\/\/www.primerbrief.com\/wp-content\/uploads\/2014\/08\/ARG-CannesBsAs-Galeria5-Jeger-GR.jpg\" onclick=\"_gaq.push(['_trackEvent', 'outbound-article-int', 'http:\/\/www.primerbrief.com\/wp-content\/uploads\/2014\/08\/ARG-CannesBsAs-Galeria5-Jeger-GR.jpg', '']);\" ><img loading=\"lazy\" decoding=\"async\" src=\"http:\/\/www.primerbrief.com\/wp-content\/uploads\/2014\/08\/ARG-CannesBsAs-Galeria5-Jeger-185x324px.jpg\" alt=\"\" title=\"Mariano Jeger\" width=\"185\" height=\"324\" class=\"alignleft size-full wp-image-24234\" style=\"margin: 0px 2px 0px 0px\" srcset=\"https:\/\/www.primerbrief.com\/wp-content\/uploads\/2014\/08\/ARG-CannesBsAs-Galeria5-Jeger-185x324px.jpg 185w, https:\/\/www.primerbrief.com\/wp-content\/uploads\/2014\/08\/ARG-CannesBsAs-Galeria5-Jeger-185x324px-171x300.jpg 171w\" sizes=\"auto, (max-width: 185px) 100vw, 185px\" \/><\/a><a href=\"http:\/\/www.primerbrief.com\/wp-content\/uploads\/2014\/08\/ARG-CannesBsAs-Galeria6-Tchechenistky-GR.jpg\" onclick=\"_gaq.push(['_trackEvent', 'outbound-article-int', 'http:\/\/www.primerbrief.com\/wp-content\/uploads\/2014\/08\/ARG-CannesBsAs-Galeria6-Tchechenistky-GR.jpg', '']);\" ><img loading=\"lazy\" decoding=\"async\" src=\"http:\/\/www.primerbrief.com\/wp-content\/uploads\/2014\/08\/ARG-CannesBsAs-Galeria6-Tchechenistky-186x324px.jpg\" alt=\"\" title=\"Fernando Tchechenistky\" width=\"186\" height=\"324\" class=\"alignleft size-full wp-image-24236\" style=\"margin: 0px 0px 0px 0px\" srcset=\"https:\/\/www.primerbrief.com\/wp-content\/uploads\/2014\/08\/ARG-CannesBsAs-Galeria6-Tchechenistky-186x324px.jpg 186w, https:\/\/www.primerbrief.com\/wp-content\/uploads\/2014\/08\/ARG-CannesBsAs-Galeria6-Tchechenistky-186x324px-172x300.jpg 172w\" sizes=\"auto, (max-width: 186px) 100vw, 186px\" \/><\/a><br \/>\n<em>De izquierda a derecha: Maxi Anselmo, de Santo, jurado de Film; Mariano Jeger, de R\/GA, jurado de Cyber; y Fernando Tchechenistky, de DDB en el momento del festival (hoy est\u00e1 en Young &#038; Rubicam), jurado de Press.<\/em><\/p>\n<p>&nbsp;<br \/>\nEN QU\u00c9 COINCIDIERON TODOS LOS DISERTANTES<br \/>\n\u2022 La producci\u00f3n de un caso es igual de importante que la idea en s\u00ed misma.<br \/>\n\u2022 Inscribir bien, donde corresponda, ir m\u00e1s all\u00e1 de la especulaci\u00f3n (dentro de cada categor\u00eda hay muchas subdivisiones).<br \/>\n\u2022 Muchas piezas para juzgar, la mayor\u00eda de excelent\u00edsimo nivel. Son nada menos que 37.400 campa\u00f1as de 97 pa\u00edses: \u00a1llegar a shortlist es UN MONT\u00d3N!<br \/>\n\u2022 Ganar un le\u00f3n en Cannes es una loter\u00eda: intervienen much\u00edsimos factores y, cada a\u00f1o, cada nuevo jurado tiene sus caracter\u00edsticas particulares, por cual es muy dif\u00edcil hallar una f\u00f3rmula.<br \/>\n\u2022 Hoy la tecnolog\u00eda est\u00e1 considerada LA herramienta para desarrollar ideas, pero lo que importa sigue siendo la idea.<br \/>\n\u2022 M\u00e1s all\u00e1 de que tenga una ra\u00edz digital o no, lo que hoy marca grandes diferencias para los jurados (y para las marcas) es la repercusi\u00f3n que tienen las ideas a nivel social. La viralizaci\u00f3n supera al poder de la prensa e incluso a veces la anticipa.<\/p>\n<p>&nbsp;<br \/>\n<a href=\"http:\/\/www.primerbrief.com\/wp-content\/uploads\/2014\/08\/ARG-DisertantesCannesEnBuenosAires-GR.jpg\" onclick=\"_gaq.push(['_trackEvent', 'outbound-article-int', 'http:\/\/www.primerbrief.com\/wp-content\/uploads\/2014\/08\/ARG-DisertantesCannesEnBuenosAires-GR.jpg', '']);\" ><img loading=\"lazy\" decoding=\"async\" src=\"http:\/\/www.primerbrief.com\/wp-content\/uploads\/2014\/08\/ARG-DisertantesCannesEnBuenosAires-560px.jpg\" alt=\"\" title=\"Cannes en la Argentina\" width=\"560\" height=\"374\" class=\"alignleft size-full wp-image-24238\" srcset=\"https:\/\/www.primerbrief.com\/wp-content\/uploads\/2014\/08\/ARG-DisertantesCannesEnBuenosAires-560px.jpg 560w, https:\/\/www.primerbrief.com\/wp-content\/uploads\/2014\/08\/ARG-DisertantesCannesEnBuenosAires-560px-300x200.jpg 300w\" sizes=\"auto, (max-width: 560px) 100vw, 560px\" \/><\/a><br \/>\n<em>Algunos de los jurados disertantes, durante la ronda final de preguntas: de izquierda a derecha, Augusto Gim\u00e9nez Zapiola, Maxi Anselmo, Mariano Jeger y Diego Duprat.<\/em>\n<\/div>\n<p>&nbsp;<br \/>\n&nbsp;<\/p>\n","protected":false},"excerpt":{"rendered":"<p>(ARGENTINA) &#8211; Hace unos d\u00edas, en el Polo Audiovisual de Buenos Aires, el C\u00edrculo de Creativos Argentinos present\u00f3 el evento Cannes Lions en la Argentina, en el que seis de los jurados argentinos de ese festival brindaron su testimonio post juzgamiento. Por PRIMER BRIEF, all\u00ed estuvieron Roberto Pollio como cronista y Soledad Coronel como fot\u00f3grafa. En esta nota juntos desgranan, [&hellip;]<\/p>\n","protected":false},"author":3,"featured_media":24216,"comment_status":"open","ping_status":"open","sticky":false,"template":"","format":"standard","meta":{"footnotes":""},"categories":[1049],"tags":[26,2466,1401,1990,228,3403,619,1220,2547,748,3404],"class_list":["post-24215","post","type-post","status-publish","format-standard","has-post-thumbnail","hentry","category-consejos-para-tu-carrera","tag-argentina","tag-augusto-gimenez-zapiola-argentina","tag-cannes-lions","tag-chavo-demilio-argentina","tag-circulo-de-creativos-argentinos","tag-diego-duprat-argentina","tag-fernando-tchechenistky-argentina","tag-mariano-jeger-argentina","tag-maxi-anselmo-argentina","tag-roberto-pollio-argentina","tag-soledad-coronel-argentina"],"_links":{"self":[{"href":"https:\/\/www.primerbrief.com\/index.php?rest_route=\/wp\/v2\/posts\/24215","targetHints":{"allow":["GET"]}}],"collection":[{"href":"https:\/\/www.primerbrief.com\/index.php?rest_route=\/wp\/v2\/posts"}],"about":[{"href":"https:\/\/www.primerbrief.com\/index.php?rest_route=\/wp\/v2\/types\/post"}],"author":[{"embeddable":true,"href":"https:\/\/www.primerbrief.com\/index.php?rest_route=\/wp\/v2\/users\/3"}],"replies":[{"embeddable":true,"href":"https:\/\/www.primerbrief.com\/index.php?rest_route=%2Fwp%2Fv2%2Fcomments&post=24215"}],"version-history":[{"count":7,"href":"https:\/\/www.primerbrief.com\/index.php?rest_route=\/wp\/v2\/posts\/24215\/revisions"}],"predecessor-version":[{"id":24247,"href":"https:\/\/www.primerbrief.com\/index.php?rest_route=\/wp\/v2\/posts\/24215\/revisions\/24247"}],"wp:featuredmedia":[{"embeddable":true,"href":"https:\/\/www.primerbrief.com\/index.php?rest_route=\/wp\/v2\/media\/24216"}],"wp:attachment":[{"href":"https:\/\/www.primerbrief.com\/index.php?rest_route=%2Fwp%2Fv2%2Fmedia&parent=24215"}],"wp:term":[{"taxonomy":"category","embeddable":true,"href":"https:\/\/www.primerbrief.com\/index.php?rest_route=%2Fwp%2Fv2%2Fcategories&post=24215"},{"taxonomy":"post_tag","embeddable":true,"href":"https:\/\/www.primerbrief.com\/index.php?rest_route=%2Fwp%2Fv2%2Ftags&post=24215"}],"curies":[{"name":"wp","href":"https:\/\/api.w.org\/{rel}","templated":true}]}}