{"id":24312,"date":"2014-09-11T03:59:12","date_gmt":"2014-09-11T06:59:12","guid":{"rendered":"http:\/\/www.primerbrief.com\/?p=24312"},"modified":"2014-09-11T11:39:45","modified_gmt":"2014-09-11T14:39:45","slug":"no-todas-las-autofotos-son-selfies-el-marketing-y-la-publicidad-en-esta-moda-2-0","status":"publish","type":"post","link":"https:\/\/www.primerbrief.com\/?p=24312","title":{"rendered":"No todas las autofotos son selfies: el marketing y la publicidad en esta moda 2.0"},"content":{"rendered":"<p><span style=\"font-size: 11pt\"><strong>(ARGENTINA) &#8211; \u00bfQu\u00e9 son las <em>selfies<\/em>? \u00bfCu\u00e1les son sus variantes? \u00bfPor qu\u00e9 hablamos de <em>selfies<\/em>? \u00bfPor qu\u00e9 nos autofotografiamos? Las <em>selfies<\/em> antes de ser <em>selfies<\/em>. \u00bfD\u00f3nde est\u00e1n la publicidad y el marketing en todo esto? \u00a1Marcos Montenero pod\u00eda haber seguido toda la noche tirando preguntas al respecto! Pero en vez de hacerlo, escribi\u00f3 esta nota.<\/strong><\/span><\/p>\n<p><a href=\"http:\/\/www.primerbrief.com\/wp-content\/uploads\/2014\/09\/Autorretratos-JeanFouquetRobertCornelius-GR.jpg\" onclick=\"_gaq.push(['_trackEvent', 'outbound-article-int', 'http:\/\/www.primerbrief.com\/wp-content\/uploads\/2014\/09\/Autorretratos-JeanFouquetRobertCornelius-GR.jpg', '']);\" ><img loading=\"lazy\" decoding=\"async\" src=\"http:\/\/www.primerbrief.com\/wp-content\/uploads\/2014\/09\/Autorretratos-JeanFouquetRobertCornelius-580px.jpg\" alt=\"\" title=\"Autorretratosde Jean Fouquet y Robert Cornelius\" width=\"580\" height=\"351\" class=\"alignleft size-full wp-image-24347\" srcset=\"https:\/\/www.primerbrief.com\/wp-content\/uploads\/2014\/09\/Autorretratos-JeanFouquetRobertCornelius-580px.jpg 580w, https:\/\/www.primerbrief.com\/wp-content\/uploads\/2014\/09\/Autorretratos-JeanFouquetRobertCornelius-580px-300x181.jpg 300w\" sizes=\"auto, (max-width: 580px) 100vw, 580px\" \/><\/a><br \/>\n<em>Izquierda: realizado en 1450 en un cobre esmaltado de 6,8 cm de di\u00e1metro, el autorretrato de Jean Fouquet se conserva en el Museo del Louvre, en Par\u00eds. Derecha: En el reverso del autorretrato de Robert Cornelius se puede leer \u00abLa primera foto jam\u00e1s tomada\u00bb. \u00bfProtoselfies?<\/em><\/p>\n<p>&nbsp;<br \/>\n<img loading=\"lazy\" decoding=\"async\" src=\"http:\/\/www.primerbrief.com\/wp-content\/uploads\/2014\/01\/Foto-Marcos-Montenero-2-100px.jpg\" width=\"60\" height=\"60\" class=\"alignleft size-full wp-image-17503\" title=\"Marcos Montenero\" style=\"margin: 0px 10px 0px 0px\" \/><strong>POR <a href=\"http:\/\/www.primerbrief.com\/?tag=marcos-montenero-argentina\" onclick=\"_gaq.push(['_trackEvent', 'outbound-article-int', 'http:\/\/www.primerbrief.com\/?tag=marcos-montenero-argentina', 'MARCOS MONTENERO']);\" target=\"_blank\">MARCOS MONTENERO<\/a><\/strong><br \/>\n<em>Egresado como redactor de la AAP<br \/>\nEstudiante actual de la UCES<\/em><\/p>\n<p style=\"clear:left;\">\n<p>&nbsp;<br \/>\nComencemos desde el principio definiendo la palabra selfie. Una selfie es una autofoto, es decir, una fotograf\u00eda que se toma uno mismo. Ahora bien, la selfie tiene una intencionalidad detr\u00e1s: ser compartida en las redes sociales. \u00bfO sea que las autofotos que nos sacamos y no compartimos no son selfies? No lo creo, son solamente autofotos. Aqu\u00ed est\u00e1 la clave para diferenciar una selfie de una autofoto o de un autorretrato.<\/p>\n<p>Entrando en un terreno un tanto anal\u00edtico y, salvando las distancias, las obras de arte que no son expuestas o vistas \u00bfson obras de arte?<\/p>\n<p><img loading=\"lazy\" decoding=\"async\" src=\"http:\/\/www.primerbrief.com\/wp-content\/uploads\/2014\/09\/definicion-selfie-diccionario-Oxford.jpg\" alt=\"\" title=\"Selfie by Oxford Dictionary\" width=\"580\" height=\"320\" class=\"alignleft size-full wp-image-24342\" srcset=\"https:\/\/www.primerbrief.com\/wp-content\/uploads\/2014\/09\/definicion-selfie-diccionario-Oxford.jpg 580w, https:\/\/www.primerbrief.com\/wp-content\/uploads\/2014\/09\/definicion-selfie-diccionario-Oxford-300x165.jpg 300w\" sizes=\"auto, (max-width: 580px) 100vw, 580px\" \/><br \/>\n<em>Definici\u00f3n de selfie del diccionario <a href=\"http:\/\/www.oxforddictionaries.com\/es\/definicion\/ingles_americano\/selfie\" onclick=\"_gaq.push(['_trackEvent', 'outbound-article', 'http:\/\/www.oxforddictionaries.com\/es\/definicion\/ingles_americano\/selfie', 'Oxford']);\" target=\"_blank\">Oxford<\/a>: Fotograf\u00eda que se toma uno mismo t\u00edpicamente tomada con un smartphone o c\u00e1mara web y la sube o postea en sitios sociales.<\/em><\/p>\n<p>&nbsp;<br \/>\nSelfie es un anglicismo, por lo cual todos los que hablamos espa\u00f1ol y queramos referirnos a una autofoto que se toma con la intenci\u00f3n de ser mostrada en redes sociales, no tenemos otra escapatoria, por el momento, que decir selfie. Podemos renegar y seguir llamando a las selfies autofoto o autorretrato, pero se nos escapa la intenci\u00f3n fundamental de una selfie, la de ser compartida.<\/p>\n<p>Existen dos maneras de tomar una selfie, y dos dispositivos con los cuales hacerlo: tel\u00e9fono celular y c\u00e1mara de fotos (o, si se quiere, una c\u00e1mara web, que no es m\u00e1s que una c\u00e1mara de fotos y\/o video). Las primitivas selfies se hac\u00edan frente a un espejo, y esto puede deberse a dos motivos tambi\u00e9n. El primero, que los tel\u00e9fonos celulares antiguos no ten\u00edan c\u00e1mara frontal, por lo cual uno no pod\u00eda verse en su pantalla; y el segundo, que las c\u00e1maras fotogr\u00e1ficas tampoco contaban con esa posibilidad. Pero hace un par de a\u00f1os, antes de la aparici\u00f3n de los <em>smartphones<\/em>, las c\u00e1maras estaban en auge, y la soluci\u00f3n fotogr\u00e1fica estaba subsanada por estos dispositivos. En este subtipo de selfie se ve el aparato con el cual se est\u00e1 tomando la fotograf\u00eda. La segunda manera de autofotografiarse es utilizando la c\u00e1mara frontal del dispositivo; o, con mucha pr\u00e1ctica, su c\u00e1mara posterior (o una c\u00e1mara web). En este caso no se ve el dispositivo con el que se est\u00e1 haciendo la selfie. Hoy en d\u00eda, el <em>smartphone<\/em> es la soluci\u00f3n preferida para este tipo de pr\u00e1ctica.<\/p>\n<p>&nbsp;<br \/>\n<span style=\"font-size: 11pt\"><strong>\u00bfPor qu\u00e9 hablamos de selfies en este preciso momento?<\/strong><\/span><\/p>\n<p>Hay dos hechos que marcaron el boom de esta pr\u00e1ctica. El primero fue su inclusi\u00f3n como palabra en el diccionario de la lengua inglesa Oxford el pasado a\u00f1o, cuya definici\u00f3n vimos antes. Y el segundo, la famosa selfie (que en realidad ser\u00eda una groufie: m\u00e1s adelante definiremos todos los subtipos de selfie) de la premiaci\u00f3n de los Oscar de este a\u00f1o, tan viralizada y parodiada en las redes sociales.<\/p>\n<p><a href=\"http:\/\/www.primerbrief.com\/wp-content\/uploads\/2014\/09\/selfie-oscars-GR.jpg\" onclick=\"_gaq.push(['_trackEvent', 'outbound-article-int', 'http:\/\/www.primerbrief.com\/wp-content\/uploads\/2014\/09\/selfie-oscars-GR.jpg', '']);\" ><img loading=\"lazy\" decoding=\"async\" src=\"http:\/\/www.primerbrief.com\/wp-content\/uploads\/2014\/09\/selfie-oscars-580x326px.jpg\" alt=\"\" title=\"La selfie de los Oscars\" width=\"580\" height=\"326\" class=\"alignleft size-full wp-image-24343\" srcset=\"https:\/\/www.primerbrief.com\/wp-content\/uploads\/2014\/09\/selfie-oscars-580x326px.jpg 580w, https:\/\/www.primerbrief.com\/wp-content\/uploads\/2014\/09\/selfie-oscars-580x326px-300x168.jpg 300w\" sizes=\"auto, (max-width: 580px) 100vw, 580px\" \/><\/a><br \/>\n<em>Groufie de la premiaci\u00f3n de los Oscar 2014.<\/em><\/p>\n<p><a href=\"http:\/\/www.primerbrief.com\/wp-content\/uploads\/2014\/09\/selfie-oscars-simpsons-GR.jpg\" onclick=\"_gaq.push(['_trackEvent', 'outbound-article-int', 'http:\/\/www.primerbrief.com\/wp-content\/uploads\/2014\/09\/selfie-oscars-simpsons-GR.jpg', '']);\" ><img loading=\"lazy\" decoding=\"async\" src=\"http:\/\/www.primerbrief.com\/wp-content\/uploads\/2014\/09\/selfie-oscars-simpsons-580x279px.jpg\" alt=\"\" title=\"La selfie de los Oscars por los Simpsons\" width=\"580\" height=\"279\" class=\"alignleft size-full wp-image-24345\" srcset=\"https:\/\/www.primerbrief.com\/wp-content\/uploads\/2014\/09\/selfie-oscars-simpsons-580x279px.jpg 580w, https:\/\/www.primerbrief.com\/wp-content\/uploads\/2014\/09\/selfie-oscars-simpsons-580x279px-300x144.jpg 300w\" sizes=\"auto, (max-width: 580px) 100vw, 580px\" \/><\/a><br \/>\n<em>Una de las tantas parodias que se pudieron ver de la groufie de los Oscars. En este caso, de los Simpsons.<\/em><\/p>\n<p>&nbsp;<br \/>\n\u00bfD\u00f3nde podr\u00edamos encontrar el comienzo de la pr\u00e1ctica de autorretratarse? En el arte, mucho antes de que existiera la fotograf\u00eda. El autorretrato era algo bastante com\u00fan entre los artistas. Ahora \u00bfcu\u00e1l fue el primer autorretrato? Es dif\u00edcil saberlo. Y aunque no es la intenci\u00f3n de este art\u00edculo indagar en las profundidades de la historia del arte, perfectamente podr\u00edamos nombrar el autorretrato de Jean Fouquet del siglo XV (el que abre esta nota). Y si habl\u00e1ramos de un autorretrato fotogr\u00e1fico, podr\u00edamos destacar el que hizo Robert Cornelius en 1839 (\u00eddem).<\/p>\n<p>Existen muchos ejemplos de autorretratos, tanto en el arte como en la fotograf\u00eda, pero no podemos llamarlos selfies. Con esto no estoy diciendo que antes no se compart\u00edan los autorretratos, sino que no se lo hac\u00eda en las redes sociales, por el solo hecho de que no exist\u00edan. Es que el t\u00e9rmino selfie se refiere a la autofoto que tiene la intenci\u00f3n de ser compartida en las redes sociales. Antes de que existieran las redes sociales y sin la intencionalidad impl\u00edcita que tiene este t\u00e9rmino, los autorretratos son simplemente autorretratos, tanto si hablamos de la disciplina del arte como la de la fotograf\u00eda.<\/p>\n<p>Lo que s\u00ed podr\u00edamos destacar de todo esto es que el ser humano siempre tuvo la inquietud de dejar su fisonom\u00eda impregnada en alg\u00fan material, de dejar su retrato para la posteridad.<\/p>\n<p>&nbsp;<\/p>\n<h4>&gt;&gt;Peque\u00f1o diccionario selfie<\/h4>\n<h2>\n<li>Selfie: autofoto.<\/li>\n<li>Groufie: autofoto grupal.<\/li>\n<li>Belfie: autofoto de nalgas (o Bottom selfie).<\/li>\n<li>Bikini Bridge: autofoto del \u201cpuente\u201d que queda entre los huesos de la cadera (\u00edleon) de la parte de abajo de la bikini.<\/li>\n<li>Lelfie: autofoto de las piernas.<\/li>\n<li>Feetie: autofoto de los pies.<\/li>\n<li>Pelfie: 1) Autofoto de la vagina o el pene (o Pussy \/ Penis selfie). 2) Autofoto que se saca una persona \u201chaciendo el n\u00famero 2\u201d en el ba\u00f1o (o Poo selfie). 3) Autofoto con bienes suculentos para dar envidia.<\/li>\n<\/h2>\n<p>&nbsp;<br \/>\n&nbsp;<br \/>\nEstos son algunos de los t\u00e9rminos que se pueden derivar de la palabra selfie; no creo que sean todos, pero al menos los que m\u00e1s pueden verse en las redes sociales.<\/p>\n<p>En el caso de la groufie \u00bfc\u00f3mo es una autofoto grupal? Muy simple y tambi\u00e9n compleja. Una persona, que por lo general est\u00e1 por delante del grupo de fotografiados, es quien toma la fotograf\u00eda. Ahora bien, \u00bfcu\u00e1ntas personas debe haber para que se considere groufie y no selfie? \u00bfCu\u00e1ntas personas constituyen un grupo? Dejo la pregunta abierta.<\/p>\n<p><div id='gallery-1' class='gallery galleryid-24312 gallery-columns-5 gallery-size-theme-gallerysize'><dl class='gallery-item'>\n\t\t\t<dt class='gallery-icon landscape'>\n\t\t\t\t<a href=\"https:\/\/www.primerbrief.com\/wp-content\/uploads\/2014\/09\/belfie-cyrus-580x389px.jpg\" onclick=\"_gaq.push(['_trackEvent', 'outbound-article-int', 'https:\/\/www.primerbrief.com\/wp-content\/uploads\/2014\/09\/belfie-cyrus-580x389px.jpg', '']);\" ><img loading=\"lazy\" decoding=\"async\" width=\"120\" height=\"100\" src=\"https:\/\/www.primerbrief.com\/wp-content\/uploads\/2014\/09\/belfie-cyrus-580x389px-120x100.jpg\" class=\"attachment-theme-gallerysize size-theme-gallerysize\" alt=\"\" \/><\/a>\n\t\t\t<\/dt><\/dl><dl class='gallery-item'>\n\t\t\t<dt class='gallery-icon landscape'>\n\t\t\t\t<a href=\"https:\/\/www.primerbrief.com\/wp-content\/uploads\/2014\/09\/bikini-bridge-580x433px.jpg\" onclick=\"_gaq.push(['_trackEvent', 'outbound-article-int', 'https:\/\/www.primerbrief.com\/wp-content\/uploads\/2014\/09\/bikini-bridge-580x433px.jpg', '']);\" ><img loading=\"lazy\" decoding=\"async\" width=\"120\" height=\"100\" src=\"https:\/\/www.primerbrief.com\/wp-content\/uploads\/2014\/09\/bikini-bridge-580x433px-120x100.jpg\" class=\"attachment-theme-gallerysize size-theme-gallerysize\" alt=\"\" \/><\/a>\n\t\t\t<\/dt><\/dl><dl class='gallery-item'>\n\t\t\t<dt class='gallery-icon landscape'>\n\t\t\t\t<a href=\"https:\/\/www.primerbrief.com\/wp-content\/uploads\/2014\/09\/feetie-580x580px.jpg\" onclick=\"_gaq.push(['_trackEvent', 'outbound-article-int', 'https:\/\/www.primerbrief.com\/wp-content\/uploads\/2014\/09\/feetie-580x580px.jpg', '']);\" ><img loading=\"lazy\" decoding=\"async\" width=\"120\" height=\"100\" src=\"https:\/\/www.primerbrief.com\/wp-content\/uploads\/2014\/09\/feetie-580x580px-120x100.jpg\" class=\"attachment-theme-gallerysize size-theme-gallerysize\" alt=\"\" \/><\/a>\n\t\t\t<\/dt><\/dl><dl class='gallery-item'>\n\t\t\t<dt class='gallery-icon landscape'>\n\t\t\t\t<a href=\"https:\/\/www.primerbrief.com\/wp-content\/uploads\/2014\/09\/lefie-580x561px.jpg\" onclick=\"_gaq.push(['_trackEvent', 'outbound-article-int', 'https:\/\/www.primerbrief.com\/wp-content\/uploads\/2014\/09\/lefie-580x561px.jpg', '']);\" ><img loading=\"lazy\" decoding=\"async\" width=\"120\" height=\"100\" src=\"https:\/\/www.primerbrief.com\/wp-content\/uploads\/2014\/09\/lefie-580x561px-120x100.jpg\" class=\"attachment-theme-gallerysize size-theme-gallerysize\" alt=\"\" \/><\/a>\n\t\t\t<\/dt><\/dl><dl class='gallery-item'>\n\t\t\t<dt class='gallery-icon landscape'>\n\t\t\t\t<a href=\"https:\/\/www.primerbrief.com\/wp-content\/uploads\/2014\/09\/selfie-oscar-simpsons-2-580x345px.jpg\" onclick=\"_gaq.push(['_trackEvent', 'outbound-article-int', 'https:\/\/www.primerbrief.com\/wp-content\/uploads\/2014\/09\/selfie-oscar-simpsons-2-580x345px.jpg', '']);\" ><img loading=\"lazy\" decoding=\"async\" width=\"120\" height=\"100\" src=\"https:\/\/www.primerbrief.com\/wp-content\/uploads\/2014\/09\/selfie-oscar-simpsons-2-580x345px-120x100.jpg\" class=\"attachment-theme-gallerysize size-theme-gallerysize\" alt=\"\" \/><\/a>\n\t\t\t<\/dt><\/dl><br style=\"clear: both\" \/>\n\t\t<\/div>\n<br \/>\n<em>De izquierda a derecha: una belfie, una bikini bridge, una footie, una lelfie y la groufie de los Oscars en versi\u00f3n Simpsons.<\/em><\/p>\n<p>&nbsp;<br \/>\nY si se toman fotograf\u00edas de objetos personales, sin que aparezca la persona en la foto, \u00bfse considera selfie? \u00bfO ser\u00eda una \u201cstuffie\u201d?<\/p>\n<p>Son fotos que se ven en las redes sociales y considero que hay que incluirlas dentro de la denominaci\u00f3n selfie. Por ejemplo: el vaso de Starbucks con el propio nombre (que fue furor a\u00f1os atr\u00e1s) o una captura de pantalla de la computadora o el tel\u00e9fono celular intentando mostrar algo propio; o incluso los famosos tweets \u201cas\u00ed los leo yo\u201d (generalmente proporcionados por mujeres) en los que se ve una foto de la l\u00ednea de tiempo de Twitter con un vaso de vino, por nombrar un ejemplo.<\/p>\n<p>Y en toda esta moda 2.0 \u00bfd\u00f3nde est\u00e1n la publicidad y el marketing? En un primer lugar yo pondr\u00eda la acci\u00f3n de fotografiar el vaso de Starbucks con el nombre. No creo que haya sido una campa\u00f1a pautada, sino algo espont\u00e1neo que surgi\u00f3 desde la gente; sin embargo, la presencia de la marca es indudable.<\/p>\n<p>Un ejemplo de campa\u00f1a que aprovech\u00f3 \u201cla movida selfie\u201d fue la de la marca <a href=\"http:\/\/www.jambajuice.com\/\" onclick=\"_gaq.push(['_trackEvent', 'outbound-article', 'http:\/\/www.jambajuice.com\/', 'Jamba Juice']);\" target=\"_blank\">Jamba Juice<\/a>, que invitaba a fotografiarse con el jugo y compartirlo bajo el #SmoothieSelfie.<\/p>\n<p>Otro ejemplo fue la serie de televisi\u00f3n <em>The Walking Dead<\/em> a trav\u00e9s de la acci\u00f3n <a href=\"http:\/\/www.amctv.com\/shows\/the-walking-dead\/dead-yourself\" onclick=\"_gaq.push(['_trackEvent', 'outbound-article', 'http:\/\/www.amctv.com\/shows\/the-walking-dead\/dead-yourself', 'Dead Yourself']);\" target=\"_blank\">Dead Yourself<\/a>, que no es m\u00e1s que una aplicaci\u00f3n para dispositivos m\u00f3viles en los que uno puede sacarse una selfie, transformarse en zombie y luego compartirla.<\/p>\n<p>Hablando de aplicaciones, hay un sinf\u00edn que permiten ponerles distintos filtros u objetos, o pr\u00e1cticamente lo que se quiera para luego subirlas a la red. Basta con ir a alguna tienda de aplicaciones y buscar \u201cselfie\u201d para comprobarlo.<\/p>\n<p>Por \u00faltimo podr\u00edamos mencionar los esfuerzos de marketing que realizan las marcas de tel\u00e9fonos celulares para sacar mejores selfies. Como podr\u00eda ser el Huawei Ascend P7, que incluye una c\u00e1mara frontal de 8 megap\u00edxeles, o el Xperia C3 (que se autodenomina \u00abthe world&#8217;s best selfie smartphone\u00bb), que cuenta con un sensor de 5 megap\u00edxeles, una lente angular y un flash frontal \u00abpara sacar la mejor selfie\u00bb.<\/p>\n<p>\u00bfQu\u00e9 podr\u00eda decirse de todo esto? Varias cosas. En un principio, que quedaron muchos aspectos sin mencionar en este art\u00edculo. Aspectos muy t\u00e9cnicos o con m\u00e1s precisi\u00f3n. Pero la intenci\u00f3n fue siempre abarcar, a grandes rasgos, desde d\u00f3nde partimos para llegar a la moda selfie.<\/p>\n<p>Me gustar\u00eda terminar diciendo que a trav\u00e9s de la historia el hombre se \u00abdesnud\u00f3\u00bb de adentro hacia afuera. Primero descubri\u00f3 su mundo interior con el arte, la filosof\u00eda, la literatura&#8230; Y luego se volvi\u00f3 un tanto m\u00e1s fr\u00edvolo y comenz\u00f3 a mostrar su comportamiento, sus costumbres, su vida y su cuerpo.<br \/>\n&nbsp;<br \/>\n&nbsp;<\/p>\n","protected":false},"excerpt":{"rendered":"<p>(ARGENTINA) &#8211; \u00bfQu\u00e9 son las selfies? \u00bfCu\u00e1les son sus variantes? \u00bfPor qu\u00e9 hablamos de selfies? \u00bfPor qu\u00e9 nos autofotografiamos? Las selfies antes de ser selfies. \u00bfD\u00f3nde est\u00e1n la publicidad y el marketing en todo esto? \u00a1Marcos Montenero pod\u00eda haber seguido toda la noche tirando preguntas al respecto! Pero en vez de hacerlo, escribi\u00f3 esta nota. Izquierda: realizado en 1450 en [&hellip;]<\/p>\n","protected":false},"author":3,"featured_media":24357,"comment_status":"open","ping_status":"open","sticky":false,"template":"","format":"standard","meta":{"footnotes":""},"categories":[410],"tags":[26,3063,2777,3447,3446],"class_list":["post-24312","post","type-post","status-publish","format-standard","has-post-thumbnail","hentry","category-miradas","tag-argentina","tag-los-simpsons","tag-marcos-montenero-argentina","tag-robert-cornelius","tag-selfies"],"_links":{"self":[{"href":"https:\/\/www.primerbrief.com\/index.php?rest_route=\/wp\/v2\/posts\/24312","targetHints":{"allow":["GET"]}}],"collection":[{"href":"https:\/\/www.primerbrief.com\/index.php?rest_route=\/wp\/v2\/posts"}],"about":[{"href":"https:\/\/www.primerbrief.com\/index.php?rest_route=\/wp\/v2\/types\/post"}],"author":[{"embeddable":true,"href":"https:\/\/www.primerbrief.com\/index.php?rest_route=\/wp\/v2\/users\/3"}],"replies":[{"embeddable":true,"href":"https:\/\/www.primerbrief.com\/index.php?rest_route=%2Fwp%2Fv2%2Fcomments&post=24312"}],"version-history":[{"count":25,"href":"https:\/\/www.primerbrief.com\/index.php?rest_route=\/wp\/v2\/posts\/24312\/revisions"}],"predecessor-version":[{"id":24376,"href":"https:\/\/www.primerbrief.com\/index.php?rest_route=\/wp\/v2\/posts\/24312\/revisions\/24376"}],"wp:featuredmedia":[{"embeddable":true,"href":"https:\/\/www.primerbrief.com\/index.php?rest_route=\/wp\/v2\/media\/24357"}],"wp:attachment":[{"href":"https:\/\/www.primerbrief.com\/index.php?rest_route=%2Fwp%2Fv2%2Fmedia&parent=24312"}],"wp:term":[{"taxonomy":"category","embeddable":true,"href":"https:\/\/www.primerbrief.com\/index.php?rest_route=%2Fwp%2Fv2%2Fcategories&post=24312"},{"taxonomy":"post_tag","embeddable":true,"href":"https:\/\/www.primerbrief.com\/index.php?rest_route=%2Fwp%2Fv2%2Ftags&post=24312"}],"curies":[{"name":"wp","href":"https:\/\/api.w.org\/{rel}","templated":true}]}}