{"id":24642,"date":"2014-09-26T03:59:47","date_gmt":"2014-09-26T06:59:47","guid":{"rendered":"http:\/\/www.primerbrief.com\/?p=24642"},"modified":"2014-09-29T23:27:07","modified_gmt":"2014-09-30T02:27:07","slug":"se-entregaron-los-premios-obrar","status":"publish","type":"post","link":"https:\/\/www.primerbrief.com\/?p=24642","title":{"rendered":"La UCA, la AAP y la Escuelita, distinguidas en los premios Obrar a campa\u00f1as de bien p\u00fablico"},"content":{"rendered":"<p><span style=\"font-size: 11pt\"><strong>(ARGENTINA) &#8211; Este martes 23 de septiembre se anunciaron los ganadores de la V Edici\u00f3n de los Premios Obrar, que entrega el <a href=\"http:\/\/consejopublicitario.org\/\" onclick=\"_gaq.push(['_trackEvent', 'outbound-article', 'http:\/\/consejopublicitario.org\/', 'Consejo Publicitario Argentino']);\" target=\"_blank\">Consejo Publicitario Argentino<\/a> en reconocimiento a las campa\u00f1as de bien p\u00fablico, por generar un impacto positivo en la sociedad. En la categor\u00eda Universidades, la ganadora fue Luc\u00eda Martorell, de la <a href=\"http:\/\/www.uca.edu.ar\/uca\/index.php\/ingreso\/showinfo\/es\/universidad\/Ingresantes\/ingreso-buenos-aires\/informacion\/informacion-de-la-carrera\/id\/99\" onclick=\"_gaq.push(['_trackEvent', 'outbound-article', 'http:\/\/www.uca.edu.ar\/uca\/index.php\/ingreso\/showinfo\/es\/universidad\/Ingresantes\/ingreso-buenos-aires\/informacion\/informacion-de-la-carrera\/id\/99', 'Universidad Cat\u00f3lica Argentina']);\" target=\"_blank\">Universidad Cat\u00f3lica Argentina<\/a>, y hubo dos menciones: la primera, para un equipo de la <a href=\"http:\/\/www.aapublicidad.org.ar\/web\/centro-de-aprendizaje\/\" onclick=\"_gaq.push(['_trackEvent', 'outbound-article', 'http:\/\/www.aapublicidad.org.ar\/web\/centro-de-aprendizaje\/', 'AAP']);\" target=\"_blank\">AAP<\/a> integrado por las directoras de arte Julieta Cabello y Ail\u00edn Torres, los redactores Manuel Gonz\u00e1lez y Nahuel Schenone, los directores de cuentas Adri\u00e1n Reyes y Jorge Rizo, los planificadores de medios Norman Ruiz y Natalia Paredes y la estudiante de la UBA Florencia Borchez; y la primera, para una dupla de la <a href=\"http:\/\/www.http:\/\/www.escueladecreativos.com.ar\/content\/index.php\" onclick=\"_gaq.push(['_trackEvent', 'outbound-article', 'http:\/\/www.http:\/\/www.escueladecreativos.com.ar\/content\/index.php', 'Escuela Superior de Creativos Publicitarios']);\" target=\"_blank\">Escuela Superior de Creativos Publicitarios<\/a> integrada por Jowie Franci y Mariano Higa. Felicitaciones de PRIMER BRIEF para todos ellos.<\/strong><\/span><\/p>\n<p><a href=\"http:\/\/www.primerbrief.com\/wp-content\/uploads\/2014\/09\/ARG-PremiosObrar-Finalistas-GR.jpg\" onclick=\"_gaq.push(['_trackEvent', 'outbound-article-int', 'http:\/\/www.primerbrief.com\/wp-content\/uploads\/2014\/09\/ARG-PremiosObrar-Finalistas-GR.jpg', '']);\" ><img loading=\"lazy\" decoding=\"async\" src=\"http:\/\/www.primerbrief.com\/wp-content\/uploads\/2014\/09\/ARG-PremiosObrar-Finalistas-580px.jpg\" alt=\"\" title=\"Finalistas en la categor\u00eda\" width=\"580\" height=\"385\" class=\"alignleft size-full wp-image-24649\" srcset=\"https:\/\/www.primerbrief.com\/wp-content\/uploads\/2014\/09\/ARG-PremiosObrar-Finalistas-580px.jpg 580w, https:\/\/www.primerbrief.com\/wp-content\/uploads\/2014\/09\/ARG-PremiosObrar-Finalistas-580px-300x199.jpg 300w\" sizes=\"auto, (max-width: 580px) 100vw, 580px\" \/><\/a><br \/>\n<em>Antes de que se supieran qui\u00e9nes iban a ser los estudiantes ganadores y qui\u00e9nes quedar\u00edan s\u00f3lo en finalistas, posaron todos juntos: de izquierda a derecha, Jowie Franci (Escuelita), Florencia Rotundo (AAP), Mariano Higa (Escuelita), Nahuel Schenone (AAP), Julieta Cabello (AAP), Manuel Gonz\u00e1lez (AAP), Ail\u00edn Torres (AAP), Florencia Borchez (UBA), Luc\u00eda Martorell (UCA) y una representante de la UCSF. (Fotos de toda la nota: Facebook CPA \/ GB Fotograf\u00eda)<\/em><\/p>\n<p>&nbsp;<br \/>\n<span style=\"font-size: 11pt\"><strong>PREMIOS OBRAR 2014 \u2022 CATEGOR\u00cdA UNIVERSIDADES<\/strong><\/span><\/p>\n<p><strong>PRIMER PREMIO<\/strong><br \/>\n<iframe loading=\"lazy\" width=\"580\" height=\"315\" src=\"\/\/www.youtube.com\/embed\/Fuh1qW2h_z4?list=UUxVCuy4CZdRGexi1mpNrZ0g\" frameborder=\"0\" allowfullscreen><\/iframe><br \/>\n<EM>\u00abHagamos una torre\u00bb, de Luc\u00eda Martorell (UCA).<\/em><\/p>\n<p><a href=\"http:\/\/www.primerbrief.com\/wp-content\/uploads\/2014\/09\/ARG-PremiosObrar-Ganadora-UCAMasGabrielBerger-GR.jpg\" onclick=\"_gaq.push(['_trackEvent', 'outbound-article-int', 'http:\/\/www.primerbrief.com\/wp-content\/uploads\/2014\/09\/ARG-PremiosObrar-Ganadora-UCAMasGabrielBerger-GR.jpg', '']);\" ><img loading=\"lazy\" decoding=\"async\" src=\"http:\/\/www.primerbrief.com\/wp-content\/uploads\/2014\/09\/ARG-PremiosObrar-Ganadora-UCAMasGabrielBerger-580px.jpg\" alt=\"\" title=\"Lucia Martorell y Gabriel Berger\" width=\"580\" height=\"385\" class=\"alignleft size-full wp-image-24643\" srcset=\"https:\/\/www.primerbrief.com\/wp-content\/uploads\/2014\/09\/ARG-PremiosObrar-Ganadora-UCAMasGabrielBerger-580px.jpg 580w, https:\/\/www.primerbrief.com\/wp-content\/uploads\/2014\/09\/ARG-PremiosObrar-Ganadora-UCAMasGabrielBerger-580px-300x199.jpg 300w\" sizes=\"auto, (max-width: 580px) 100vw, 580px\" \/><\/a><br \/>\n<em>Gabriel Berger, director del Centro de Innovaci\u00f3n Social de la Universidad de San Andr\u00e9s y jurado de los premios Obrar 2014, le entrega el primer premio a Luc\u00eda Martorell, ganadora de la categor\u00eda.<\/em><\/p>\n<p>&nbsp;<br \/>\n<strong>PRIMERA MENCI\u00d3N<\/strong><br \/>\n<iframe loading=\"lazy\" width=\"580\" height=\"315\" src=\"\/\/www.youtube.com\/embed\/87W6NJXftHs\" frameborder=\"0\" allowfullscreen><\/iframe><br \/>\n<em>\u00abDonde empieza la inclusi\u00f3n termina el bullying\u00bb, de Julieta Cabello (Direcci\u00f3n de Arte), Ail\u00edn Torres (DA), Manuel Gonz\u00e1lez (Redacci\u00f3n), Nahuel Schenone (R), Adri\u00e1n Reyes (Cuentas), Jorge Rizo (C), Norman Ruiz (Medios) y Natalia Paredes (M), todos de la AAP, m\u00e1s Florencia Borchez (UBA). El equipo trabaj\u00f3 bajo la supervisi\u00f3n de los docentes Rodrigo P\u00e9rez Portillo, Marcelo Cabot y Carlos Novello.<\/em><\/p>\n<p><a href=\"http:\/\/www.primerbrief.com\/wp-content\/uploads\/2014\/09\/ARG-PremiosObrar-1raMencion-AAPMasRaquelMartin-GR.jpg\" onclick=\"_gaq.push(['_trackEvent', 'outbound-article-int', 'http:\/\/www.primerbrief.com\/wp-content\/uploads\/2014\/09\/ARG-PremiosObrar-1raMencion-AAPMasRaquelMartin-GR.jpg', '']);\" ><img loading=\"lazy\" decoding=\"async\" src=\"http:\/\/www.primerbrief.com\/wp-content\/uploads\/2014\/09\/ARG-PremiosObrar-1raMencion-AAPMasRaquelMartin-580px.jpg\" alt=\"\" title=\"Ganadores de la AAP y Raquel Martin\" width=\"580\" height=\"385\" class=\"alignleft size-full wp-image-24645\" srcset=\"https:\/\/www.primerbrief.com\/wp-content\/uploads\/2014\/09\/ARG-PremiosObrar-1raMencion-AAPMasRaquelMartin-580px.jpg 580w, https:\/\/www.primerbrief.com\/wp-content\/uploads\/2014\/09\/ARG-PremiosObrar-1raMencion-AAPMasRaquelMartin-580px-300x199.jpg 300w\" sizes=\"auto, (max-width: 580px) 100vw, 580px\" \/><\/a><br \/>\n<em>De izquierda a derecha: Raquel Martin (de Urban Press y miembro de la Comisi\u00f3n del CPA) les entrega la primera menci\u00f3n a Julieta Cabello, Manuel Gonz\u00e1lez, Ailin Torres, Nahuel Schenone y Florencia Borchez.<\/em><\/p>\n<p>&nbsp;<br \/>\n<strong>SEGUNDA MENCI\u00d3N<\/strong><br \/>\n<iframe loading=\"lazy\" width=\"580\" height=\"315\" src=\"\/\/www.youtube.com\/embed\/TBrMtiy2PaE?list=UUxVCuy4CZdRGexi1mpNrZ0g\" frameborder=\"0\" allowfullscreen><\/iframe><br \/>\n<em>\u00abBotines\u00bb, de Jowie Franci y Mariano Higa (Escuelita).<\/em><\/p>\n<p><a href=\"http:\/\/www.primerbrief.com\/wp-content\/uploads\/2014\/09\/ARG-PremiosObrar-2daMencion-EscuelitaMasSofiaReyPetit-GR.jpg\" onclick=\"_gaq.push(['_trackEvent', 'outbound-article-int', 'http:\/\/www.primerbrief.com\/wp-content\/uploads\/2014\/09\/ARG-PremiosObrar-2daMencion-EscuelitaMasSofiaReyPetit-GR.jpg', '']);\" ><img loading=\"lazy\" decoding=\"async\" src=\"http:\/\/www.primerbrief.com\/wp-content\/uploads\/2014\/09\/ARG-PremiosObrar-2daMencion-EscuelitaMasSofiaReyPetit-580px.jpg\" alt=\"\" title=\"Alumnos de la Escuelita y Sof\u00eda Rey Petit\" width=\"580\" height=\"385\" class=\"alignleft size-full wp-image-24647\" srcset=\"https:\/\/www.primerbrief.com\/wp-content\/uploads\/2014\/09\/ARG-PremiosObrar-2daMencion-EscuelitaMasSofiaReyPetit-580px.jpg 580w, https:\/\/www.primerbrief.com\/wp-content\/uploads\/2014\/09\/ARG-PremiosObrar-2daMencion-EscuelitaMasSofiaReyPetit-580px-300x199.jpg 300w\" sizes=\"auto, (max-width: 580px) 100vw, 580px\" \/><\/a><br \/>\n<em>Jowie Franci y Mariano Higa reciben la segunda menci\u00f3n de manos de Sof\u00eda Rey Petit, coordinadora de asuntos corporativos de Natura e integrante de la comisi\u00f3n de los premios Obrar 2014.<\/em><\/p>\n<p>&nbsp;<br \/>\n<strong>FINALISTA<\/strong><br \/>\n <iframe loading=\"lazy\" width=\"580\" height=\"315\" src=\"\/\/www.youtube.com\/embed\/Lb-qAsfMlAA\" frameborder=\"0\" allowfullscreen><\/iframe><br \/>\n<em>\u00abEmpat\u00eda\u00bb, de un equipo de la AAP integrado por Roc\u00edo Vieytes (A), Florencia Rotundo (A), Luis Dalmedo (R), Juan Manuel Rodr\u00edguez (C), Victoria Fern\u00e1ndez Villar (C), Sof\u00eda Petit (M), Sebasti\u00e1n Krulfeld (M) y Mar\u00eda Carrasco (UBA), tambi\u00e9n coordinador por P\u00e9rez Portillo, Cabot y Novello.<\/em><\/p>\n<p>&nbsp;<br \/>\n<strong>FINALISTA<\/strong><br \/>\n<iframe loading=\"lazy\" width=\"580\" height=\"315\" src=\"\/\/www.youtube.com\/embed\/Zx-c0ZpkE3E?list=UUxVCuy4CZdRGexi1mpNrZ0g\" frameborder=\"0\" allowfullscreen><\/iframe><br \/>\n<em>\u00abNuestras manos nos unen\u00bb, de la Universidad Cat\u00f3lica de Santa Fe.<\/em><br \/>\n&nbsp;<br \/>\n&nbsp;<\/p>\n","protected":false},"excerpt":{"rendered":"<p>(ARGENTINA) &#8211; Este martes 23 de septiembre se anunciaron los ganadores de la V Edici\u00f3n de los Premios Obrar, que entrega el Consejo Publicitario Argentino en reconocimiento a las campa\u00f1as de bien p\u00fablico, por generar un impacto positivo en la sociedad. En la categor\u00eda Universidades, la ganadora fue Luc\u00eda Martorell, de la Universidad Cat\u00f3lica Argentina, y hubo dos menciones: la [&hellip;]<\/p>\n","protected":false},"author":12,"featured_media":24659,"comment_status":"open","ping_status":"open","sticky":false,"template":"","format":"standard","meta":{"footnotes":""},"categories":[145],"tags":[3493,652,26,2783,3494,3495,3509,3496,3507,3497,3498,3499,2864,3500,3501,3506,2645,3502,3508,3511,857,3503,3504,3510,3505],"class_list":["post-24642","post","type-post","status-publish","format-standard","has-post-thumbnail","hentry","category-premios","tag-adrian-reyes-argentina","tag-ailin-torres-argentina","tag-argentina","tag-consejo-publicitario-argentino","tag-florencia-borchez-argentina","tag-florencia-rotundo-argentina","tag-gabriel-berger-argentina","tag-jorge-rizo-argentina","tag-jowie-franci-argentina","tag-juan-manuel-rodriguez-argentina","tag-julieta-cabello-argentina","tag-lucia-martorell-argentina","tag-luis-dalmedo-argentina","tag-manuel-gonzalez-argentina","tag-maria-carrasco-argentina","tag-mariano-higa-argentina","tag-nahuel-schenone-argentina","tag-natalia-paredes-argentina","tag-premios-obrar","tag-raquel-martin-argentina","tag-rocio-vieytes-argentina","tag-sebastian-krulfeld-argentina","tag-sofia-petit-argentina","tag-sofia-rey-petit-argentina","tag-victoria-fernandez-villar-argentina"],"_links":{"self":[{"href":"https:\/\/www.primerbrief.com\/index.php?rest_route=\/wp\/v2\/posts\/24642","targetHints":{"allow":["GET"]}}],"collection":[{"href":"https:\/\/www.primerbrief.com\/index.php?rest_route=\/wp\/v2\/posts"}],"about":[{"href":"https:\/\/www.primerbrief.com\/index.php?rest_route=\/wp\/v2\/types\/post"}],"author":[{"embeddable":true,"href":"https:\/\/www.primerbrief.com\/index.php?rest_route=\/wp\/v2\/users\/12"}],"replies":[{"embeddable":true,"href":"https:\/\/www.primerbrief.com\/index.php?rest_route=%2Fwp%2Fv2%2Fcomments&post=24642"}],"version-history":[{"count":9,"href":"https:\/\/www.primerbrief.com\/index.php?rest_route=\/wp\/v2\/posts\/24642\/revisions"}],"predecessor-version":[{"id":24693,"href":"https:\/\/www.primerbrief.com\/index.php?rest_route=\/wp\/v2\/posts\/24642\/revisions\/24693"}],"wp:featuredmedia":[{"embeddable":true,"href":"https:\/\/www.primerbrief.com\/index.php?rest_route=\/wp\/v2\/media\/24659"}],"wp:attachment":[{"href":"https:\/\/www.primerbrief.com\/index.php?rest_route=%2Fwp%2Fv2%2Fmedia&parent=24642"}],"wp:term":[{"taxonomy":"category","embeddable":true,"href":"https:\/\/www.primerbrief.com\/index.php?rest_route=%2Fwp%2Fv2%2Fcategories&post=24642"},{"taxonomy":"post_tag","embeddable":true,"href":"https:\/\/www.primerbrief.com\/index.php?rest_route=%2Fwp%2Fv2%2Ftags&post=24642"}],"curies":[{"name":"wp","href":"https:\/\/api.w.org\/{rel}","templated":true}]}}