{"id":25110,"date":"2014-10-20T03:59:15","date_gmt":"2014-10-20T06:59:15","guid":{"rendered":"http:\/\/www.primerbrief.com\/?p=25110"},"modified":"2014-10-21T11:27:37","modified_gmt":"2014-10-21T14:27:37","slug":"fepi-2014-dia-3-ganaron-todos-por-jose-escanes","status":"publish","type":"post","link":"https:\/\/www.primerbrief.com\/?p=25110","title":{"rendered":"FePI 2014, D\u00eda 3: \u00abGanaron todos\u00bb, por Jos\u00e9 Escan\u00e9s"},"content":{"rendered":"<p><span style=\"font-size: 11pt\"><strong>(IBEROAM\u00c9RICA) \u2013 El tercer y \u00faltimo d\u00eda del <a href=\"http:\/\/www.fepi.com.ar\/\" onclick=\"_gaq.push(['_trackEvent', 'outbound-article', 'http:\/\/www.fepi.com.ar\/', 'Festival de la Publicidad Independiente']);\" target=\"_blank\">Festival de la Publicidad Independiente<\/a>, en C\u00f3rdoba, se estaba haciendo esperar. Cada vez se generaban m\u00e1s expectativas de las conferencias finales y la premiaci\u00f3n a los mejores profesionales y estudiantes del a\u00f1o. Por suerte se super\u00f3 lo esperado y el festival dej\u00f3 contentos a todos sus asistentes. A poco de que esto sucediera, nuestro enviado especial Jos\u00e9 Escan\u00e9s te cuenta c\u00f3mo el FePI asegur\u00f3 el regreso de muchas personas para el a\u00f1o pr\u00f3ximo.<\/strong><\/span><\/p>\n<p><a href=\"http:\/\/www.primerbrief.com\/wp-content\/uploads\/2014\/10\/IBE-FePI2014-FiestaFinal-GR.jpg\" onclick=\"_gaq.push(['_trackEvent', 'outbound-article-int', 'http:\/\/www.primerbrief.com\/wp-content\/uploads\/2014\/10\/IBE-FePI2014-FiestaFinal-GR.jpg', '']);\" ><img loading=\"lazy\" decoding=\"async\" src=\"http:\/\/www.primerbrief.com\/wp-content\/uploads\/2014\/10\/IBE-FePI2014-FiestaFinal-580px.jpg\" alt=\"\" title=\"FePI 2014 - Fiesta final\" width=\"580\" height=\"185\" class=\"alignleft size-full wp-image-25121\" srcset=\"https:\/\/www.primerbrief.com\/wp-content\/uploads\/2014\/10\/IBE-FePI2014-FiestaFinal-580px.jpg 580w, https:\/\/www.primerbrief.com\/wp-content\/uploads\/2014\/10\/IBE-FePI2014-FiestaFinal-580px-300x95.jpg 300w\" sizes=\"auto, (max-width: 580px) 100vw, 580px\" \/><\/a><br \/>\n<em>As\u00ed arranc\u00f3 la ceremonia de entrega de premios del viernes por la noche: la nota sobre los estudiantes premiados, \u00a1ma\u00f1ana martes!<\/em><\/p>\n<p>&nbsp;<br \/>\n<a href=\"http:\/\/www.primerbrief.com\/wp-content\/uploads\/2014\/10\/ARG-JoseEscanes-PorOkiGuzman-GR.jpg\" onclick=\"_gaq.push(['_trackEvent', 'outbound-article-int', 'http:\/\/www.primerbrief.com\/wp-content\/uploads\/2014\/10\/ARG-JoseEscanes-PorOkiGuzman-GR.jpg', '']);\" target=\"_blank\"><img loading=\"lazy\" decoding=\"async\" src=\"http:\/\/www.primerbrief.com\/wp-content\/uploads\/2014\/10\/ARG-JoseEscanes-PorOkiGuzman-60x60px.jpg\" width=\"60\" height=\"60\" class=\"alignleft size-full wp-image-4110\" style=\"margin: 0px 10px 0px 0px\" \/><\/a><strong>POR <a href=\"http:\/\/www.primerbrief.com\/?tag=jose-escanes-argentina\" onclick=\"_gaq.push(['_trackEvent', 'outbound-article-int', 'http:\/\/www.primerbrief.com\/?tag=jose-escanes-argentina', 'JOS\u00c9 ESCAN\u00c9S']);\" target=\"_blank\">JOS\u00c9 ESCAN\u00c9S<\/a><\/strong><br \/>\nEstudiante de la escuela de publicidad <a href=\"http:\/\/escueladepublicidad.com.ar\/\" onclick=\"_gaq.push(['_trackEvent', 'outbound-article', 'http:\/\/escueladepublicidad.com.ar\/', 'Go!']);\" target=\"_blank\">Go!<\/a>, de C\u00f3rdoba<br \/>\n<em>(Retrato JE: Oki Guzm\u00e1n &#8211; Fotos de la nota: <a href=\"https:\/\/www.facebook.com\/phmelacastagna\" onclick=\"_gaq.push(['_trackEvent', 'outbound-article', 'https:\/\/www.facebook.com\/phmelacastagna', 'Mela Castagna \/ Prensa FePI']);\" target=\"_blank\">Mela Castagna \/ Prensa FePI<\/a>)<\/em><br \/>\nCubriendo el FePI especialmente para PB<\/p>\n<p style=\"clear:left;\">\n<p>&nbsp;<br \/>\n\u201cVa a estar el <em>planner<\/em> de los paracaidistas de Walmart\u201d; \u201cAs\u00ed no hable espa\u00f1ol, vengo a escuchar al brasile\u00f1o de \u00c1frica\u201d; \u201c\u00a1Loco, viene Baccetti!\u201d. Estas frases y otras parecidas se repet\u00edan en los rincones del Hotel Interplaza, casa del FePI 2014. Y como ven\u00eda siendo costumbre, lo que faltaba iba a ser mucho m\u00e1s que lo que anunciaba el programa de actividades.<\/p>\n<p>&nbsp;<br \/>\n<a href=\"http:\/\/www.primerbrief.com\/wp-content\/uploads\/2014\/10\/IBE-FePI2014-PanchoGonzalez-GR.jpg\" onclick=\"_gaq.push(['_trackEvent', 'outbound-article-int', 'http:\/\/www.primerbrief.com\/wp-content\/uploads\/2014\/10\/IBE-FePI2014-PanchoGonzalez-GR.jpg', '']);\" ><img loading=\"lazy\" decoding=\"async\" src=\"http:\/\/www.primerbrief.com\/wp-content\/uploads\/2014\/10\/IBE-FePI2014-PanchoGonzalez-580px.jpg\" alt=\"\" title=\"Pancho Gonz\u00e1lez\" width=\"580\" height=\"174\" class=\"alignleft size-full wp-image-25119\" srcset=\"https:\/\/www.primerbrief.com\/wp-content\/uploads\/2014\/10\/IBE-FePI2014-PanchoGonzalez-580px.jpg 580w, https:\/\/www.primerbrief.com\/wp-content\/uploads\/2014\/10\/IBE-FePI2014-PanchoGonzalez-580px-300x90.jpg 300w\" sizes=\"auto, (max-width: 580px) 100vw, 580px\" \/><\/a><br \/>\nPrimero sorprendi\u00f3 Pancho Gonz\u00e1lez, director general creativo de Inbrax Santiago, quien anim\u00f3 a todos a emprender como l\u00edderes de proyectos, equipos, y hasta de empresas. Cont\u00f3 que, aunque sea \u201cun salto al vac\u00edo\u201d, teniendo VAMI (Visi\u00f3n, Animaci\u00f3n, Motivaci\u00f3n e Introspecci\u00f3n) se puede lograr llevar adelante todo lo que tengamos en mente.<\/p>\n<p>Luego lleg\u00f3 Pablo Lezama, director de planning y CEO de Cultura de Marcas y director de la Sede Circular de la Escuela Superior de Creativos Publicitarios. Empez\u00f3 diciendo: \u201cNo vamos a hablar de publicidad, sino de gente y humanidad\u201d, explicando que el <em>planner<\/em> debe pensar en eso para poder detectar los problemas antes de que aparezcan. Con distintos ejemplos (el m\u00e1s aplaudido, <a href=\"http:\/\/www.youtube.com\/watch?v=pQishDaKLdM\" onclick=\"_gaq.push(['_trackEvent', 'outbound-article', 'http:\/\/www.youtube.com\/watch?v=pQishDaKLdM', 'Like a girl']);\" target=\"_blank\">Like a girl<\/a>, de Leo Burnett para Always), mostr\u00f3 que la publicidad molesta cuando es s\u00f3lo publicidad, a diferencia de la publicidad que inspira o destierra un miedo.<\/p>\n<p>&nbsp;<br \/>\n<a href=\"http:\/\/www.primerbrief.com\/wp-content\/uploads\/2014\/10\/IBE-FePI2014-RafaelPitanguy-GR.jpg\" onclick=\"_gaq.push(['_trackEvent', 'outbound-article-int', 'http:\/\/www.primerbrief.com\/wp-content\/uploads\/2014\/10\/IBE-FePI2014-RafaelPitanguy-GR.jpg', '']);\" ><img loading=\"lazy\" decoding=\"async\" src=\"http:\/\/www.primerbrief.com\/wp-content\/uploads\/2014\/10\/IBE-FePI2014-RafaelPitanguy-580px.jpg\" alt=\"\" title=\"Rafael Pitanguy\" width=\"580\" height=\"174\" class=\"alignleft size-full wp-image-25115\" srcset=\"https:\/\/www.primerbrief.com\/wp-content\/uploads\/2014\/10\/IBE-FePI2014-RafaelPitanguy-580px.jpg 580w, https:\/\/www.primerbrief.com\/wp-content\/uploads\/2014\/10\/IBE-FePI2014-RafaelPitanguy-580px-300x90.jpg 300w\" sizes=\"auto, (max-width: 580px) 100vw, 580px\" \/><\/a><br \/>\nLuego del break de almuerzo sigui\u00f3 Rafael Pitanguy, director creativo ejecutivo de Africa, agencia de San Pablo (Brasil). En su conferencia (titulada \u00abAl menos en publicidad no perdimos 7 a 1\u00bb) relat\u00f3 lo vivido en una agencia brasile\u00f1a durante Brasil 2014 y c\u00f3mo \u00c1frica SP (con trabajos como <a href=\"http:\/\/www.youtube.com\/watch?v=MpQPKsWdeto\" onclick=\"_gaq.push(['_trackEvent', 'outbound-article', 'http:\/\/www.youtube.com\/watch?v=MpQPKsWdeto', 'Imagina la fiesta']);\" target=\"_blank\">Imagina la fiesta<\/a>, para Brahma; <a href=\"https:\/\/www.youtube.com\/watch?v=kwCYOKEG8_k\" onclick=\"_gaq.push(['_trackEvent', 'outbound-article', 'https:\/\/www.youtube.com\/watch?v=kwCYOKEG8_k', '#Movimento11']);\" target=\"_blank\">#Movimento11<\/a>, para el mismo anunciante; y <a href=\"http:\/\/vimeo.com\/68539479\" onclick=\"_gaq.push(['_trackEvent', 'outbound-article', 'http:\/\/vimeo.com\/68539479', 'Great times are coming']);\" target=\"_blank\">Great times are coming<\/a>, para Budweiser) y otras agencias (Leo Burnett Tailor Made San Pablo con <a href=\"http:\/\/www.youtube.com\/watch?v=kr2mbiqseEQ\" onclick=\"_gaq.push(['_trackEvent', 'outbound-article', 'http:\/\/www.youtube.com\/watch?v=kr2mbiqseEQ', 'Ven a la calle']);\" target=\"_blank\">Ven a la calle<\/a> para Fiat, por ejemplo) aprovecharon la efervescencia del pa\u00eds para beneficiar a los clientes. Rafael cerr\u00f3 diciendo: \u201cEso se logr\u00f3 solamente conociendo al p\u00fablico y ofreci\u00e9ndole lo que va a querer ver. Eso vale tanto para una campa\u00f1a como para el FePI\u201d, antes de mostrarnos <a href=\"http:\/\/www.youtube.com\/watch?v=K4Xx3aNOh5g\" onclick=\"_gaq.push(['_trackEvent', 'outbound-article', 'http:\/\/www.youtube.com\/watch?v=K4Xx3aNOh5g', 'el primer gol del Messi']);\" target=\"_blank\">el primer gol del Messi<\/a> en el Mundial 2014. Esta vez los aplausos no fueron para La Pulga.<\/p>\n<p>&nbsp;<br \/>\n<a href=\"http:\/\/www.primerbrief.com\/wp-content\/uploads\/2014\/10\/IBE-FePI2014-BaccettiPalenaStraschnoy-GR.jpg\" onclick=\"_gaq.push(['_trackEvent', 'outbound-article-int', 'http:\/\/www.primerbrief.com\/wp-content\/uploads\/2014\/10\/IBE-FePI2014-BaccettiPalenaStraschnoy-GR.jpg', '']);\" ><img loading=\"lazy\" decoding=\"async\" src=\"http:\/\/www.primerbrief.com\/wp-content\/uploads\/2014\/10\/IBE-FePI2014-BaccettiPalenaStraschnoy-580px.jpg\" alt=\"\" title=\"Carlos Baccetti, Osvaldo Palena y Dar\u00edo Staschnoy\" width=\"580\" height=\"174\" class=\"alignleft size-full wp-image-25111\" srcset=\"https:\/\/www.primerbrief.com\/wp-content\/uploads\/2014\/10\/IBE-FePI2014-BaccettiPalenaStraschnoy-580px.jpg 580w, https:\/\/www.primerbrief.com\/wp-content\/uploads\/2014\/10\/IBE-FePI2014-BaccettiPalenaStraschnoy-580px-300x90.jpg 300w\" sizes=\"auto, (max-width: 580px) 100vw, 580px\" \/><\/a><br \/>\nY, como si nada, llegaron quienes todos esperaban: Carlos Baccetti y Dar\u00edo Straschnoy, socios y directores generales de Carlos y Dar\u00edo. Ambos tuvieron su momento para recordar individualmente sus trayectos en publicidad, antes de contar de forma conjunta la historia de su actual agencia. La sorpresa fue que a mitad de la conferencia cambiaron su tema central. En vez de plantear cosas como \u201cel secreto es el equipo\u201d, presentaron los \u201ccinco nuevos motivos por los que alguien deber\u00eda estudiar publicidad\u201d. Estos fueron: 1) Porque nos permite ser creativos. 2) Porque hace que generemos cosas que la gente va a querer compartir. 3) Porque con ella tenemos m\u00e1s posibilidades laborales que nunca antes. 4) Porque abre las puertas a que nuestro trabajo recorra el mundo. 5) Porque est\u00e1 buen\u00edsimo.<\/p>\n<p>&nbsp;<br \/>\nOsvaldo Palena, director del FePI, cerr\u00f3 entonces las conferencias con un \u201cFelicidades, ustedes hicieron esto. \u00a1Hasta el a\u00f1o que viene!\u201d, antes de que un aplauso casi ensordecedor llenara el auditorio. <\/p>\n<p>Desde ac\u00e1, creemos que este a\u00f1o ganaron todos, no solo las agencias y estudiantes (cuyos testimonios estar\u00e1n pr\u00f3ximamente en PRIMER BRIEF). No hay duda de que todos los que eligieron pasar por el FePI se llevaron conocimientos, amigos y ganas de volver por m\u00e1s. A ellos y a los que ahora piensan en asistir al pr\u00f3ximo Festival de la Publicidad Independiente, lo mismo que dijo Palena: \u00ab\u00a1Nos vemos en 2015!\u00bb.<br \/>\n&nbsp;<br \/>\n&nbsp;<\/p>\n","protected":false},"excerpt":{"rendered":"<p>(IBEROAM\u00c9RICA) \u2013 El tercer y \u00faltimo d\u00eda del Festival de la Publicidad Independiente, en C\u00f3rdoba, se estaba haciendo esperar. Cada vez se generaban m\u00e1s expectativas de las conferencias finales y la premiaci\u00f3n a los mejores profesionales y estudiantes del a\u00f1o. Por suerte se super\u00f3 lo esperado y el festival dej\u00f3 contentos a todos sus asistentes. A poco de que esto [&hellip;]<\/p>\n","protected":false},"author":3,"featured_media":25123,"comment_status":"open","ping_status":"open","sticky":false,"template":"","format":"standard","meta":{"footnotes":""},"categories":[1156],"tags":[858,3304,3605,3611,104,852,3617,891,1805,3616,3615],"class_list":["post-25110","post","type-post","status-publish","format-standard","has-post-thumbnail","hentry","category-eventos","tag-carlos-baccetti-argentina","tag-dario-straschnoy-argentina","tag-fepi-2014","tag-festival-de-la-publicidad-independiente","tag-iberoamerica","tag-jose-escanes-argentina","tag-nicolas-perlin-argentina","tag-octavio-guzman-argentina","tag-osvaldo-palena-argentina","tag-pancho-gonzalez-chile","tag-rafael-pitanguy-brasil"],"_links":{"self":[{"href":"https:\/\/www.primerbrief.com\/index.php?rest_route=\/wp\/v2\/posts\/25110","targetHints":{"allow":["GET"]}}],"collection":[{"href":"https:\/\/www.primerbrief.com\/index.php?rest_route=\/wp\/v2\/posts"}],"about":[{"href":"https:\/\/www.primerbrief.com\/index.php?rest_route=\/wp\/v2\/types\/post"}],"author":[{"embeddable":true,"href":"https:\/\/www.primerbrief.com\/index.php?rest_route=\/wp\/v2\/users\/3"}],"replies":[{"embeddable":true,"href":"https:\/\/www.primerbrief.com\/index.php?rest_route=%2Fwp%2Fv2%2Fcomments&post=25110"}],"version-history":[{"count":5,"href":"https:\/\/www.primerbrief.com\/index.php?rest_route=\/wp\/v2\/posts\/25110\/revisions"}],"predecessor-version":[{"id":25127,"href":"https:\/\/www.primerbrief.com\/index.php?rest_route=\/wp\/v2\/posts\/25110\/revisions\/25127"}],"wp:featuredmedia":[{"embeddable":true,"href":"https:\/\/www.primerbrief.com\/index.php?rest_route=\/wp\/v2\/media\/25123"}],"wp:attachment":[{"href":"https:\/\/www.primerbrief.com\/index.php?rest_route=%2Fwp%2Fv2%2Fmedia&parent=25110"}],"wp:term":[{"taxonomy":"category","embeddable":true,"href":"https:\/\/www.primerbrief.com\/index.php?rest_route=%2Fwp%2Fv2%2Fcategories&post=25110"},{"taxonomy":"post_tag","embeddable":true,"href":"https:\/\/www.primerbrief.com\/index.php?rest_route=%2Fwp%2Fv2%2Ftags&post=25110"}],"curies":[{"name":"wp","href":"https:\/\/api.w.org\/{rel}","templated":true}]}}