{"id":25182,"date":"2014-10-21T03:59:14","date_gmt":"2014-10-21T06:59:14","guid":{"rendered":"http:\/\/www.primerbrief.com\/?p=25182"},"modified":"2014-10-21T11:26:48","modified_gmt":"2014-10-21T14:26:48","slug":"crea-la-diplomatura-en-planning-y-creatividad-paso-por-fepi-2014-y-ahora-espera-ideas","status":"publish","type":"post","link":"https:\/\/www.primerbrief.com\/?p=25182","title":{"rendered":"CREA, la diplomatura en planning y creatividad, pas\u00f3 por FePI 2014 y ahora espera ideas"},"content":{"rendered":"<p><span style=\"font-size: 11pt\"><strong>(IBEROAM\u00c9RICA) \u2013 El <a href=\"http:\/\/www.fepi.com.ar\/\" onclick=\"_gaq.push(['_trackEvent', 'outbound-article', 'http:\/\/www.fepi.com.ar\/', 'Festival de la Publicidad Independiente']);\" target=\"_blank\">Festival de la Publicidad Independiente<\/a>, realizado la semana pasada en C\u00f3rdoba, sigue dando que hablar. Hoy Fabiana Renault, responsable de <a href=\"http:\/\/www.21.edu.ar\/escuela-de-negocios\/diplomatura-en-planning-y-creatividad-publicitaria\/\" onclick=\"_gaq.push(['_trackEvent', 'outbound-article', 'http:\/\/www.21.edu.ar\/escuela-de-negocios\/diplomatura-en-planning-y-creatividad-publicitaria\/', 'CREA, la diplomatura en planning y creatividad publicidad que ofrece la Universidad Siglo 21']);\" target=\"_blank\">CREA, la diplomatura en planning y creatividad publicidad que ofrece la Universidad Siglo 21<\/a>, cuenta c\u00f3mo fue el taller que cuatro de sus docentes (Carla Padovani, Bruno Ceriani, Toni Curtino y Santiago Olagaray) dictaron all\u00ed para los asistentes al Festival. El taller, que tambi\u00e9n incluy\u00f3 un peque\u00f1o concurso por media beca, dio plazo a los participantes para mandar sus ideas hasta este jueves 23.<\/strong><\/span><\/p>\n<p><a href=\"http:\/\/www.primerbrief.com\/wp-content\/uploads\/2014\/10\/IBE-FePI2014-TallerCrea-TodosJuntos-580px.jpg\" onclick=\"_gaq.push(['_trackEvent', 'outbound-article-int', 'http:\/\/www.primerbrief.com\/wp-content\/uploads\/2014\/10\/IBE-FePI2014-TallerCrea-TodosJuntos-580px.jpg', '']);\" ><img loading=\"lazy\" decoding=\"async\" src=\"http:\/\/www.primerbrief.com\/wp-content\/uploads\/2014\/10\/IBE-FePI2014-TallerCrea-TodosJuntos-580px.jpg\" alt=\"\" title=\"Taller de CREA en FePI 2014\" width=\"580\" height=\"295\" class=\"alignleft size-full wp-image-25185\" srcset=\"https:\/\/www.primerbrief.com\/wp-content\/uploads\/2014\/10\/IBE-FePI2014-TallerCrea-TodosJuntos-580px.jpg 580w, https:\/\/www.primerbrief.com\/wp-content\/uploads\/2014\/10\/IBE-FePI2014-TallerCrea-TodosJuntos-580px-300x152.jpg 300w\" sizes=\"auto, (max-width: 580px) 100vw, 580px\" \/><\/a><br \/>\n<em>Los responsables del taller de CREA: de izquierda a derecha, Carla Padovani (redactora en Mate), Bruno Ceriani (dise\u00f1ador gr\u00e1fico en Punto JPG), Toni Curtino (director general creativo de Rombo Velox), Rodolfo Bellomo (ex director de la carrera de Publicidad de la UE Siglo 21) y Santiago Olagaray (CEO de Manada).<\/em><\/p>\n<p>&nbsp;<br \/>\n<a href=\"http:\/\/www.primerbrief.com\/wp-content\/uploads\/2014\/10\/ARG-FabianaRenault-Columnista-60x60px.jpg\" onclick=\"_gaq.push(['_trackEvent', 'outbound-article-int', 'http:\/\/www.primerbrief.com\/wp-content\/uploads\/2014\/10\/ARG-FabianaRenault-Columnista-60x60px.jpg', '']);\" ><img loading=\"lazy\" decoding=\"async\" src=\"http:\/\/www.primerbrief.com\/wp-content\/uploads\/2014\/10\/ARG-FabianaRenault-Columnista-60x60px.jpg\" alt=\"\" title=\"Fabiana Renault\" width=\"60\" height=\"60\" class=\"alignleft size-full wp-image-25187\" style=\"margin: 0px 10px 0px 0px\" \/><\/a><strong>POR <a href=\"http:\/\/www.primerbrief.com\/?tag=fabiana-renault-argentina\" onclick=\"_gaq.push(['_trackEvent', 'outbound-article-int', 'http:\/\/www.primerbrief.com\/?tag=fabiana-renault-argentina', 'FABIANA RENAULT']);\" target=\"_blank\">FABIANA RENAULT<\/a><\/strong><br \/>\nDirectora en Fabiana Renault, Consultora en Comunicaci\u00f3n y Creatividad \u2022 Directora en <a href=\"https:\/\/www.facebook.com\/creativos.extramuros\" onclick=\"_gaq.push(['_trackEvent', 'outbound-article', 'https:\/\/www.facebook.com\/creativos.extramuros', 'Creativos Extramuros']);\" target=\"_blank\">Creativos Extramuros<\/a><br \/>\n<em>(Fotos de la nota: <a href=\"https:\/\/www.facebook.com\/phmelacastagna\" onclick=\"_gaq.push(['_trackEvent', 'outbound-article', 'https:\/\/www.facebook.com\/phmelacastagna', 'Mela Castagna \/ Prensa FePI']);\" target=\"_blank\">Mela Castagna \/ Prensa FePI<\/a>)<\/em><\/p>\n<p style=\"clear:left;\">\n<p>&nbsp;<br \/>\n<a href=\"http:\/\/www.primerbrief.com\/wp-content\/uploads\/2014\/10\/IBE-FePI2014-TallerCrea-Flyer-GR.jpg\" onclick=\"_gaq.push(['_trackEvent', 'outbound-article-int', 'http:\/\/www.primerbrief.com\/wp-content\/uploads\/2014\/10\/IBE-FePI2014-TallerCrea-Flyer-GR.jpg', '']);\" ><img loading=\"lazy\" decoding=\"async\" src=\"http:\/\/www.primerbrief.com\/wp-content\/uploads\/2014\/10\/IBE-FePI2014-TallerCrea-Flyer-200x200px.jpg\" alt=\"\" title=\"Flyer del taller\" width=\"200\" height=\"200\" class=\"alignleft size-full wp-image-25189\" style=\"margin: 6px 10px 0px 0px\" srcset=\"https:\/\/www.primerbrief.com\/wp-content\/uploads\/2014\/10\/IBE-FePI2014-TallerCrea-Flyer-200x200px.jpg 200w, https:\/\/www.primerbrief.com\/wp-content\/uploads\/2014\/10\/IBE-FePI2014-TallerCrea-Flyer-200x200px-150x150.jpg 150w\" sizes=\"auto, (max-width: 200px) 100vw, 200px\" \/><\/a>El jueves 16, en el cierre de la segunda jornada del FePI, la diplomatura en planning y creatividad publicitaria CREA, formato propuesto por Creativos Extramuros que se dicta como un perfeccionamiento pr\u00e1ctico en la Escuela de Negocios de la Universidad Siglo 21, hizo un peque\u00f1o taller-concurso con los estudiantes presentes.<\/p>\n<p>Con la consigna \u201cAs\u00ed se piensa y trabaja en CREA\u201d, los profesores locales de la Diplo, todos con desempe\u00f1o profesional como directores creativos, director de arte o creativos en importantes agencias de C\u00f3rdoba, inspiraron a los estudiantes presentes a buscar una <em>small idea<\/em> que solucionara un problema de la gente.<\/p>\n<p>Carla Padovani, Bruno Ceriani, Toni Curtino y Santiago Olagaray presentaron el <em>brief<\/em>, dieron muchos ejemplos de peque\u00f1as ideas que solucionan problemas y luego pelotearon una ida y vuelta muy activa con los participantes, en un t\u00edpico proceso de mostrar c\u00f3mo se trabaja en las clases DIPLO.<\/p>\n<p>Por \u00faltimo, bajaron una consigna de trabajo: \u00abPensar una peque\u00f1a idea que solucione un problema de la gente de tu cuadra\u00bb.<\/p>\n<p>Los que participaron tienen plazo hasta este jueves 23 de octubre para mandar, en formato de caso, el problema y la peque\u00f1a idea que lo soluciona, mostrando c\u00f3mo se materializar\u00eda esa idea.<\/p>\n<p>La mejor idea, a criterio de un jurado formado por los profesores y directivos de CREA, ganar\u00e1 media beca para la cursada 2015. El resultado y el trabajo ganador ser\u00e1n subidos al Facebook de CREA.<\/p>\n<p>Tal como lo describi\u00f3 Toni Curtino, DGC de Rombo Velox, \u00ablos chicos captaron r\u00e1pidamente el mensaje y se los vio muy entusiasmados en poder, mediante una peque\u00f1a idea, cambiarle la onda a su propia cuadra\/calle. Anotaron cada ejemplo disparado por los profes, interactuaron y preguntaron hasta sacarse todas las dudas. De esta manera hay pron\u00f3stico de buenas ideas\u00bb.<\/p>\n<p>Lo m\u00e1s interesante ser\u00e1 lo que suceda a partir del momento en que los chicos comiencen a enviar sus ideas. Se les dar\u00e1 devoluci\u00f3n creativa personalizada, tal como es lo habitual en CREA, se les proporcionar\u00e1n referencias de inspiraci\u00f3n que acompa\u00f1en cada devoluci\u00f3n, trabajar\u00e1n pensando como maestro y alumno (como en la escuela griega) cu\u00e1l es la mejor manera de cerrar la idea y, finalmente, todas las ideas se compartir\u00e1n, para enriquecer la mirada grupal, entendiendo que una de las grandes fortalezas del proceso creativo es el potenciamiento del <em>brainstorming<\/em> y del trabajo en equipo.<\/p>\n<p>El buen clima y la presentaci\u00f3n realizada por CREA pusieron como protagonistas a los estudiantes en el cierre de la segunda jornada del FePI 2014, que transit\u00f3 exitosamente por C\u00f3rdoba.<\/p>\n<p>&nbsp;<\/p>\n<div style=\" background-color:#F4F4F4; width:560px; float:left; padding:10px; margin-top:20px; margin-bottom:20px; border-top:solid 10px #CCCCCC; border-bottom:solid 10px #CCCCCC; line-height:16px; font-size:12px\">\n<img decoding=\"async\" style=\"width:560px; border-top:solid 0px; border-right:solid 0px; border-bottom:solid 0px; border-left:solid 0px; margin-bottom:10px; float:left\" src=\"http:\/\/www.primerbrief.com\/wp-content\/uploads\/2011\/07\/PB-RecuadroMasInfo.jpg\" \/><br \/>\n<span style=\"font-size: 11pt\"><strong>ESCENAS DEL TALLER DE CREA<\/strong><\/span><br \/>\n<div id='gallery-1' class='gallery galleryid-25182 gallery-columns-4 gallery-size-theme-gallerysize'><dl class='gallery-item'>\n\t\t\t<dt class='gallery-icon landscape'>\n\t\t\t\t<a href=\"https:\/\/www.primerbrief.com\/wp-content\/uploads\/2014\/10\/IBE-FePI2014-TallerCrea-Gal1-Fot1.jpg\" onclick=\"_gaq.push(['_trackEvent', 'outbound-article-int', 'https:\/\/www.primerbrief.com\/wp-content\/uploads\/2014\/10\/IBE-FePI2014-TallerCrea-Gal1-Fot1.jpg', '']);\" ><img loading=\"lazy\" decoding=\"async\" width=\"120\" height=\"100\" src=\"https:\/\/www.primerbrief.com\/wp-content\/uploads\/2014\/10\/IBE-FePI2014-TallerCrea-Gal1-Fot1-120x100.jpg\" class=\"attachment-theme-gallerysize size-theme-gallerysize\" alt=\"\" \/><\/a>\n\t\t\t<\/dt><\/dl><dl class='gallery-item'>\n\t\t\t<dt class='gallery-icon landscape'>\n\t\t\t\t<a href=\"https:\/\/www.primerbrief.com\/wp-content\/uploads\/2014\/10\/IBE-FePI2014-TallerCrea-Gal1-Fot2.jpg\" onclick=\"_gaq.push(['_trackEvent', 'outbound-article-int', 'https:\/\/www.primerbrief.com\/wp-content\/uploads\/2014\/10\/IBE-FePI2014-TallerCrea-Gal1-Fot2.jpg', '']);\" ><img loading=\"lazy\" decoding=\"async\" width=\"120\" height=\"100\" src=\"https:\/\/www.primerbrief.com\/wp-content\/uploads\/2014\/10\/IBE-FePI2014-TallerCrea-Gal1-Fot2-120x100.jpg\" class=\"attachment-theme-gallerysize size-theme-gallerysize\" alt=\"\" \/><\/a>\n\t\t\t<\/dt><\/dl><dl class='gallery-item'>\n\t\t\t<dt class='gallery-icon landscape'>\n\t\t\t\t<a href=\"https:\/\/www.primerbrief.com\/wp-content\/uploads\/2014\/10\/IBE-FePI2014-TallerCrea-Gal1-Fot3.jpg\" onclick=\"_gaq.push(['_trackEvent', 'outbound-article-int', 'https:\/\/www.primerbrief.com\/wp-content\/uploads\/2014\/10\/IBE-FePI2014-TallerCrea-Gal1-Fot3.jpg', '']);\" ><img loading=\"lazy\" decoding=\"async\" width=\"120\" height=\"100\" src=\"https:\/\/www.primerbrief.com\/wp-content\/uploads\/2014\/10\/IBE-FePI2014-TallerCrea-Gal1-Fot3-120x100.jpg\" class=\"attachment-theme-gallerysize size-theme-gallerysize\" alt=\"\" \/><\/a>\n\t\t\t<\/dt><\/dl><dl class='gallery-item'>\n\t\t\t<dt class='gallery-icon landscape'>\n\t\t\t\t<a href=\"https:\/\/www.primerbrief.com\/wp-content\/uploads\/2014\/10\/IBE-FePI2014-TallerCrea-Gal1-Fot4.jpg\" onclick=\"_gaq.push(['_trackEvent', 'outbound-article-int', 'https:\/\/www.primerbrief.com\/wp-content\/uploads\/2014\/10\/IBE-FePI2014-TallerCrea-Gal1-Fot4.jpg', '']);\" ><img loading=\"lazy\" decoding=\"async\" width=\"120\" height=\"100\" src=\"https:\/\/www.primerbrief.com\/wp-content\/uploads\/2014\/10\/IBE-FePI2014-TallerCrea-Gal1-Fot4-120x100.jpg\" class=\"attachment-theme-gallerysize size-theme-gallerysize\" alt=\"\" \/><\/a>\n\t\t\t<\/dt><\/dl><br style=\"clear: both\" \/>\n\t\t<\/div>\n<br \/>\n<div id='gallery-2' class='gallery galleryid-25182 gallery-columns-4 gallery-size-theme-gallerysize'><dl class='gallery-item'>\n\t\t\t<dt class='gallery-icon portrait'>\n\t\t\t\t<a href=\"https:\/\/www.primerbrief.com\/wp-content\/uploads\/2014\/10\/IBE-FePI2014-TallerCrea-Gal2-Fot1.jpg\" onclick=\"_gaq.push(['_trackEvent', 'outbound-article-int', 'https:\/\/www.primerbrief.com\/wp-content\/uploads\/2014\/10\/IBE-FePI2014-TallerCrea-Gal2-Fot1.jpg', '']);\" ><img loading=\"lazy\" decoding=\"async\" width=\"120\" height=\"100\" src=\"https:\/\/www.primerbrief.com\/wp-content\/uploads\/2014\/10\/IBE-FePI2014-TallerCrea-Gal2-Fot1-120x100.jpg\" class=\"attachment-theme-gallerysize size-theme-gallerysize\" alt=\"\" \/><\/a>\n\t\t\t<\/dt><\/dl><dl class='gallery-item'>\n\t\t\t<dt class='gallery-icon landscape'>\n\t\t\t\t<a href=\"https:\/\/www.primerbrief.com\/wp-content\/uploads\/2014\/10\/IBE-FePI2014-TallerCrea-Gal2-Fot2.jpg\" onclick=\"_gaq.push(['_trackEvent', 'outbound-article-int', 'https:\/\/www.primerbrief.com\/wp-content\/uploads\/2014\/10\/IBE-FePI2014-TallerCrea-Gal2-Fot2.jpg', '']);\" ><img loading=\"lazy\" decoding=\"async\" width=\"120\" height=\"100\" src=\"https:\/\/www.primerbrief.com\/wp-content\/uploads\/2014\/10\/IBE-FePI2014-TallerCrea-Gal2-Fot2-120x100.jpg\" class=\"attachment-theme-gallerysize size-theme-gallerysize\" alt=\"\" \/><\/a>\n\t\t\t<\/dt><\/dl><dl class='gallery-item'>\n\t\t\t<dt class='gallery-icon landscape'>\n\t\t\t\t<a href=\"https:\/\/www.primerbrief.com\/wp-content\/uploads\/2014\/10\/IBE-FePI2014-TallerCrea-Gal2-Fot3.jpg\" onclick=\"_gaq.push(['_trackEvent', 'outbound-article-int', 'https:\/\/www.primerbrief.com\/wp-content\/uploads\/2014\/10\/IBE-FePI2014-TallerCrea-Gal2-Fot3.jpg', '']);\" ><img loading=\"lazy\" decoding=\"async\" width=\"120\" height=\"100\" src=\"https:\/\/www.primerbrief.com\/wp-content\/uploads\/2014\/10\/IBE-FePI2014-TallerCrea-Gal2-Fot3-120x100.jpg\" class=\"attachment-theme-gallerysize size-theme-gallerysize\" alt=\"\" \/><\/a>\n\t\t\t<\/dt><\/dl><dl class='gallery-item'>\n\t\t\t<dt class='gallery-icon landscape'>\n\t\t\t\t<a href=\"https:\/\/www.primerbrief.com\/wp-content\/uploads\/2014\/10\/IBE-FePI2014-TallerCrea-Gal2-Fot4.jpg\" onclick=\"_gaq.push(['_trackEvent', 'outbound-article-int', 'https:\/\/www.primerbrief.com\/wp-content\/uploads\/2014\/10\/IBE-FePI2014-TallerCrea-Gal2-Fot4.jpg', '']);\" ><img loading=\"lazy\" decoding=\"async\" width=\"120\" height=\"100\" src=\"https:\/\/www.primerbrief.com\/wp-content\/uploads\/2014\/10\/IBE-FePI2014-TallerCrea-Gal2-Fot4-120x100.jpg\" class=\"attachment-theme-gallerysize size-theme-gallerysize\" alt=\"\" \/><\/a>\n\t\t\t<\/dt><\/dl><br style=\"clear: both\" \/>\n\t\t<\/div>\n\n<\/div>\n<p>&nbsp;<br \/>\n&nbsp;<\/p>\n","protected":false},"excerpt":{"rendered":"<p>(IBEROAM\u00c9RICA) \u2013 El Festival de la Publicidad Independiente, realizado la semana pasada en C\u00f3rdoba, sigue dando que hablar. Hoy Fabiana Renault, responsable de CREA, la diplomatura en planning y creatividad publicidad que ofrece la Universidad Siglo 21, cuenta c\u00f3mo fue el taller que cuatro de sus docentes (Carla Padovani, Bruno Ceriani, Toni Curtino y Santiago Olagaray) dictaron all\u00ed para los [&hellip;]<\/p>\n","protected":false},"author":3,"featured_media":25183,"comment_status":"open","ping_status":"open","sticky":false,"template":"","format":"standard","meta":{"footnotes":""},"categories":[1156],"tags":[3622,3619,1866,3605,3611,104,2370,3621,3620,1865],"class_list":["post-25182","post","type-post","status-publish","format-standard","has-post-thumbnail","hentry","category-eventos","tag-bruno-ceriani-argentina","tag-carla-padovani-argentina","tag-fabiana-renault-argentina","tag-fepi-2014","tag-festival-de-la-publicidad-independiente","tag-iberoamerica","tag-rodolfo-bellomo-argentina","tag-santiago-olagaray-argentina","tag-toni-curtino-argentina","tag-universidad-siglo-21-cordoba-argentina"],"_links":{"self":[{"href":"https:\/\/www.primerbrief.com\/index.php?rest_route=\/wp\/v2\/posts\/25182","targetHints":{"allow":["GET"]}}],"collection":[{"href":"https:\/\/www.primerbrief.com\/index.php?rest_route=\/wp\/v2\/posts"}],"about":[{"href":"https:\/\/www.primerbrief.com\/index.php?rest_route=\/wp\/v2\/types\/post"}],"author":[{"embeddable":true,"href":"https:\/\/www.primerbrief.com\/index.php?rest_route=\/wp\/v2\/users\/3"}],"replies":[{"embeddable":true,"href":"https:\/\/www.primerbrief.com\/index.php?rest_route=%2Fwp%2Fv2%2Fcomments&post=25182"}],"version-history":[{"count":5,"href":"https:\/\/www.primerbrief.com\/index.php?rest_route=\/wp\/v2\/posts\/25182\/revisions"}],"predecessor-version":[{"id":25200,"href":"https:\/\/www.primerbrief.com\/index.php?rest_route=\/wp\/v2\/posts\/25182\/revisions\/25200"}],"wp:featuredmedia":[{"embeddable":true,"href":"https:\/\/www.primerbrief.com\/index.php?rest_route=\/wp\/v2\/media\/25183"}],"wp:attachment":[{"href":"https:\/\/www.primerbrief.com\/index.php?rest_route=%2Fwp%2Fv2%2Fmedia&parent=25182"}],"wp:term":[{"taxonomy":"category","embeddable":true,"href":"https:\/\/www.primerbrief.com\/index.php?rest_route=%2Fwp%2Fv2%2Fcategories&post=25182"},{"taxonomy":"post_tag","embeddable":true,"href":"https:\/\/www.primerbrief.com\/index.php?rest_route=%2Fwp%2Fv2%2Ftags&post=25182"}],"curies":[{"name":"wp","href":"https:\/\/api.w.org\/{rel}","templated":true}]}}