{"id":25230,"date":"2014-10-23T03:59:10","date_gmt":"2014-10-23T06:59:10","guid":{"rendered":"http:\/\/www.primerbrief.com\/?p=25230"},"modified":"2015-07-07T12:11:49","modified_gmt":"2015-07-07T15:11:49","slug":"leyes-de-murphy-de-un-creativo-junior-por-chechu-perez","status":"publish","type":"post","link":"https:\/\/www.primerbrief.com\/?p=25230","title":{"rendered":"Las leyes de Murphy de un creativo junior, por Chechu P\u00e9rez"},"content":{"rendered":"<p><span style=\"font-size: 11pt;\"><strong>(ARGENTINA) \u2013 Cecilia P\u00e9rez, <em>Chechu<\/em> para los amigos, es redactora en Young &#038; Rubicam Buenos Aires y ostenta una carrera que, de 2005 para ac\u00e1, incluye los pasos por ADN Comunicaci\u00f3n y por Dentsu, m\u00e1s algunos premios como un le\u00f3n de Cannes en 2011 y premios en El Ojo de Iberoam\u00e9rica y en el FIAP en 2012. Columnista de PB y creadora del proyecto <a href=\"http:\/\/402ce1nf151l4q1bt7dryrqlxn.hop.clickbank.net\/\" onclick=\"_gaq.push(['_trackEvent', 'outbound-article', 'http:\/\/402ce1nf151l4q1bt7dryrqlxn.hop.clickbank.net\/', 'Coach del Creativo Publicitario']);\"  target=\"_blank\">Coach del Creativo Publicitario<\/a>, hoy Chechu se arremanga y te habla de frente de esos momentos desgraciados que todos pensamos que son exclusivamente nuestros y que, en realidad, son comunes a todos: \u00a1las leyes de Murphy del creativo junior!<\/strong><\/span><br \/>\n&nbsp;<\/p>\n<p><a href=\"http:\/\/www.primerbrief.com\/wp-content\/uploads\/2014\/10\/Inside-Nota-Chechu-23-GR.jpg\" onclick=\"_gaq.push(['_trackEvent', 'outbound-article-int', 'http:\/\/www.primerbrief.com\/wp-content\/uploads\/2014\/10\/Inside-Nota-Chechu-23-GR.jpg', '']);\" ><img loading=\"lazy\" decoding=\"async\" src=\"http:\/\/www.primerbrief.com\/wp-content\/uploads\/2014\/10\/Inside-Nota-Chechu-23-580px.jpg\" alt=\"\" title=\"Murphy&#039;s Law - Popular Mechanics\" width=\"580\" height=\"363\" class=\"alignleft size-full wp-image-25231\" srcset=\"https:\/\/www.primerbrief.com\/wp-content\/uploads\/2014\/10\/Inside-Nota-Chechu-23-580px.jpg 580w, https:\/\/www.primerbrief.com\/wp-content\/uploads\/2014\/10\/Inside-Nota-Chechu-23-580px-300x187.jpg 300w\" sizes=\"auto, (max-width: 580px) 100vw, 580px\" \/><\/a><br \/>\n<em>\u00a1Seguro que o\u00edste hablar de la maldici\u00f3n de la tostada con mermelada, que siempre cae del lado de la mermelada! Leyes de Murphy como esa, y con el apellido Murphy ligada a ellas, vienen \u00abpromulg\u00e1ndose\u00bb en el mundo entero desde mediados de la d\u00e9cada de 1950. Para homenajearlas, un creativo ruso que en la web firma como GGMoon cre\u00f3 esta gr\u00e1fica para la m\u00edtica revista estadounidense Popular Mechanics: \u00abCasi todo explicado\u00bb, dice la bajada.<\/em> <\/p>\n<p>&nbsp;<br \/>\n<a href=\"http:\/\/www.primerbrief.com\/wp-content\/uploads\/2013\/09\/foto-chechu-60x60.jpg\" onclick=\"_gaq.push(['_trackEvent', 'outbound-article-int', 'http:\/\/www.primerbrief.com\/wp-content\/uploads\/2013\/09\/foto-chechu-60x60.jpg', '']);\"  target=\"_blank\"><img loading=\"lazy\" decoding=\"async\" class=\"alignleft size-full wp-image-4110\" style=\"margin: 0px 10px 0px 0px;\" src=\"http:\/\/www.primerbrief.com\/wp-content\/uploads\/2013\/09\/foto-chechu-60x60.jpg\" alt=\"\" width=\"60\" height=\"60\" \/><\/a><strong>POR <a href=\"http:\/\/www.primerbrief.com\/?tag=chechu-perez-argentina\" onclick=\"_gaq.push(['_trackEvent', 'outbound-article-int', 'http:\/\/www.primerbrief.com\/?tag=chechu-perez-argentina', 'CHECHU P\u00c9REZ']);\"  target=\"_blank\">CHECHU P\u00c9REZ<\/a><\/strong><br \/>\nLicenciada en Publicidad por la <a href=\"http:\/\/www.uai.edu.ar\/facultades\/ciencias-de-la-comunicacion\/plan-de-estudios-I207.asp\" onclick=\"_gaq.push(['_trackEvent', 'outbound-article', 'http:\/\/www.uai.edu.ar\/facultades\/ciencias-de-la-comunicacion\/plan-de-estudios-I207.asp', 'UAI']);\"  target=\"_blank\">UAI<\/a>, tambi\u00e9n formada en <a href=\"http:\/\/www.undergroundad.com\/escuela\/\" onclick=\"_gaq.push(['_trackEvent', 'outbound-article', 'http:\/\/www.undergroundad.com\/escuela\/', 'Underground']);\"  target=\"_blank\">Underground<\/a> y en la <a href=\"http:\/\/www.escueladecreativos.com.ar\/content\/index.php\" onclick=\"_gaq.push(['_trackEvent', 'outbound-article', 'http:\/\/www.escueladecreativos.com.ar\/content\/index.php', 'Escuelita']);\"  target=\"_blank\">Escuelita<\/a><br \/>\n<em>Redacci\u00f3n especial para PB<\/em><\/p>\n<p style=\"clear:left;\">\n<p>&nbsp;<br \/>\n\u00a1Hola! Espero que est\u00e9s muy bien. Ya estuvimos recorriendo <a href=\"http:\/\/www.primerbrief.com\/?p=24731\" onclick=\"_gaq.push(['_trackEvent', 'outbound-article-int', 'http:\/\/www.primerbrief.com\/?p=24731', 'cu\u00e1les son los recursos de un junior']);\"  target=\"_blank\">cu\u00e1les son los recursos de un <em>junior<\/em><\/a>, estuvimos repasando <a href=\"http:\/\/www.primerbrief.com\/?p=23885\" onclick=\"_gaq.push(['_trackEvent', 'outbound-article-int', 'http:\/\/www.primerbrief.com\/?p=23885', 'qu\u00e9 tener en cuenta en una entrevista laboral']);\"  target=\"_blank\">qu\u00e9 tener en cuenta en una entrevista laboral<\/a> y <a href=\"http:\/\/www.primerbrief.com\/?p=24437\" onclick=\"_gaq.push(['_trackEvent', 'outbound-article-int', 'http:\/\/www.primerbrief.com\/?p=24437', 'qu\u00e9 hacer cuando nos ponen a hacer posteos']);\"  target=\"_blank\">qu\u00e9 hacer cuando nos ponen a hacer posteos<\/a>. De lo que nunca hablamos fue de esas situaciones por las que muchos creativos pasamos alguna vez, en las que uno siente que las cosas salen mal. Vamos a hablar sobre las <strong>leyes de Murphy versi\u00f3n creativos publicitarios<\/strong>, y de c\u00f3mo enfrentarlas para que no te quedes afuera de la oportunidad.<\/p>\n<p>&nbsp;<br \/>\n<strong>1) NO TENGO LISTA LA CARPETA Y SALI\u00d3 UNA B\u00daSQUEDA DE AGENCIA.<\/strong><br \/>\nSi te sent\u00edas solo en esto, te cuento que no es as\u00ed. Es muy frecuente decir que te vas a poner con la carpeta al terminar de cursar, al volver de las vacaciones, el lunes, cuando tengas dupla, etc\u00e9tera. Hay miles de pretextos: si quer\u00e9s, te paso mi lista y la vamos haciendo cada vez m\u00e1s grande, porque te juro que nos pas\u00f3 a todos. Es com\u00fan que la b\u00fasqueda aparezca cuando no est\u00e1s listo. Por eso, mi consejo es que arranques ya a plantar las ideas que te aprobaron los profes.<br \/>\n\u00a1Arranc\u00e1 hoy mismo! No sab\u00e9s cu\u00e1ndo podr\u00eda surgir una b\u00fasqueda y no da que no est\u00e9s listo. Arranc\u00e1: sin dupla, sin redactor, sin nada. Arranc\u00e1 igual y busc\u00e1 un <em>layout<\/em> profesional que te permita lucirte.<\/p>\n<p>&nbsp;<br \/>\n<strong>2) ESTOY SOLO Y LA B\u00daSQUEDA ES DE DUPLA.<\/strong><br \/>\nPasa todo el tiempo: el trabajo en agencia, como creativo, casi nunca llega en el envase so\u00f1ado. La propuesta puede venir en un tubo de escarbadientes y, a\u00fan as\u00ed, servirte. Si est\u00e1s en dupla y buscan a uno, and\u00e1 igual a la entrevista y fijate si existe la posibilidad futura de entrar los dos. Hay que tener la cabeza abierta.<br \/>\nYo, cuando entr\u00e9 a Young, estaba en dupla, y ac\u00e1 me asignaron a otro director de arte. Como mi dupla de ese momento entendi\u00f3 que era una oportunidad para m\u00ed, nos separamos, y hoy todav\u00eda somos amigas. Es \u00f3ptimo entrar con la persona que uno quiere, pero no siempre se da. Si est\u00e1s solo, prob\u00e1 igual.<br \/>\nQuiz\u00e1s puedas hacer memoria y recomendar a alguien que haya estudiado con vos y te haya copado. Ir solo tambi\u00e9n es aumentar tu chance de 0 (cero). A veces, el director creativo tiene tantos a\u00f1os encima que sabe con qui\u00e9n ponerte antes de que vos incluso sepas qui\u00e9n te conviene: as\u00ed que manten\u00e9 los ojos abiertos y la cabeza bien predispuesta.<\/p>\n<p>&nbsp;<br \/>\n<strong>3) YO QUER\u00cdA ENTRAR EN ATL Y ES PARA DIGITAL.<\/strong><br \/>\nTodos empezamos pensando que quer\u00edamos entrar en ATL. Yo le pregunto a mi abuela Elisa y te juro que me va a decir lo mismo que vos. Todos tenemos esa idea en la cabeza, pero hoy por hoy hay m\u00e1s b\u00fasquedas en digital. Es una realidad. Abr\u00ed la cabeza y fijate, como siempre digo, qu\u00e9 te conviene.<br \/>\nEn este caso ser\u00eda <strong>tomar chocolatada en casa<\/strong> versus <strong>agencia digital<\/strong>. Fijate si ten\u00e9s a alguien que te entrene, si anotan ideas en premios. Que est\u00e9s en el departamento digital o donde sea, pero siempre priorizando avanzar. Si ten\u00e9s entrenador y agencia, listo. Despu\u00e9s vas a ver que en el d\u00eda a d\u00eda a veces no hay tantas divisiones.<br \/>\nHoy por hoy, el creativo que piensa una idea (seg\u00fan mi punto de vista) debe conocer todas las herramientas para ayudar a crear, pero no significa que desde digital se pueda filmar menos. Hoy es m\u00e1s barato para un anunciante filmar para digital que para tele. No encasilles tu trabajo ideal y persigas eso: s\u00f3lo fijate en lo m\u00e1s importante, que es detenerse a analizar cu\u00e1les son las cosas que realmente enriquecer\u00e1n tu carrera.<\/p>\n<p>&nbsp;<br \/>\nLo que no charlamos hasta ac\u00e1 es lo que me acaba de pasar hace nueve minutos. \u00bfQu\u00e9 pasa cuando las cosas salen bien? Ac\u00e1 te voy a compartir una idea en la que las cosas salen bien. Te confieso que hace cuatro a\u00f1os que no lloro por un comercial al verlo por primera vez. Hace muchos a\u00f1os que no me emociono: siempre soy Chechu, la redactora tratando de encontrar la estrategia de marca atr\u00e1s. Siempre soy la creativa que est\u00e1 mirando qu\u00e9 recursos se usaron, con cu\u00e1nta guita se hizo o si va a ganar un premio. Hace tantos a\u00f1os que no me emociona una historia, que esa parte de m\u00ed estaba dormida.<\/p>\n<p>Pero reci\u00e9n vi un comercial de la gente de <a href=\"http:\/\/socialsnack.com\/\" onclick=\"_gaq.push(['_trackEvent', 'outbound-article', 'http:\/\/socialsnack.com\/', 'Social Snack']);\" >Social Snack<\/a> que me hizo volver a tener 16 a\u00f1os. No hab\u00eda carrera ni redactora atr\u00e1s, ni nada: hubo una l\u00e1grima. Es una idea que me lleg\u00f3 al coraz\u00f3n sin hacer escala en el cerebro. Mirala.<\/p>\n<p><iframe loading=\"lazy\" width=\"580\" height=\"315\" src=\"\/\/www.youtube.com\/embed\/hoghfhcSW48\" frameborder=\"0\" allowfullscreen><\/iframe><br \/>\n<em>La campa\u00f1a digital que Social Snack hizo para Claro para el D\u00eda de la Madre, en la que buscaron resaltar la importancia de la comunicaci\u00f3n entre padres e hijos desde un lugar tan lindo y sentido como las primeras palabras de una madre a su hijo\/a. M\u00e1s info, <a href=\"http:\/\/www.dossiernet.com.ar\/articulo\/claro-celebra-el-dia-de-la-madre-con-primeraspalabras\/2750\" onclick=\"_gaq.push(['_trackEvent', 'outbound-article', 'http:\/\/www.dossiernet.com.ar\/articulo\/claro-celebra-el-dia-de-la-madre-con-primeraspalabras\/2750', 'en Dossiernet']);\" target=\"_blank\">en Dossiernet<\/a><\/em>.<\/p>\n<p>&nbsp;<br \/>\nAmiguit@, muchas cosas salen mal en la carrera. Tengo la idea de que para que algo salga bien tienen que salir mal m\u00e1s de 200.000. Pero hoy, amiguit@, hoy sali\u00f3 esa idea que te pone la <em>pielcita de pollo<\/em> y que te hace recordar por qu\u00e9 elegiste esto. Ojal\u00e1 la disfrutes tanto como yo. Si te emocion\u00f3, me encantar\u00eda que me lo contaras por email a <a href=\"mailto:soporteparacreativos@outlook.com\" onclick=\"_gaq.push(['_trackEvent','mailto','soporteparacreativos@outlook.com']);\" >soporteparacreativos@outlook.com<\/a>. Gracias y que tengas buena semana.<\/p>\n<p>&nbsp;<br \/>\n<strong>Chechu<\/strong><br \/>\n&nbsp;<br \/>\n&nbsp;<\/p>\n","protected":false},"excerpt":{"rendered":"<p>(ARGENTINA) \u2013 Cecilia P\u00e9rez, Chechu para los amigos, es redactora en Young &#038; Rubicam Buenos Aires y ostenta una carrera que, de 2005 para ac\u00e1, incluye los pasos por ADN Comunicaci\u00f3n y por Dentsu, m\u00e1s algunos premios como un le\u00f3n de Cannes en 2011 y premios en El Ojo de Iberoam\u00e9rica y en el FIAP en 2012. Columnista de PB [&hellip;]<\/p>\n","protected":false},"author":12,"featured_media":25236,"comment_status":"open","ping_status":"open","sticky":false,"template":"","format":"standard","meta":{"footnotes":""},"categories":[4136],"tags":[26,2869,3624,3334,3623,3625,236],"class_list":["post-25230","post","type-post","status-publish","format-standard","has-post-thumbnail","hentry","category-coach-del-publicitario","tag-argentina","tag-chechu-perez-argentina","tag-claro-argentina","tag-coach-del-creativo-publicitario","tag-ley-de-murphy","tag-social-snack-argentina","tag-young-rubicam-argentina"],"_links":{"self":[{"href":"https:\/\/www.primerbrief.com\/index.php?rest_route=\/wp\/v2\/posts\/25230","targetHints":{"allow":["GET"]}}],"collection":[{"href":"https:\/\/www.primerbrief.com\/index.php?rest_route=\/wp\/v2\/posts"}],"about":[{"href":"https:\/\/www.primerbrief.com\/index.php?rest_route=\/wp\/v2\/types\/post"}],"author":[{"embeddable":true,"href":"https:\/\/www.primerbrief.com\/index.php?rest_route=\/wp\/v2\/users\/12"}],"replies":[{"embeddable":true,"href":"https:\/\/www.primerbrief.com\/index.php?rest_route=%2Fwp%2Fv2%2Fcomments&post=25230"}],"version-history":[{"count":8,"href":"https:\/\/www.primerbrief.com\/index.php?rest_route=\/wp\/v2\/posts\/25230\/revisions"}],"predecessor-version":[{"id":29226,"href":"https:\/\/www.primerbrief.com\/index.php?rest_route=\/wp\/v2\/posts\/25230\/revisions\/29226"}],"wp:featuredmedia":[{"embeddable":true,"href":"https:\/\/www.primerbrief.com\/index.php?rest_route=\/wp\/v2\/media\/25236"}],"wp:attachment":[{"href":"https:\/\/www.primerbrief.com\/index.php?rest_route=%2Fwp%2Fv2%2Fmedia&parent=25230"}],"wp:term":[{"taxonomy":"category","embeddable":true,"href":"https:\/\/www.primerbrief.com\/index.php?rest_route=%2Fwp%2Fv2%2Fcategories&post=25230"},{"taxonomy":"post_tag","embeddable":true,"href":"https:\/\/www.primerbrief.com\/index.php?rest_route=%2Fwp%2Fv2%2Ftags&post=25230"}],"curies":[{"name":"wp","href":"https:\/\/api.w.org\/{rel}","templated":true}]}}