{"id":25258,"date":"2014-10-27T03:59:15","date_gmt":"2014-10-27T06:59:15","guid":{"rendered":"http:\/\/www.primerbrief.com\/?p=25258"},"modified":"2014-10-27T13:09:14","modified_gmt":"2014-10-27T16:09:14","slug":"llegan-los-premios-cantera-para-estudiantes-organizados-por-el-diario-los-andes","status":"publish","type":"post","link":"https:\/\/www.primerbrief.com\/?p=25258","title":{"rendered":"Llegan los premios Cantera, para estudiantes, organizados por el diario Los Andes"},"content":{"rendered":"<p><span style=\"font-size: 11pt;\"><strong>(ARGENTINA) &#8211; Dentro de lo que ya se conoce como <a href=\"http:\/\/plap.losandes.com.ar\/\" onclick=\"_gaq.push(['_trackEvent', 'outbound-article', 'http:\/\/plap.losandes.com.ar\/', 'Premios Plap']);\" target=\"_blank\">Premios Plap<\/a>, el diario Los Andes acaba de anunciar una nueva categor\u00eda, exclusiva para estudiantes de hasta 25 a\u00f1os, que deber\u00e1n acreditar su condici\u00f3n de alumnos regulares en 2014 y tendr\u00e1n hasta las 14 horas del viernes 14 de noviembre para participar. En la nota, las bases y el brief, cuyo tema es el <em>ciberbullying<\/em>.<\/strong><\/span><\/p>\n<p><a href=\"http:\/\/www.primerbrief.com\/wp-content\/uploads\/2014\/10\/ARG-PlapCanteraDeLosAndes-GR.jpg\" onclick=\"_gaq.push(['_trackEvent', 'outbound-article-int', 'http:\/\/www.primerbrief.com\/wp-content\/uploads\/2014\/10\/ARG-PlapCanteraDeLosAndes-GR.jpg', '']);\" ><img loading=\"lazy\" decoding=\"async\" src=\"http:\/\/www.primerbrief.com\/wp-content\/uploads\/2014\/10\/ARG-PlapCanteraDeLosAndes-580px.jpg\" alt=\"\" title=\"Los premios Cantera\" width=\"580\" height=\"147\" class=\"alignleft size-full wp-image-25261\" srcset=\"https:\/\/www.primerbrief.com\/wp-content\/uploads\/2014\/10\/ARG-PlapCanteraDeLosAndes-580px.jpg 580w, https:\/\/www.primerbrief.com\/wp-content\/uploads\/2014\/10\/ARG-PlapCanteraDeLosAndes-580px-300x76.jpg 300w\" sizes=\"auto, (max-width: 580px) 100vw, 580px\" \/><\/a><br \/>\n<em>Los premios Cantera tendr\u00e1n como jurados a publicitarios y docentes de la ciudad de Mendoza.<\/em> <\/p>\n<p>&nbsp;<br \/>\n<span style=\"font-size: 11pt;\"><strong>EL CORAZ\u00d3N DEL BRIEF<\/strong><\/span><\/p>\n<p><strong>BRIEF DE TEMA \u201cCIBERBULLYING\u201d \u2022 PLAP &#8211; PREMIOS LOS ANDES A LA PUBLICIDAD 2014 \u2022 CATEGOR\u00cdA CANTERA<\/strong><br \/>\nEsta categor\u00eda es para j\u00f3venes estudiantes que con s\u00f3lo presentar el certificado de alumnos regulares 2014 ser\u00e1n aceptados.<br \/>\n\u00bfPor qu\u00e9 Cantera? Tomamos este t\u00e9rmino del mundo del f\u00fatbol: se hace referencia a las divisiones inferiores, a las futuras estrellas de los clubes.<br \/>\nEstamos convencidos de que en las facultades hay mucho potencial en los estudiantes, talentos por descubrir y condiciones que cumplir.<br \/>\nVamos a proponer un tema para que ustedes armen una campa\u00f1a multiplataforma. Esta tiene que tener como m\u00ednimo el soporte del diario, gr\u00e1fica, aunque pueden incluir otros soportes.<\/p>\n<p><strong>TEMA DE LA CAMPA\u00d1A: CIBERBULLYING<\/strong><br \/>\n\u00bfQu\u00e9 es el <em>ciberbullying<\/em>?<br \/>\nSupone el acoso por medio de burlas, amenazas o acciones similares a trav\u00e9s de internet o el tel\u00e9fono m\u00f3vil.<br \/>\nNo se trata del acoso o abuso de \u00edndole estrictamente sexual ni los casos en los que personas adultas intervienen.<br \/>\nTres personas influyen en la problem\u00e1tica: Acosador \u2013 Acosado \u2013 Testigo.<br \/>\nEmisor de la campa\u00f1a: Diario Los Andes<br \/>\nReceptor de la campa\u00f1a: Adultos, padres<\/p>\n<p><strong>OBJETIVO<\/strong><br \/>\nConcientizar la problem\u00e1tica existente y hacer que los adultos, padres tengan en cuenta que su hijo puede ser el acosador, el acosado o el testigo (que no hace nada para solucionarlo).<\/p>\n<p><strong>TONO DE LA CAMPA\u00d1A<\/strong><br \/>\nEducativo, informativo, concientizador, emp\u00e1tico.<\/p>\n<p><strong>CAMBIOS ESPERADOS<\/strong><br \/>\n&#8211; Que la sociedad conozca y entienda la problem\u00e1tica del ciberbullying.<br \/>\n&#8211; Que los adultos logren frenar, prevenir o detectar al ni\u00f1o acosado, acosador o testigo del acoso.<\/p>\n<p><strong>DATOS T\u00c9CNICOS<\/strong><br \/>\nLos trabajos podr\u00e1n ser individuales o en grupos de hasta 3 personas.<br \/>\nLos trabajos se deber\u00e1n presentar de la siguiente forma:<br \/>\n\u2022 El trabajo de gr\u00e1fica deber\u00e1 presentarse en original impreso en A3 en una sola cara del papel. La diagramaci\u00f3n de la pieza deber\u00e1 tener un tama\u00f1o de 31,05 x 51,43 cm. En el dorso del papel deber\u00e1 llevar el r\u00f3tulo S\u00d3LO con el seud\u00f3nimo.<br \/>\n\u2022 Un CD con el archivo original de 31,05 x 51,43 cm. a 300dpi en cualquiera de los siguientes formatos: JPG \/ TIFF \/ PNG \/ PSD. De elegirse otros de los soportes propuestos, la presentaci\u00f3n se deber\u00e1 realizar en un archivo de Power Point de no m\u00e1s de 5 placas.<br \/>\nTen\u00e9s tiempo desde el 20 de octubre hasta el 14 de noviembre de 2014 para presentar las piezas como lo indica el reglamento. <\/p>\n<p>&nbsp;<br \/>\n<span style=\"font-size: 11pt;\"><strong>EL JURADO<\/strong><\/span><\/p>\n<p>Ser\u00e1n directivos del diario Los Andes y directores creativos de agencias de Mendoza: Daniel Vinderman (PYLV), Gustavo Casa\u00f1o (Argency), Hern\u00e1n Ouyet (Brokers), Carolina Tomba (UJAM), Alejandro Cobo (Los Anes), Gabriel Frajberg (Los Andes) y Carolina Pessoti (Los Andes).<\/p>\n<p>&nbsp;<br \/>\n<span style=\"font-size: 11pt;\"><strong>LAS BASES Y EL BRIEF, JUNTOS<\/strong><\/span><\/p>\n<p><a href=\"http:\/\/plap.losandes.com.ar\/pdf\/basescantera2014.pdf\" onclick=\"_gaq.push(['_trackEvent','download','http:\/\/plap.losandes.com.ar\/pdf\/basescantera2014.pdf']);\" target=\"_blank\"><img loading=\"lazy\" decoding=\"async\" src=\"http:\/\/www.primerbrief.com\/wp-content\/uploads\/2011\/10\/logo-pdf.jpg\" alt=\"\" title=\"logo-pdf\" width=\"40\" height=\"39\" class=\"alignleft size-full wp-image-4537\" style=\"margin: 0px 10px 0px 0px\" \/><\/a><br \/>\n<a href=\"http:\/\/plap.losandes.com.ar\/pdf\/basescantera2014.pdf\" onclick=\"_gaq.push(['_trackEvent','download','http:\/\/plap.losandes.com.ar\/pdf\/basescantera2014.pdf']);\" target=\"_blank\"><strong>Premios Plap del diario Los Andes &#8211; Premios Cantera para Estudiantes &#8211; Bases y brief &#8211; En formato PDF<\/strong><\/a><\/p>\n<p style=\"clear:left;\">\n<p>&nbsp;<br \/>\n<span style=\"font-size: 11pt;\"><strong>CONTACTO<\/strong><\/span><\/p>\n<p>\u2022 <a target=\"_blank\" href=\"losandes.com.ar\/plap\/cantera\">losandes.com.ar\/plap\/cantera<\/a><br \/>\n\u2022 <a target=\"_blank\" href=\"facebook \/plaplosandes\">facebook \/plaplosandes<\/a><br \/>\n\u2022 Tel\u00e9fono: 449 1212<br \/>\n\u2022 Email general: <a href=\"mailto:plap@losandes.com.ar\" onclick=\"_gaq.push(['_trackEvent','mailto','plap@losandes.com.ar']);\" >plap@losandes.com.ar<\/a><br \/>\n\u2022 Germ\u00e1n Arenas: <a href=\"mailto:garenas@losandes.com.ar\" onclick=\"_gaq.push(['_trackEvent','mailto','garenas@losandes.com.ar']);\" >garenas@losandes.com.ar<\/a><br \/>\n\u2022 Agustina Kletschke: <a href=\"mailto:agustinak@losandes.com.ar\" onclick=\"_gaq.push(['_trackEvent','mailto','agustinak@losandes.com.ar']);\" >agustinak@losandes.com.ar<\/a><br \/>\n&nbsp;<br \/>\n&nbsp;<\/p>\n","protected":false},"excerpt":{"rendered":"<p>(ARGENTINA) &#8211; Dentro de lo que ya se conoce como Premios Plap, el diario Los Andes acaba de anunciar una nueva categor\u00eda, exclusiva para estudiantes de hasta 25 a\u00f1os, que deber\u00e1n acreditar su condici\u00f3n de alumnos regulares en 2014 y tendr\u00e1n hasta las 14 horas del viernes 14 de noviembre para participar. En la nota, las bases y el brief, [&hellip;]<\/p>\n","protected":false},"author":3,"featured_media":25259,"comment_status":"open","ping_status":"open","sticky":false,"template":"","format":"standard","meta":{"footnotes":""},"categories":[145],"tags":[3627,3628,1748,3629],"class_list":["post-25258","post","type-post","status-publish","format-standard","has-post-thumbnail","hentry","category-premios","tag-carolina-estomba-argentina","tag-diario-los-andes-argentina","tag-mendoza-argentina","tag-premios-cantera"],"_links":{"self":[{"href":"https:\/\/www.primerbrief.com\/index.php?rest_route=\/wp\/v2\/posts\/25258","targetHints":{"allow":["GET"]}}],"collection":[{"href":"https:\/\/www.primerbrief.com\/index.php?rest_route=\/wp\/v2\/posts"}],"about":[{"href":"https:\/\/www.primerbrief.com\/index.php?rest_route=\/wp\/v2\/types\/post"}],"author":[{"embeddable":true,"href":"https:\/\/www.primerbrief.com\/index.php?rest_route=\/wp\/v2\/users\/3"}],"replies":[{"embeddable":true,"href":"https:\/\/www.primerbrief.com\/index.php?rest_route=%2Fwp%2Fv2%2Fcomments&post=25258"}],"version-history":[{"count":1,"href":"https:\/\/www.primerbrief.com\/index.php?rest_route=\/wp\/v2\/posts\/25258\/revisions"}],"predecessor-version":[{"id":25263,"href":"https:\/\/www.primerbrief.com\/index.php?rest_route=\/wp\/v2\/posts\/25258\/revisions\/25263"}],"wp:featuredmedia":[{"embeddable":true,"href":"https:\/\/www.primerbrief.com\/index.php?rest_route=\/wp\/v2\/media\/25259"}],"wp:attachment":[{"href":"https:\/\/www.primerbrief.com\/index.php?rest_route=%2Fwp%2Fv2%2Fmedia&parent=25258"}],"wp:term":[{"taxonomy":"category","embeddable":true,"href":"https:\/\/www.primerbrief.com\/index.php?rest_route=%2Fwp%2Fv2%2Fcategories&post=25258"},{"taxonomy":"post_tag","embeddable":true,"href":"https:\/\/www.primerbrief.com\/index.php?rest_route=%2Fwp%2Fv2%2Ftags&post=25258"}],"curies":[{"name":"wp","href":"https:\/\/api.w.org\/{rel}","templated":true}]}}