{"id":25323,"date":"2014-11-03T04:00:13","date_gmt":"2014-11-03T07:00:13","guid":{"rendered":"http:\/\/www.primerbrief.com\/?p=25323"},"modified":"2014-11-03T16:38:25","modified_gmt":"2014-11-03T19:38:25","slug":"entrevista-a-liliana-henao-cortes-y-juan-daniel-suarez","status":"publish","type":"post","link":"https:\/\/www.primerbrief.com\/?p=25323","title":{"rendered":"Juan Daniel Su\u00e1rez y Liliana Guevara Henao: \u00abConozcan cada d\u00eda algo nuevo\u00bb"},"content":{"rendered":"<p><span style=\"font-size: 11pt\"><strong>(COLOMBIA) &#8211; Hace poquito se entregaron los Young Golds en el festival El Dorado 2014. Asomando en el shortlist aparec\u00eda una dupla que nos sonaba familiar: <a href=\"http:\/\/www.primerbrief.com\/?tag=juan-daniel-suarez-beltran-colombia\" onclick=\"_gaq.push(['_trackEvent', 'outbound-article-int', 'http:\/\/www.primerbrief.com\/?tag=juan-daniel-suarez-beltran-colombia', 'Juan Daniel Su\u00e1rez']);\" >Juan Daniel Su\u00e1rez<\/a> y <a href=\"http:\/\/www.primerbrief.com\/?tag=liliana-guevara-henao-colombia\" onclick=\"_gaq.push(['_trackEvent', 'outbound-article-int', 'http:\/\/www.primerbrief.com\/?tag=liliana-guevara-henao-colombia', 'Liliana Guevara Henao']);\" >Liliana Guevara Henao<\/a>; ambos nombres se vienen repitiendo en festivales importantes desde hace tiempo. Desde PRIMER BRIEF quer\u00edamos entrevistarlos: \u00bfqu\u00e9 esper\u00e1s para leer lo que dijeron?<\/strong><\/span><\/p>\n<p><a href=\"http:\/\/www.primerbrief.com\/wp-content\/uploads\/2014\/11\/COL-JuanDanielSuarezLilianaHenao-GR.jpg\" onclick=\"_gaq.push(['_trackEvent', 'outbound-article-int', 'http:\/\/www.primerbrief.com\/wp-content\/uploads\/2014\/11\/COL-JuanDanielSuarezLilianaHenao-GR.jpg', '']);\" ><img loading=\"lazy\" decoding=\"async\" src=\"http:\/\/www.primerbrief.com\/wp-content\/uploads\/2014\/11\/COL-JuanDanielSuarezLilianaHenao-580px.jpg\" alt=\"COL-JuanDanielSuarezLilianaHenao-580px\" width=\"580\" height=\"265\" class=\"alignleft size-full wp-image-25376\" srcset=\"https:\/\/www.primerbrief.com\/wp-content\/uploads\/2014\/11\/COL-JuanDanielSuarezLilianaHenao-580px.jpg 580w, https:\/\/www.primerbrief.com\/wp-content\/uploads\/2014\/11\/COL-JuanDanielSuarezLilianaHenao-580px-300x137.jpg 300w\" sizes=\"auto, (max-width: 580px) 100vw, 580px\" \/><\/a><br \/>\n<em>Juan Daniel y Liliana, fotografiados cuando alcanzaron el bronce en los Young Lions Colombia, en mayo pasado.<\/em><\/p>\n<p>&nbsp;<br \/>\n<a href=\"http:\/\/www.primerbrief.com\/wp-content\/uploads\/2014\/09\/staff-denis-gr.jpg\" onclick=\"_gaq.push(['_trackEvent', 'outbound-article-int', 'http:\/\/www.primerbrief.com\/wp-content\/uploads\/2014\/09\/staff-denis-gr.jpg', '']);\" ><img loading=\"lazy\" decoding=\"async\" class=\"alignleft size-full wp-image-24367\" style=\"margin: 0px 10px 0px 0px;\" title=\"staff-denis-60x60px\" src=\"http:\/\/www.primerbrief.com\/wp-content\/uploads\/2014\/09\/staff-denis-60x60px.jpg\" alt=\"\" width=\"60\" height=\"60\" \/><\/a><strong>TEXTO POR <a href=\"http:\/\/www.primerbrief.com\/?tag=denis-vivoda-argentina\" onclick=\"_gaq.push(['_trackEvent', 'outbound-article-int', 'http:\/\/www.primerbrief.com\/?tag=denis-vivoda-argentina', 'DENIS VIVODA']);\"  target=\"_blank\">DENIS VIVODA<\/a><\/strong><br \/>\nEstudiante de redacci\u00f3n publicitaria en la <a href=\"http:\/\/www.aapublicidad.org.ar\" onclick=\"_gaq.push(['_trackEvent', 'outbound-article', 'http:\/\/www.aapublicidad.org.ar', 'Asociaci\u00f3n Argentina de Publicidad']);\"  target=\"_blank\">Asociaci\u00f3n Argentina de Publicidad<\/a><br \/>\n<em>Especial para PB<\/em><br \/>\n(Fotos: Gentileza Juan y Liliana)<\/p>\n<p>&nbsp;<br \/>\n<strong>PRIMER BRIEF: Cu\u00e9ntennos un poco sobre ustedes.<\/strong><br \/>\n<strong>Liliana:<\/strong> Somos de Bogot\u00e1, Colombia. Yo tengo 22 a\u00f1os y llegu\u00e9 a la publicidad por casualidad, en el colegio quer\u00eda estudiar cine y televisi\u00f3n, pero por cuestiones econ\u00f3micas no pude y por suerte llegu\u00e9 a estudiar publicidad.<br \/>\n<strong>Juan:<\/strong> Yo tengo 23 a\u00f1os. Cuando sal\u00ed del colegio quer\u00eda estudiar dise\u00f1o, me present\u00e9 a Artes Pl\u00e1sticas en la ASAB, pero despu\u00e9s me di cuenta de que quer\u00eda estudiar publicidad.<\/p>\n<p><strong>PB: \u00bfCu\u00e1nto hace que trabajan como dupla?<\/strong><br \/>\n<strong>Juan:<\/strong> Estamos juntos desde el primer semestre, hace unos cuatro a\u00f1os, y desde ese momento nos hemos entendido muy bien.<\/p>\n<p><img loading=\"lazy\" decoding=\"async\" src=\"http:\/\/www.primerbrief.com\/wp-content\/uploads\/2014\/10\/COL-YoungGolds-EstudiantesFinalistas-580px.jpg\" alt=\"\" title=\"El finalista de Liliana y Juan\" width=\"580\" height=\"967\" class=\"alignleft size-full wp-image-25033\" \/><br \/>\n<em>La pieza que les vali\u00f3 el shortlist a Juan y Liliana, \u00fanicos estudiantes que lograron \u00abcolarse\u00bb entre los finalistas de los Young Golds de El Dorado. Si quer\u00e9s ver m\u00e1s de sus trabajos, <a href=\"http:\/\/lilianaguevarahenao.wix.com\/portafolio\" onclick=\"_gaq.push(['_trackEvent', 'outbound-article', 'http:\/\/lilianaguevarahenao.wix.com\/portafolio', 'esta']);\" >esta<\/a> es la p\u00e1gina que ten\u00e9s que visitar.<\/em><\/p>\n<p>&nbsp;<br \/>\n<strong>PB: Hace poco fueron finalistas en un festival no s\u00f3lo importante, sino tambi\u00e9n exigente, los Young Golds. \u00bfC\u00f3mo se sinti\u00f3?<\/strong><br \/>\n<strong>Juan:<\/strong> Muy bien, fue un gran logro ver nuestros nombres entre los finalistas.<br \/>\n<strong>Liliana:<\/strong> Fue algo agridulce; apenas vimos que est\u00e1bamos entre los finalistas nos pusimos muy felices y agradecidos por hacer parte de esa corta lista; pero, como todos, quer\u00edamos ganar.<\/p>\n<p><strong>PB: Ya ustedes vienen apareciendo en varias premiaciones. Si tuvieran que otorgarle una causa a eso, \u00bfqu\u00e9 dir\u00edan que es?<\/strong><br \/>\n<strong>Liliana:<\/strong> La dedicaci\u00f3n y el amor que tenemos por lo que hacemos, aunque hasta ahora estamos comenzando, siento que nos enamoramos de esto y buscamos la mejor manera de hacerlo.<br \/>\n<strong>Juan:<\/strong> Adem\u00e1s, despu\u00e9s de que uno gana un reconocimiento, se siente un poco m\u00e1s seguro y le mete todas las ganas para que esa situaci\u00f3n se repita.<\/p>\n<p>&nbsp;<br \/>\n<iframe loading=\"lazy\" width=\"560\" height=\"315\" src=\"\/\/www.youtube.com\/embed\/ET_AJCvKZ9o\" frameborder=\"0\" allowfullscreen><\/iframe><br \/>\n<em>La pieza de Juan Daniel y Liliana ganadora del Caracol de Plata 2013, categor\u00eda Medios alternativos<\/em>.<\/p>\n<p>&nbsp;<br \/>\n<strong>PB:\u00bfTrabajo o talento?<\/strong><br \/>\n<strong>Liliana:<\/strong> Ambas, el talento es algo que viene contigo, pero si no lo trabajas se queda en el \u00abchispazo\u00bb y no puede trascender a nada m\u00e1s.<br \/>\n<strong>Juan:<\/strong> Es una mezcla de 20 por ciento talento y 80 por ciento trabajo, porque es una habilidad que, si no se trabaja, se pierde.<\/p>\n<p><strong>PB: \u00bfC\u00f3mo sienten que los prepar\u00f3 la Universidad para la vida en agencia?<\/strong><br \/>\n<strong>Liliana:<\/strong> Siento que la universidad te da una parte de lo que necesitas para trabajar en una agencia, es una cuesti\u00f3n m\u00e1s te\u00f3rica y el resto viene por iniciativa propia, porque lo que te diferencia entre m\u00e1s de 400 publicistas graduados por semestre son las ganas y las cosas que hayas logrado hacer en ese tiempo de estudio.<\/p>\n<p><strong>PB: \u00bfQu\u00e9 cosas aprendieron trabajando en agencia que no aprendieron en la Universidad?<\/strong><br \/>\n<strong>Juan:<\/strong> En la agencia el ritmo es diferente, el cliente quiere todo en un corto tiempo, mientras que en la universidad tenemos unos tiempos m\u00e1s flexibles, sin mencionar que la presi\u00f3n por tener un cliente real esperando tu trabajo es 100 veces mayor a un ejercicio realizado en clase.<\/p>\n<p><strong>PB:\u00bfQu\u00e9 consejo le dar\u00edan a alguien que reci\u00e9n empieza en la publicidad?<\/strong><br \/>\n<strong>Juan:<\/strong> Que se empape mucho del medio, que vea mucha publicidad, pero que tambi\u00e9n haga cosas que lo puedan inspirar.<br \/>\n<strong>Liliana:<\/strong> Que haga todo lo posible por sobresalir, son mucho los egresados y pocas las oportunidades de hacer parte de una agencia. Que conozca todos los d\u00edas algo nuevo y que no pare de sorprenderse.<br \/>\n&nbsp;<br \/>\n&nbsp;<\/p>\n","protected":false},"excerpt":{"rendered":"<p>(COLOMBIA) &#8211; Hace poquito se entregaron los Young Golds en el festival El Dorado 2014. Asomando en el shortlist aparec\u00eda una dupla que nos sonaba familiar: Juan Daniel Su\u00e1rez y Liliana Guevara Henao; ambos nombres se vienen repitiendo en festivales importantes desde hace tiempo. Desde PRIMER BRIEF quer\u00edamos entrevistarlos: \u00bfqu\u00e9 esper\u00e1s para leer lo que dijeron? Juan Daniel y Liliana, [&hellip;]<\/p>\n","protected":false},"author":12,"featured_media":25371,"comment_status":"open","ping_status":"open","sticky":false,"template":"","format":"standard","meta":{"footnotes":""},"categories":[46],"tags":[88,3090,3089,3646],"class_list":["post-25323","post","type-post","status-publish","format-standard","has-post-thumbnail","hentry","category-quien-es-quien","tag-colombia","tag-juan-daniel-suarez-beltran-colombia","tag-liliana-guevara-henao-colombia","tag-young-golds-colombia"],"_links":{"self":[{"href":"https:\/\/www.primerbrief.com\/index.php?rest_route=\/wp\/v2\/posts\/25323","targetHints":{"allow":["GET"]}}],"collection":[{"href":"https:\/\/www.primerbrief.com\/index.php?rest_route=\/wp\/v2\/posts"}],"about":[{"href":"https:\/\/www.primerbrief.com\/index.php?rest_route=\/wp\/v2\/types\/post"}],"author":[{"embeddable":true,"href":"https:\/\/www.primerbrief.com\/index.php?rest_route=\/wp\/v2\/users\/12"}],"replies":[{"embeddable":true,"href":"https:\/\/www.primerbrief.com\/index.php?rest_route=%2Fwp%2Fv2%2Fcomments&post=25323"}],"version-history":[{"count":10,"href":"https:\/\/www.primerbrief.com\/index.php?rest_route=\/wp\/v2\/posts\/25323\/revisions"}],"predecessor-version":[{"id":25378,"href":"https:\/\/www.primerbrief.com\/index.php?rest_route=\/wp\/v2\/posts\/25323\/revisions\/25378"}],"wp:featuredmedia":[{"embeddable":true,"href":"https:\/\/www.primerbrief.com\/index.php?rest_route=\/wp\/v2\/media\/25371"}],"wp:attachment":[{"href":"https:\/\/www.primerbrief.com\/index.php?rest_route=%2Fwp%2Fv2%2Fmedia&parent=25323"}],"wp:term":[{"taxonomy":"category","embeddable":true,"href":"https:\/\/www.primerbrief.com\/index.php?rest_route=%2Fwp%2Fv2%2Fcategories&post=25323"},{"taxonomy":"post_tag","embeddable":true,"href":"https:\/\/www.primerbrief.com\/index.php?rest_route=%2Fwp%2Fv2%2Ftags&post=25323"}],"curies":[{"name":"wp","href":"https:\/\/api.w.org\/{rel}","templated":true}]}}