{"id":25482,"date":"2014-11-11T03:59:11","date_gmt":"2014-11-11T06:59:11","guid":{"rendered":"http:\/\/www.primerbrief.com\/?p=25482"},"modified":"2014-11-10T09:06:22","modified_gmt":"2014-11-10T12:06:22","slug":"luis-y-diogo-sobre-el-diente-es-una-muy-buena-carta-de-presentacion","status":"publish","type":"post","link":"https:\/\/www.primerbrief.com\/?p=25482","title":{"rendered":"Luis y Diogo sobre el Diente: \u00abEs una muy buena carta de presentaci\u00f3n\u00bb"},"content":{"rendered":"<p><span style=\"font-size: 11pt\"><strong>(ARGENTINA) &#8211; Ya lo sab\u00e9s de memoria: este viernes 14 cierra el plazo para mandar trabajos a la categor\u00eda Estudiantes de <a href=\"http:\/\/www.creativosargentinos.org\/site\/?page_id=1402\" onclick=\"_gaq.push(['_trackEvent', 'outbound-article', 'http:\/\/www.creativosargentinos.org\/site\/?page_id=1402', 'Diente 2014']);\" target=\"_blank\">Diente 2014<\/a>. Para entusiasmarte, entrevistamos a algunos de los ganadores del a\u00f1o pasado y les dimos \u00a1este lugarcito en PB! Hoy es el turno de Luis Guti\u00e9rrez Araque y Diogo Montecarlo, una dupla que <a href=\"http:\/\/www.primerbrief.com\/?p=24947\" onclick=\"_gaq.push(['_trackEvent', 'outbound-article-int', 'http:\/\/www.primerbrief.com\/?p=24947', 'conocimos']);\" >conocimos<\/a> hace poco, cuando ganaron un bronce los premios Clio 2014, y que en Diente 2014 hab\u00edan ganado un plata en la categor\u00eda Gr\u00e1fica. Luis y Diogo son breves pero muy contundentes.<\/strong><\/span><\/p>\n<p><a href=\"http:\/\/www.primerbrief.com\/wp-content\/uploads\/2014\/11\/ARG-AraqueMontecarlo-GanadoresDiente2013-920x239px.jpg\" onclick=\"_gaq.push(['_trackEvent', 'outbound-article-int', 'http:\/\/www.primerbrief.com\/wp-content\/uploads\/2014\/11\/ARG-AraqueMontecarlo-GanadoresDiente2013-920x239px.jpg', '']);\" ><img loading=\"lazy\" decoding=\"async\" src=\"http:\/\/www.primerbrief.com\/wp-content\/uploads\/2014\/11\/ARG-AraqueMontecarlo-GanadoresDiente2013-580x151px.jpg\" alt=\"ARG-AraqueMontecarlo-GanadoresDiente2013-580x151px\" width=\"580\" height=\"151\" class=\"alignleft size-full wp-image-25512\" srcset=\"https:\/\/www.primerbrief.com\/wp-content\/uploads\/2014\/11\/ARG-AraqueMontecarlo-GanadoresDiente2013-580x151px.jpg 580w, https:\/\/www.primerbrief.com\/wp-content\/uploads\/2014\/11\/ARG-AraqueMontecarlo-GanadoresDiente2013-580x151px-300x78.jpg 300w\" sizes=\"auto, (max-width: 580px) 100vw, 580px\" \/><\/a><br \/>\n<em>La de Luis Guti\u00e9rrez Araque y Diogo Montecarlo es una dupla hispano-brasile\u00f1a formada en Brother Buenos Aires que actualmente trabaja en la agencia Don.<\/em><\/p>\n<p>&nbsp;<br \/>\n<strong>\u2014Hace ya un a\u00f1o estuvieron en el podio de un premio important\u00edsimo: \u00bfc\u00f3mo se sinti\u00f3?<\/strong><br \/>\n\u2014Es una sensaci\u00f3n muy agradable. Fueron los primeros premios que ganamos juntos y era una se\u00f1al de que est\u00e1bamos haciendo bien el trabajo, de que \u00edbamos por el camino correcto.<\/p>\n<p><strong>\u2014\u00bfCu\u00e1l es la importancia de los premios en la carrera de un estudiante?<\/strong><br \/>\n\u2014Lo m\u00e1s importante es que te ayuda a darte a conocer en un mundo hipersaturado como el de la publicidad. Adem\u00e1s, es una muy buena carta de presentaci\u00f3n para los que estamos empezando, ya que es un premio otorgado \u00edntegramente por creativos. Sobre todo, si ven\u00eds de otro pa\u00eds, como es nuestro caso.<\/p>\n<p><strong>\u2014\u00bfQu\u00e9 se necesita para llegar a ganar estos premios?<\/strong><br \/>\n\u2014Esfuerzo, un buen trabajo del que est\u00e9s contento y algunos billetes con la cara de Roca.<\/p>\n<p>&nbsp;<br \/>\n<div id='gallery-1' class='gallery galleryid-25482 gallery-columns-3 gallery-size-theme-gallerysize'><dl class='gallery-item'>\n\t\t\t<dt class='gallery-icon portrait'>\n\t\t\t\t<a href=\"https:\/\/www.primerbrief.com\/wp-content\/uploads\/2013\/11\/DIE-Gra-02Plata-Madre1-GR.jpg\" onclick=\"_gaq.push(['_trackEvent', 'outbound-article-int', 'https:\/\/www.primerbrief.com\/wp-content\/uploads\/2013\/11\/DIE-Gra-02Plata-Madre1-GR.jpg', '']);\" ><img loading=\"lazy\" decoding=\"async\" width=\"120\" height=\"100\" src=\"https:\/\/www.primerbrief.com\/wp-content\/uploads\/2013\/11\/DIE-Gra-02Plata-Madre1-GR-120x100.jpg\" class=\"attachment-theme-gallerysize size-theme-gallerysize\" alt=\"\" \/><\/a>\n\t\t\t<\/dt><\/dl><dl class='gallery-item'>\n\t\t\t<dt class='gallery-icon portrait'>\n\t\t\t\t<a href=\"https:\/\/www.primerbrief.com\/wp-content\/uploads\/2013\/11\/DIE-Gra-02Plata-Madre2-GR.jpg\" onclick=\"_gaq.push(['_trackEvent', 'outbound-article-int', 'https:\/\/www.primerbrief.com\/wp-content\/uploads\/2013\/11\/DIE-Gra-02Plata-Madre2-GR.jpg', '']);\" ><img loading=\"lazy\" decoding=\"async\" width=\"120\" height=\"100\" src=\"https:\/\/www.primerbrief.com\/wp-content\/uploads\/2013\/11\/DIE-Gra-02Plata-Madre2-GR-120x100.jpg\" class=\"attachment-theme-gallerysize size-theme-gallerysize\" alt=\"\" \/><\/a>\n\t\t\t<\/dt><\/dl><dl class='gallery-item'>\n\t\t\t<dt class='gallery-icon portrait'>\n\t\t\t\t<a href=\"https:\/\/www.primerbrief.com\/wp-content\/uploads\/2013\/11\/DIE-Gra-02Plata-Madre3-GR.jpg\" onclick=\"_gaq.push(['_trackEvent', 'outbound-article-int', 'https:\/\/www.primerbrief.com\/wp-content\/uploads\/2013\/11\/DIE-Gra-02Plata-Madre3-GR.jpg', '']);\" ><img loading=\"lazy\" decoding=\"async\" width=\"120\" height=\"100\" src=\"https:\/\/www.primerbrief.com\/wp-content\/uploads\/2013\/11\/DIE-Gra-02Plata-Madre3-GR-120x100.jpg\" class=\"attachment-theme-gallerysize size-theme-gallerysize\" alt=\"\" \/><\/a>\n\t\t\t<\/dt><\/dl><br style=\"clear: both\" \/>\n\t\t<\/div>\n<br \/>\n<em>Las gr\u00e1ficas de Luis y Diogo para Amnesty International que no solo ganaron Plata en el Diente 2013, sino que tambi\u00e9n ganaron Bronce en los Clio 2014. Acordate que pod\u00e9s ver todos sus trabajos <a href=\"http:\/\/cargocollective.com\/gutierrezmontecarlo\" onclick=\"_gaq.push(['_trackEvent', 'outbound-article', 'http:\/\/cargocollective.com\/gutierrezmontecarlo', 'ac\u00e1']);\" >ac\u00e1<\/a>.<\/em><br \/>\n&nbsp;<br \/>\n&nbsp;<\/p>\n","protected":false},"excerpt":{"rendered":"<p>(ARGENTINA) &#8211; Ya lo sab\u00e9s de memoria: este viernes 14 cierra el plazo para mandar trabajos a la categor\u00eda Estudiantes de Diente 2014. Para entusiasmarte, entrevistamos a algunos de los ganadores del a\u00f1o pasado y les dimos \u00a1este lugarcito en PB! Hoy es el turno de Luis Guti\u00e9rrez Araque y Diogo Montecarlo, una dupla que conocimos hace poco, cuando ganaron [&hellip;]<\/p>\n","protected":false},"author":12,"featured_media":25510,"comment_status":"open","ping_status":"open","sticky":false,"template":"","format":"standard","meta":{"footnotes":""},"categories":[145],"tags":[26,105,3586,3590,3588],"class_list":["post-25482","post","type-post","status-publish","format-standard","has-post-thumbnail","hentry","category-premios","tag-argentina","tag-brother-buenos-aires-argentina","tag-diente-2014","tag-diogo-montecarlo-brasil","tag-luis-gutierrez-araque-espana"],"_links":{"self":[{"href":"https:\/\/www.primerbrief.com\/index.php?rest_route=\/wp\/v2\/posts\/25482","targetHints":{"allow":["GET"]}}],"collection":[{"href":"https:\/\/www.primerbrief.com\/index.php?rest_route=\/wp\/v2\/posts"}],"about":[{"href":"https:\/\/www.primerbrief.com\/index.php?rest_route=\/wp\/v2\/types\/post"}],"author":[{"embeddable":true,"href":"https:\/\/www.primerbrief.com\/index.php?rest_route=\/wp\/v2\/users\/12"}],"replies":[{"embeddable":true,"href":"https:\/\/www.primerbrief.com\/index.php?rest_route=%2Fwp%2Fv2%2Fcomments&post=25482"}],"version-history":[{"count":4,"href":"https:\/\/www.primerbrief.com\/index.php?rest_route=\/wp\/v2\/posts\/25482\/revisions"}],"predecessor-version":[{"id":25514,"href":"https:\/\/www.primerbrief.com\/index.php?rest_route=\/wp\/v2\/posts\/25482\/revisions\/25514"}],"wp:featuredmedia":[{"embeddable":true,"href":"https:\/\/www.primerbrief.com\/index.php?rest_route=\/wp\/v2\/media\/25510"}],"wp:attachment":[{"href":"https:\/\/www.primerbrief.com\/index.php?rest_route=%2Fwp%2Fv2%2Fmedia&parent=25482"}],"wp:term":[{"taxonomy":"category","embeddable":true,"href":"https:\/\/www.primerbrief.com\/index.php?rest_route=%2Fwp%2Fv2%2Fcategories&post=25482"},{"taxonomy":"post_tag","embeddable":true,"href":"https:\/\/www.primerbrief.com\/index.php?rest_route=%2Fwp%2Fv2%2Ftags&post=25482"}],"curies":[{"name":"wp","href":"https:\/\/api.w.org\/{rel}","templated":true}]}}