{"id":25697,"date":"2014-11-18T04:00:43","date_gmt":"2014-11-18T07:00:43","guid":{"rendered":"http:\/\/www.primerbrief.com\/?p=25697"},"modified":"2014-11-18T08:48:42","modified_gmt":"2014-11-18T11:48:42","slug":"pancho-gonzalez-en-el-fepi-2014-debes-ser-el-manager-de-tu-propio-producto","status":"publish","type":"post","link":"https:\/\/www.primerbrief.com\/?p=25697","title":{"rendered":"Pancho Gonz\u00e1lez en el FePI 2014: \u00abDebes ser el manager de tu propio producto\u00bb"},"content":{"rendered":"<p><span style=\"font-size: 11pt\"><strong>(IBEROAM\u00c9RICA) \u2013 La \u00faltima edici\u00f3n del <a href=\"https:\/\/www.facebook.com\/FestivaldelaPublicidadIndependiente\/photos_stream?ref=page_internal\" onclick=\"_gaq.push(['_trackEvent', 'outbound-article', 'https:\/\/www.facebook.com\/FestivaldelaPublicidadIndependiente\/photos_stream?ref=page_internal', 'Festival de la Publicidad Independiente']);\" target=\"_blank\">Festival de la Publicidad Independiente<\/a> puede haber terminado hace poco m\u00e1s de un mes, pero sus prestigiosos invitados y sus conferencias siguen dando de qu\u00e9 hablar. En esta ocasi\u00f3n, te contamos de qu\u00e9 hablaron all\u00ed Pancho Gonz\u00e1lez, director general creativo de Inbrax Santiago y Jos\u00e9 Escan\u00e9s, el enviado especial de PRIMER BRIEF.<\/strong><\/span><\/p>\n<p><a href=\"http:\/\/www.primerbrief.com\/wp-content\/uploads\/2014\/11\/CHI-PanchoGonzalezConferencia-FePI2014-Foto1-GR.jpg\" onclick=\"_gaq.push(['_trackEvent', 'outbound-article-int', 'http:\/\/www.primerbrief.com\/wp-content\/uploads\/2014\/11\/CHI-PanchoGonzalezConferencia-FePI2014-Foto1-GR.jpg', '']);\" ><img loading=\"lazy\" decoding=\"async\" src=\"http:\/\/www.primerbrief.com\/wp-content\/uploads\/2014\/11\/CHI-PanchoGonzalezConferencia-FePI2014-Foto1-580px.jpg\" alt=\"CHI-PanchoGonzalezConferencia-FePI2014-Foto1-580px\" width=\"580\" height=\"262\" class=\"alignleft size-full wp-image-25700\" srcset=\"https:\/\/www.primerbrief.com\/wp-content\/uploads\/2014\/11\/CHI-PanchoGonzalezConferencia-FePI2014-Foto1-580px.jpg 580w, https:\/\/www.primerbrief.com\/wp-content\/uploads\/2014\/11\/CHI-PanchoGonzalezConferencia-FePI2014-Foto1-580px-300x135.jpg 300w\" sizes=\"auto, (max-width: 580px) 100vw, 580px\" \/><\/a><br \/>\n<em>Pancho Gonz\u00e1lez es un creativo chileno con larga trayectoria que incluye el paso por varias agencias.<\/em><\/p>\n<p>&nbsp;<br \/>\n<a href=\"http:\/\/www.primerbrief.com\/wp-content\/uploads\/2014\/10\/ARG-JoseEscanes-PorOkiGuzman-GR.jpg\" onclick=\"_gaq.push(['_trackEvent', 'outbound-article-int', 'http:\/\/www.primerbrief.com\/wp-content\/uploads\/2014\/10\/ARG-JoseEscanes-PorOkiGuzman-GR.jpg', '']);\" target=\"_blank\"><img loading=\"lazy\" decoding=\"async\" src=\"http:\/\/www.primerbrief.com\/wp-content\/uploads\/2014\/10\/ARG-JoseEscanes-PorOkiGuzman-60x60px.jpg\" width=\"60\" height=\"60\" class=\"alignleft size-full wp-image-4110\" style=\"margin: 0px 10px 0px 0px\" \/><\/a><strong>POR <a href=\"http:\/\/www.primerbrief.com\/?tag=jose-escanes-argentina\" onclick=\"_gaq.push(['_trackEvent', 'outbound-article-int', 'http:\/\/www.primerbrief.com\/?tag=jose-escanes-argentina', 'JOS\u00c9 ESCAN\u00c9S']);\" target=\"_blank\">JOS\u00c9 ESCAN\u00c9S<\/a><\/strong><br \/>\nEstudiante de la escuela de publicidad <a href=\"http:\/\/escueladepublicidad.com.ar\/\" onclick=\"_gaq.push(['_trackEvent', 'outbound-article', 'http:\/\/escueladepublicidad.com.ar\/', 'Go!']);\" target=\"_blank\">Go!<\/a>, de C\u00f3rdoba<br \/>\n<em>Redacci\u00f3n especial para PB<\/em><br \/>\n(Fotos: <a href=\"https:\/\/www.facebook.com\/phmelacastagna\" onclick=\"_gaq.push(['_trackEvent', 'outbound-article', 'https:\/\/www.facebook.com\/phmelacastagna', 'Mela Castagna \/ Prensa FePI']);\" target=\"_blank\">Mela Castagna \/ Prensa FePI<\/a>)<\/p>\n<p>&nbsp;<br \/>\nPrest\u00e1 atenci\u00f3n en los pr\u00f3ximos festivales de publicidad a los que asistas. A la salida de cada una de sus conferencias, vas a ver estudiantes y j\u00f3venes profesionales m\u00e1s entusiastas que nunca. Y es que esas conferencias sobre casos de \u00e9xito son las que te llenan de ganas de salir a trabajar y demostrarte. \u00bfPero qu\u00e9 pasa cuando te sent\u00e1s y te hablan no s\u00f3lo de creatividad, sino tambi\u00e9n de algo tan importante como los proyectos personales y la autogesti\u00f3n? Esto \u00faltimo fue lo que hizo el publicitario Pancho Gonz\u00e1lez, antes de tomarse un tiempo para hablar con PRIMER BRIEF.<\/p>\n<p><strong>\u2014Algo muy importante que nos qued\u00f3 de tu conferencia es que adem\u00e1s de ser creativos en lo que hacemos, tambi\u00e9n hay que ser conscientes de qu\u00e9 se puede lograr con esa creatividad. Si uno es creativo para pensar una gr\u00e1fica o un comercial, tambi\u00e9n deber\u00eda serlo para emprender, \u00bfcierto?<\/strong><br \/>\n\u2014S\u00ed. La verdad uno debe ser el <em>manager<\/em> de su propio producto. Si sabemos hacer una estrategia o una campa\u00f1a integral para vender algo, podemos hacer lo mismo para manejar nuestra carrera y desarrollo en el mercado. Eso implica definir hacia donde voy, c\u00f3mo voy a llegar all\u00e1, conocer el plan de negocios y por sobre todo conocer mi plan de liderazgo.<\/p>\n<p><strong>\u2014De eso tambi\u00e9n quer\u00edamos hablar. Qued\u00f3 muy claro lo clave que es la posici\u00f3n del l\u00edder y c\u00f3mo sirve como motor motivador para todas las partes del equipo. \u00bfCu\u00e1l crees que es la clave para dirigir y lograr lo m\u00e1s posible?<\/strong><br \/>\n\u2014Para m\u00ed la principal cualidad de un l\u00edder tiene que ver con la convicci\u00f3n. Seguido est\u00e1 la pasi\u00f3n y dedicaci\u00f3n que tiene en su tema. Y tercero es la capacidad de estructurar y organizar de forma muy r\u00e1pida cualquier tipo de cosas bajo cualquier tipo de circunstancias. De hecho, todos tenemos liderazgo. Hay gente que lo tiene forma innata, mientras que otros lo tienen que desarrollar. Basta con hacer esto y lo van a poder desenvolver.<\/p>\n<p><a href=\"http:\/\/www.primerbrief.com\/wp-content\/uploads\/2014\/11\/CHI-PanchoGonzalezConferencia-FePI2014-Foto2-GR.jpg\" onclick=\"_gaq.push(['_trackEvent', 'outbound-article-int', 'http:\/\/www.primerbrief.com\/wp-content\/uploads\/2014\/11\/CHI-PanchoGonzalezConferencia-FePI2014-Foto2-GR.jpg', '']);\" ><img loading=\"lazy\" decoding=\"async\" src=\"http:\/\/www.primerbrief.com\/wp-content\/uploads\/2014\/11\/CHI-PanchoGonzalezConferencia-FePI2014-Foto2-580px.jpg\" alt=\"CHI-PanchoGonzalezConferencia-FePI2014-Foto2-580px\" width=\"580\" height=\"256\" class=\"alignleft size-full wp-image-25702\" srcset=\"https:\/\/www.primerbrief.com\/wp-content\/uploads\/2014\/11\/CHI-PanchoGonzalezConferencia-FePI2014-Foto2-580px.jpg 580w, https:\/\/www.primerbrief.com\/wp-content\/uploads\/2014\/11\/CHI-PanchoGonzalezConferencia-FePI2014-Foto2-580px-300x132.jpg 300w\" sizes=\"auto, (max-width: 580px) 100vw, 580px\" \/><\/a><br \/>\n<em>\u00abPara m\u00ed la principal cualidad de un l\u00edder tiene que ver con la convicci\u00f3n\u00bb, afirm\u00f3 Pancho en su presentaci\u00f3n del FePI, en C\u00f3rdoba 2014.<\/em><\/p>\n<p>&nbsp;<br \/>\n<strong>\u2014\u00bfCrees que saber de negocios ayudar\u00eda a un creativo a vender m\u00e1s ideas que quedar\u00edan en el camino si no quedara tan en claro cu\u00e1nto beneficiar\u00edan a las marcas?<\/strong><br \/>\n\u2014(<em>Risas<\/em>) \u00a1Es una pregunta-respuesta! La verdad es que si conocemos el negocio de una marca, vamos a poder sumar soluciones creativas a \u00e9l. Es como convertirse en el socio de nuestro cliente. \u00bfC\u00f3mo poder presentar algo si no conocemos qu\u00e9 es lo que se busca lograr?<\/p>\n<p><strong>\u2014Entonces podemos decir que se trata de colaborar, \u00bfcierto? Tanto con nuestro propio equipo como con los de otras empresas.<\/strong><br \/>\n\u2014S\u00ed, creo que el mundo debe trabajar de forma colaborativa. A veces se est\u00e1 muy preocupado con preguntas como \u201c\u00bfc\u00f3mo puedo tener \u00e9xito en mi carrera?\u201d, cuando en realidad ese \u00e9xito depende de c\u00f3mo te comportas aqu\u00ed y ahora, y como eso influye sobre lo dem\u00e1s. Tambi\u00e9n tiene que ver con negociaci\u00f3n, y en la medida en que seamos mejores negociadores, vamos a estar todos en paz. T\u00fa vas a quedar \u201cLa hice\u201d, y yo me voy a quedar \u201cLa hice\u201d. Por eso hablo de la cultura de colaboraci\u00f3n, que no siempre est\u00e1 en las agencias.<\/p>\n<p><strong>\u2014Much\u00edsimas gracias, Pancho.<\/strong><br \/>\n\u2014Muchas gracias.<\/p>\n<p>&nbsp;<br \/>\n<a href=\"http:\/\/www.primerbrief.com\/wp-content\/uploads\/2014\/11\/CHI-PanchoGonzalezConOsvaldoPalena-FePI2014-GR.jpg\" onclick=\"_gaq.push(['_trackEvent', 'outbound-article-int', 'http:\/\/www.primerbrief.com\/wp-content\/uploads\/2014\/11\/CHI-PanchoGonzalezConOsvaldoPalena-FePI2014-GR.jpg', '']);\" ><img loading=\"lazy\" decoding=\"async\" src=\"http:\/\/www.primerbrief.com\/wp-content\/uploads\/2014\/11\/CHI-PanchoGonzalezConOsvaldoPalena-FePI2014-580px.jpg\" alt=\"CHI-PanchoGonzalezConOsvaldoPalena-FePI2014-580px\" width=\"580\" height=\"280\" class=\"alignleft size-full wp-image-25704\" srcset=\"https:\/\/www.primerbrief.com\/wp-content\/uploads\/2014\/11\/CHI-PanchoGonzalezConOsvaldoPalena-FePI2014-580px.jpg 580w, https:\/\/www.primerbrief.com\/wp-content\/uploads\/2014\/11\/CHI-PanchoGonzalezConOsvaldoPalena-FePI2014-580px-300x144.jpg 300w\" sizes=\"auto, (max-width: 580px) 100vw, 580px\" \/><\/a><br \/>\n<em>Como todos los conferencistas, tras terminar su presentaci\u00f3n Pancho Gonz\u00e1lez pos\u00f3 ante las c\u00e1maras junto al director del FePI, Osvaldo Palena.<\/em><br \/>\n&nbsp;<br \/>\n&nbsp;<\/p>\n","protected":false},"excerpt":{"rendered":"<p>(IBEROAM\u00c9RICA) \u2013 La \u00faltima edici\u00f3n del Festival de la Publicidad Independiente puede haber terminado hace poco m\u00e1s de un mes, pero sus prestigiosos invitados y sus conferencias siguen dando de qu\u00e9 hablar. En esta ocasi\u00f3n, te contamos de qu\u00e9 hablaron all\u00ed Pancho Gonz\u00e1lez, director general creativo de Inbrax Santiago y Jos\u00e9 Escan\u00e9s, el enviado especial de PRIMER BRIEF. Pancho Gonz\u00e1lez [&hellip;]<\/p>\n","protected":false},"author":3,"featured_media":25698,"comment_status":"open","ping_status":"open","sticky":false,"template":"","format":"standard","meta":{"footnotes":""},"categories":[1156],"tags":[3605,1437,104,852,3616],"class_list":["post-25697","post","type-post","status-publish","format-standard","has-post-thumbnail","hentry","category-eventos","tag-fepi-2014","tag-festival-de-la-publicidad-independiente-fepi","tag-iberoamerica","tag-jose-escanes-argentina","tag-pancho-gonzalez-chile"],"_links":{"self":[{"href":"https:\/\/www.primerbrief.com\/index.php?rest_route=\/wp\/v2\/posts\/25697","targetHints":{"allow":["GET"]}}],"collection":[{"href":"https:\/\/www.primerbrief.com\/index.php?rest_route=\/wp\/v2\/posts"}],"about":[{"href":"https:\/\/www.primerbrief.com\/index.php?rest_route=\/wp\/v2\/types\/post"}],"author":[{"embeddable":true,"href":"https:\/\/www.primerbrief.com\/index.php?rest_route=\/wp\/v2\/users\/3"}],"replies":[{"embeddable":true,"href":"https:\/\/www.primerbrief.com\/index.php?rest_route=%2Fwp%2Fv2%2Fcomments&post=25697"}],"version-history":[{"count":1,"href":"https:\/\/www.primerbrief.com\/index.php?rest_route=\/wp\/v2\/posts\/25697\/revisions"}],"predecessor-version":[{"id":25706,"href":"https:\/\/www.primerbrief.com\/index.php?rest_route=\/wp\/v2\/posts\/25697\/revisions\/25706"}],"wp:featuredmedia":[{"embeddable":true,"href":"https:\/\/www.primerbrief.com\/index.php?rest_route=\/wp\/v2\/media\/25698"}],"wp:attachment":[{"href":"https:\/\/www.primerbrief.com\/index.php?rest_route=%2Fwp%2Fv2%2Fmedia&parent=25697"}],"wp:term":[{"taxonomy":"category","embeddable":true,"href":"https:\/\/www.primerbrief.com\/index.php?rest_route=%2Fwp%2Fv2%2Fcategories&post=25697"},{"taxonomy":"post_tag","embeddable":true,"href":"https:\/\/www.primerbrief.com\/index.php?rest_route=%2Fwp%2Fv2%2Ftags&post=25697"}],"curies":[{"name":"wp","href":"https:\/\/api.w.org\/{rel}","templated":true}]}}