{"id":2571,"date":"2011-09-09T17:15:11","date_gmt":"2011-09-09T20:15:11","guid":{"rendered":"http:\/\/www.primerbrief.com\/?p=2571"},"modified":"2011-10-02T20:20:33","modified_gmt":"2011-10-02T23:20:33","slug":"radio-voz-en-fa","status":"publish","type":"post","link":"https:\/\/www.primerbrief.com\/?p=2571","title":{"rendered":"Radio > Voz en Fa"},"content":{"rendered":"<p>(M\u00c9XICO).<br \/>\nT\u00edtulo: <strong>\u00abINTRO DEMO\u00bb, \u00abSPOT COMUNICACI\u00d3N\u00bb, \u00abPUBLICIDAD CALLE\u00bb, \u00abPROCESO VENFA\u00bb y \u00abEL PAVO\u00bb<\/strong>.<br \/>\nAnunciante: Institucional<br \/>\nAutores: <strong><a href=\"http:\/\/www.primerbrief.com\/?tag=jose-ramon-mesa-cruz-mexico\" onclick=\"_gaq.push(['_trackEvent', 'outbound-article-int', 'http:\/\/www.primerbrief.com\/?tag=jose-ramon-mesa-cruz-mexico', 'Jos\u00e9 Ram\u00f3n Mesa Cruz (M\u00e9xico)']);\" >Jos\u00e9 Ram\u00f3n Mesa Cruz (M\u00e9xico)<\/a><\/strong>, <strong><a href=\"http:\/\/www.primerbrief.com\/?tag=guillermo-basurto-contreras-mexico\" onclick=\"_gaq.push(['_trackEvent', 'outbound-article-int', 'http:\/\/www.primerbrief.com\/?tag=guillermo-basurto-contreras-mexico', 'Guillermo Basurto Contreras (M\u00e9xico)']);\" >Guillermo Basurto Contreras (M\u00e9xico)<\/a><\/strong> y <strong><a href=\"http:\/\/www.primerbrief.com\/?tag=olga-barranco-villagran-mexico\" onclick=\"_gaq.push(['_trackEvent', 'outbound-article-int', 'http:\/\/www.primerbrief.com\/?tag=olga-barranco-villagran-mexico', 'Olga Barranco Villagr\u00e1n (M\u00e9xico)']);\" >Olga Barranco Villagr\u00e1n (M\u00e9xico)<\/a><\/strong>.<br \/>\nLugar de estudio: <a href=\"http:\/\/www.primerbrief.com\/?tag=universidad-universidad-autonoma-metropolitana-unidad-xochimilco-distrito-federal-mexico\" onclick=\"_gaq.push(['_trackEvent', 'outbound-article-int', 'http:\/\/www.primerbrief.com\/?tag=universidad-universidad-autonoma-metropolitana-unidad-xochimilco-distrito-federal-mexico', 'Universidad Aut\u00f3noma Metropolitana, Unidad Xochimilco (Distrito Federal, M\u00e9xico)']);\" >Universidad Aut\u00f3noma Metropolitana, Unidad Xochimilco (Distrito Federal, M\u00e9xico)<\/a>.<br \/>\n<em>Nota: Olga estudi\u00f3 Dise\u00f1o de la Comunicaci\u00f3n Gr\u00e1fica; y Jos\u00e9 Ram\u00f3n y Guillermo, Comunicaci\u00f3n Social. Todos se recibieron en 2010.<\/em><br \/>\nCiudad: Distrito Federal.<br \/>\nPa\u00eds: M\u00e9xico.<br \/>\nA\u00f1o: 2011.<br \/>\nEmails de contacto: <a href=\"mailto:olgabarranco@vozenfa.com\" onclick=\"_gaq.push(['_trackEvent','mailto','olgabarranco@vozenfa.com']);\" >olgabarranco@vozenfa.com<\/a>, <a href=\"mailto:joseramon@vozenfa.com\" onclick=\"_gaq.push(['_trackEvent','mailto','joseramon@vozenfa.com']);\" >joseramon@vozenfa.com<\/a> y <a href=\"mailto:guillermobasurto@vozenfa.com\" onclick=\"_gaq.push(['_trackEvent','mailto','guillermobasurto@vozenfa.com']);\" >guillermobasurto@vozenfa.com<\/a>.<br \/>\nP\u00e1gina web: <a href=\"http:\/\/www.vozenfa.com\" onclick=\"_gaq.push(['_trackEvent', 'outbound-article', 'http:\/\/www.vozenfa.com', 'www.vozenfa.com']);\" target=\"_blank\">www.vozenfa.com<\/a><\/p>\n<p><!-- Dewplayer Begin--><object type=\"application\/x-shockwave-flash\" data=\"https:\/\/www.primerbrief.com\/wp-content\/plugins\/dewplayer-flash-mp3-player\/dewplayer.swf?mp3=http:\/\/www.primerbrief.com\/wp-content\/themes\/magzimus\/music\/MEX-VozEnFa-IntroDemo.mp3&amp;bgcolor=FFFFFF\" width=\"200\" height=\"20\"><param name=\"bgcolor\" value=\"FFFFFF\" \/><param name=\"movie\" value=\"https:\/\/www.primerbrief.com\/wp-content\/plugins\/dewplayer-flash-mp3-player\/dewplayer.swf?mp3=http:\/\/www.primerbrief.com\/wp-content\/themes\/magzimus\/music\/MEX-VozEnFa-IntroDemo.mp3&amp;bgcolor=FFFFFF\" \/><\/object><!-- Dewplayer End--><br \/>\n<em>\u00abIntro demo\u00bb.<\/em><\/p>\n<p><!-- Dewplayer Begin--><object type=\"application\/x-shockwave-flash\" data=\"https:\/\/www.primerbrief.com\/wp-content\/plugins\/dewplayer-flash-mp3-player\/dewplayer.swf?mp3=http:\/\/www.primerbrief.com\/wp-content\/themes\/magzimus\/music\/MEX-VozEnFa-SpotComunicacion.mp3&amp;bgcolor=FFFFFF\" width=\"200\" height=\"20\"><param name=\"bgcolor\" value=\"FFFFFF\" \/><param name=\"movie\" value=\"https:\/\/www.primerbrief.com\/wp-content\/plugins\/dewplayer-flash-mp3-player\/dewplayer.swf?mp3=http:\/\/www.primerbrief.com\/wp-content\/themes\/magzimus\/music\/MEX-VozEnFa-SpotComunicacion.mp3&amp;bgcolor=FFFFFF\" \/><\/object><!-- Dewplayer End--><br \/>\n<em>\u00abSpot comunicaci\u00f3n\u00bb.<\/em><\/p>\n<p><!-- Dewplayer Begin--><object type=\"application\/x-shockwave-flash\" data=\"https:\/\/www.primerbrief.com\/wp-content\/plugins\/dewplayer-flash-mp3-player\/dewplayer.swf?mp3=http:\/\/www.primerbrief.com\/wp-content\/themes\/magzimus\/music\/MEX-VozEnFa-PublicidadCalle.mp3&amp;bgcolor=FFFFFF\" width=\"200\" height=\"20\"><param name=\"bgcolor\" value=\"FFFFFF\" \/><param name=\"movie\" value=\"https:\/\/www.primerbrief.com\/wp-content\/plugins\/dewplayer-flash-mp3-player\/dewplayer.swf?mp3=http:\/\/www.primerbrief.com\/wp-content\/themes\/magzimus\/music\/MEX-VozEnFa-PublicidadCalle.mp3&amp;bgcolor=FFFFFF\" \/><\/object><!-- Dewplayer End--><br \/>\n<em>\u00abPublicidad calle\u00bb.<\/em><\/p>\n<p><!-- Dewplayer Begin--><object type=\"application\/x-shockwave-flash\" data=\"https:\/\/www.primerbrief.com\/wp-content\/plugins\/dewplayer-flash-mp3-player\/dewplayer.swf?mp3=http:\/\/www.primerbrief.com\/wp-content\/themes\/magzimus\/music\/MEX-VozEnFa-ProcesoVenfa.mp3&amp;bgcolor=FFFFFF\" width=\"200\" height=\"20\"><param name=\"bgcolor\" value=\"FFFFFF\" \/><param name=\"movie\" value=\"https:\/\/www.primerbrief.com\/wp-content\/plugins\/dewplayer-flash-mp3-player\/dewplayer.swf?mp3=http:\/\/www.primerbrief.com\/wp-content\/themes\/magzimus\/music\/MEX-VozEnFa-ProcesoVenfa.mp3&amp;bgcolor=FFFFFF\" \/><\/object><!-- Dewplayer End--><br \/>\n<em>\u00abProceso Venfa\u00bb.<\/em><\/p>\n<p><!-- Dewplayer Begin--><object type=\"application\/x-shockwave-flash\" data=\"https:\/\/www.primerbrief.com\/wp-content\/plugins\/dewplayer-flash-mp3-player\/dewplayer.swf?mp3=http:\/\/www.primerbrief.com\/wp-content\/themes\/magzimus\/music\/MEX-VozEnFa-ElPavo.mp3&amp;bgcolor=FFFFFF\" width=\"200\" height=\"20\"><param name=\"bgcolor\" value=\"FFFFFF\" \/><param name=\"movie\" value=\"https:\/\/www.primerbrief.com\/wp-content\/plugins\/dewplayer-flash-mp3-player\/dewplayer.swf?mp3=http:\/\/www.primerbrief.com\/wp-content\/themes\/magzimus\/music\/MEX-VozEnFa-ElPavo.mp3&amp;bgcolor=FFFFFF\" \/><\/object><!-- Dewplayer End--><br \/>\n<em>\u00abEl Pavo\u00bb.<\/em><\/p>\n<div style=\" background-color:#F4F4F4; width:560px; float:left; padding:10px; margin-top:20px; margin-bottom:20px; border-top:solid 10px #CCCCCC; border-bottom:solid 10px #CCCCCC; line-height:16px; font-size:12px\">\n<img decoding=\"async\" style=\"width:560px; border-top:solid 0px; border-right:solid 0px; border-bottom:solid 0px; border-left:solid 0px; margin-bottom:10px; float:left\" src=\"http:\/\/www.primerbrief.com\/wp-content\/uploads\/2011\/07\/PB-RecuadroEnviaTusTrabajosACarpeta.jpg\" \/><br \/>\nCARPETA es una secci\u00f3n pensada para exhibir los trabajos de los futuros publicitarios que suelen incluirse en una carpeta de presentaci\u00f3n: anuncios gr\u00e1ficos, comerciales, afiches, guiones de TV o de radio, acciones, casos, etc; y tambi\u00e9n trabajos de corte m\u00e1s art\u00edstico, como fotograf\u00edas, cortometrajes, videoclips, textos literarios, etc.<br \/>\nSi quer\u00e9s enviar trabajos para esta secci\u00f3n, mandalas por email a <a href=\"mailto:carpeta@primerbrief.com\" onclick=\"_gaq.push(['_trackEvent','mailto','carpeta@primerbrief.com']);\" >carpeta@primerbrief.com<\/a>, incluyendo los siguientes datos: <strong>t\u00edtulo de la obra, nombre y apellido del o los autores, pa\u00eds(es) de nacimiento, emails de contacto, URLs personales, materia para la que fue hecho el trabajo, nombre y apellido del\/la profesor\/a, lugar de estudio, carrera o curso, ciudad, pa\u00eds y el a\u00f1o que est\u00e1s cursando<\/strong>.<br \/>\nAdem\u00e1s, indic\u00e1 una, dos o tres (m\u00e1ximo) de las siguientes secciones a las que tu trabajo corresponda: <strong>Integral, Gr\u00e1fica, Comerciales TV, V\u00eda P\u00fablica, Internet, Radio, Marketing Directo, Branding, Medios, Dise\u00f1o, Cortos &#038; Videoclips, Fotograf\u00eda, Artes Visuales, Literatura, M\u00fasica<\/strong>.<\/p>\n<p><span style=\"font-size: 10pt\"><strong>NOTAS<\/strong><\/span><br \/>\n<span style=\"font-size: 8pt; line-height: 10pt\">1) Los autores de los trabajos incluidos en este post han enviado expresamente el material a PRIMER BRIEF y han brindado de ese modo su permiso para que el material sea publicado.<br \/>\n2) Se sobreentiende que los trabajos publicados en esta secci\u00f3n no son publicados con esp\u00edritu comercial alguno y son simples ejercicios de aprendizaje. Y es en ese sentido que sus creadores hacen libre uso de nombres, isotipos y logotipos de marcas reconocidas.<\/span>\n<\/div>\n","protected":false},"excerpt":{"rendered":"<p>(M\u00c9XICO). T\u00edtulo: \u00abINTRO DEMO\u00bb, \u00abSPOT COMUNICACI\u00d3N\u00bb, \u00abPUBLICIDAD CALLE\u00bb, \u00abPROCESO VENFA\u00bb y \u00abEL PAVO\u00bb. Anunciante: Institucional Autores: Jos\u00e9 Ram\u00f3n Mesa Cruz (M\u00e9xico), Guillermo Basurto Contreras (M\u00e9xico) y Olga Barranco Villagr\u00e1n (M\u00e9xico). Lugar de estudio: Universidad Aut\u00f3noma Metropolitana, Unidad Xochimilco (Distrito Federal, M\u00e9xico). Nota: Olga estudi\u00f3 Dise\u00f1o de la Comunicaci\u00f3n Gr\u00e1fica; y Jos\u00e9 Ram\u00f3n y Guillermo, Comunicaci\u00f3n Social. Todos se recibieron en [&hellip;]<\/p>\n","protected":false},"author":3,"featured_media":2578,"comment_status":"open","ping_status":"open","sticky":false,"template":"","format":"standard","meta":{"footnotes":""},"categories":[7],"tags":[132,333,332,331,334,148,336,335],"class_list":["post-2571","post","type-post","status-publish","format-standard","has-post-thumbnail","hentry","category-carpeta","tag-132","tag-guillermo-basurto-contreras-mexico","tag-jose-ramon-mesa-cruz-mexico","tag-mexico","tag-olga-barranco-villagran-mexico","tag-seccion-radio","tag-universidad-autonoma-metropolitana-unidad-xochimilco-distrito-federal-mexico","tag-voz-en-fa-mexico"],"_links":{"self":[{"href":"https:\/\/www.primerbrief.com\/index.php?rest_route=\/wp\/v2\/posts\/2571","targetHints":{"allow":["GET"]}}],"collection":[{"href":"https:\/\/www.primerbrief.com\/index.php?rest_route=\/wp\/v2\/posts"}],"about":[{"href":"https:\/\/www.primerbrief.com\/index.php?rest_route=\/wp\/v2\/types\/post"}],"author":[{"embeddable":true,"href":"https:\/\/www.primerbrief.com\/index.php?rest_route=\/wp\/v2\/users\/3"}],"replies":[{"embeddable":true,"href":"https:\/\/www.primerbrief.com\/index.php?rest_route=%2Fwp%2Fv2%2Fcomments&post=2571"}],"version-history":[{"count":7,"href":"https:\/\/www.primerbrief.com\/index.php?rest_route=\/wp\/v2\/posts\/2571\/revisions"}],"predecessor-version":[{"id":3577,"href":"https:\/\/www.primerbrief.com\/index.php?rest_route=\/wp\/v2\/posts\/2571\/revisions\/3577"}],"wp:featuredmedia":[{"embeddable":true,"href":"https:\/\/www.primerbrief.com\/index.php?rest_route=\/wp\/v2\/media\/2578"}],"wp:attachment":[{"href":"https:\/\/www.primerbrief.com\/index.php?rest_route=%2Fwp%2Fv2%2Fmedia&parent=2571"}],"wp:term":[{"taxonomy":"category","embeddable":true,"href":"https:\/\/www.primerbrief.com\/index.php?rest_route=%2Fwp%2Fv2%2Fcategories&post=2571"},{"taxonomy":"post_tag","embeddable":true,"href":"https:\/\/www.primerbrief.com\/index.php?rest_route=%2Fwp%2Fv2%2Ftags&post=2571"}],"curies":[{"name":"wp","href":"https:\/\/api.w.org\/{rel}","templated":true}]}}