{"id":26706,"date":"2015-02-06T03:59:00","date_gmt":"2015-02-06T06:59:00","guid":{"rendered":"http:\/\/www.primerbrief.com\/?p=26706"},"modified":"2015-02-04T16:27:59","modified_gmt":"2015-02-04T19:27:59","slug":"sos-lo-que-haces-como-es-el-summerschool-de-brother-montevideo-por-tati-mattos","status":"publish","type":"post","link":"https:\/\/www.primerbrief.com\/?p=26706","title":{"rendered":"\u00abSos lo que hac\u00e9s\u00bb: c\u00f3mo es el Summer School en Brother Montevideo"},"content":{"rendered":"<p><span style=\"font-size: 11pt;\"><strong>(URUGUAY) &#8211; Brother es una de esas escuelas en las que no importa el pa\u00eds, importan las personas. Ya sea en <a href=\"http:\/\/www.primerbrief.com\/?p=26355\" onclick=\"_gaq.push(['_trackEvent', 'outbound-article-int', 'http:\/\/www.primerbrief.com\/?p=26355', 'Buenos Aires']);\" >Buenos Aires<\/a>, <a href=\"http:\/\/www.primerbrief.com\/?p=26606\" onclick=\"_gaq.push(['_trackEvent', 'outbound-article-int', 'http:\/\/www.primerbrief.com\/?p=26606', 'Caracas']);\" >Caracas<\/a> o, como en el caso de hoy, Montevideo, pod\u00e9s ver una constancia, una esencia que se repite ac\u00e1 y all\u00e1 y all\u00e1 y ac\u00e1. En esta nota te mostramos el Summer School 2015 en la sede uruguaya, contada por una de sus alumnas: Tati Villa Mattos. Una nota desde el pa\u00eds hermano, y desde Brother: sabemos que la vas a disfrutar (*).<\/strong><\/span><\/p>\n<p><a href=\"http:\/\/www.primerbrief.com\/wp-content\/uploads\/2015\/02\/Brother-Montevideo-SummerSchool-2015-GR.jpg\" onclick=\"_gaq.push(['_trackEvent', 'outbound-article-int', 'http:\/\/www.primerbrief.com\/wp-content\/uploads\/2015\/02\/Brother-Montevideo-SummerSchool-2015-GR.jpg', '']);\" ><img loading=\"lazy\" decoding=\"async\" src=\"http:\/\/www.primerbrief.com\/wp-content\/uploads\/2015\/02\/Brother-Montevideo-SummerSchool-2015-580px.jpg\" alt=\"Brother Montevideo - Summer School 2015\" width=\"580\" height=\"309\" class=\"alignleft size-full wp-image-26715\" srcset=\"https:\/\/www.primerbrief.com\/wp-content\/uploads\/2015\/02\/Brother-Montevideo-SummerSchool-2015-580px.jpg 580w, https:\/\/www.primerbrief.com\/wp-content\/uploads\/2015\/02\/Brother-Montevideo-SummerSchool-2015-580px-300x160.jpg 300w\" sizes=\"auto, (max-width: 580px) 100vw, 580px\" \/><\/a><br \/>\n<em>Alumnos del Summer School 2015, que se est\u00e1 realizando en la sede uruguaya de Brother.<\/em> <\/p>\n<p>&nbsp;<br \/>\n<a href=\"http:\/\/www.primerbrief.com\/wp-content\/uploads\/2015\/02\/Tati-Villa-Mattos-GR.jpg\" onclick=\"_gaq.push(['_trackEvent', 'outbound-article-int', 'http:\/\/www.primerbrief.com\/wp-content\/uploads\/2015\/02\/Tati-Villa-Mattos-GR.jpg', '']);\" ><img loading=\"lazy\" decoding=\"async\" class=\"alignleft size-full wp-image-24367\" style=\"margin: 0px 10px 0px 0px;\" title=\"staff-denis-60x60px\" src=\"http:\/\/www.primerbrief.com\/wp-content\/uploads\/2015\/02\/Tati-Villa-Mattos-60x60px.jpg\" alt=\"\" width=\"60\" height=\"60\" \/><\/a><strong>REDACCI\u00d3N POR <a href=\"http:\/\/www.primerbrief.com\/?tag=tati-villa-mattos-uruguay\" onclick=\"_gaq.push(['_trackEvent', 'outbound-article-int', 'http:\/\/www.primerbrief.com\/?tag=tati-villa-mattos-uruguay', 'TATI VILLA MATTOS']);\"  target=\"_blank\">TATI VILLA MATTOS<\/a><\/strong><br \/>\n<em>Estudiante en Brother Montevideo, generaci\u00f3n 2014. Actual alumna Summer School.<\/em><br \/>\n(Fotos: Cortes\u00eda Brother Montevideo)<\/p>\n<p>&nbsp;<br \/>\n\u00abHola, \u00bfcomo est\u00e1n?, \u00bfvieron esto?\u00bb fueron las primeras palabras que escuch\u00e9 mi primer d\u00eda en Brother, nada m\u00e1s alejado de mis anteriores experiencias educativas. Me di cuenta en ese instante que ese era mi lugar y el de tanta otra gente, que si bien era muy distinta a mi, sent\u00ed que algo nos un\u00eda, aunque en ese momento no pod\u00eda darme cuenta qu\u00e9 era. No sab\u00eda muy bien por qu\u00e9 estaba ah\u00ed, pero ten\u00eda claro que quer\u00eda aprender m\u00e1s de todo lo que estaba viendo. \u00bfAcaso s\u00f3lo yo no entend\u00eda qu\u00e9 era un concepto creativo? \u00bfo un <em>insight<\/em>?.\u00a0<\/p>\n<p>Los talleres fueron pasando y con ellos empec\u00e9 a entender que la publicidad no era solo lo que yo ve\u00eda en la tele o en las revistas, que hab\u00eda un mundo gigante por descubrir y que yo ya estaba camino a eso.\u00a0Digitaler\u00eda, Producci\u00f3n Audiovisual, Narraci\u00f3n Creativa, Direcci\u00f3n de Arte y Out of the Box, cinco talleres que cambiaron por completo la idea que ten\u00eda de la publicidad. Al fin de cuentas no era solo cuesti\u00f3n de haber nacido con el don de el \u00abser creativo\u00bb.\u00a0<\/p>\n<p>Todos somos creativos, la cuesti\u00f3n est\u00e1 en desarrollarlo en su m\u00e1ximo exponencial.\u00a0En el mundo digital est\u00e1 la publicidad del futuro, un video viral comunica lo que queramos y puede llegar a la otra parte del mundo en cuesti\u00f3n de segundos. La industria audiovisual crece a pasos agigantados. Las marcas tienen que dejar de hablar de ellas mismas y empezar a pensar en lo que la gente realmente necesita. Es necesario poner en palabras lo que nuestro cerebro est\u00e1 pensando y para eso es fundamental una buena redacci\u00f3n. La tipograf\u00eda que elegimos para cualquier pieza habla de la idea en s\u00ed misma, al igual que las im\u00e1genes o las ilustraciones que usemos. En definitiva: la publicidad no es cuesti\u00f3n de vestirse raro y hablar <em>\u201cspanglish\u201d<\/em> de cosas voladas, es necesario entender, aprender y mantenerse actualizado constantemente. \u00a0<\/p>\n<p>Brother me dej\u00f3 una de las mejores experiencias de mi vida; puede sonar exagerado pero es as\u00ed. En la escuela aprend\u00ed a trabajar en equipo, a escuchar m\u00e1s, a sacar lo mejor de mi, a respetar las ideas de los dem\u00e1s y a buscar la mejor resoluci\u00f3n entre todos porque somos un equipo, somos \u00abBrothers\u00bb. \u00a0Fue as\u00ed que al terminar mis cursos entend\u00ed que lo que me un\u00eda a esa otra gente eran las ganas de hacer, de producir nuestras ideas y de no dejarlas morir, porque al final del d\u00eda \u201csos lo que hac\u00e9s\u201d. <\/p>\n<p><a href=\"http:\/\/www.primerbrief.com\/wp-content\/uploads\/2015\/02\/Brother-Montevideo-SummerSchool2-GR.jpg\" onclick=\"_gaq.push(['_trackEvent', 'outbound-article-int', 'http:\/\/www.primerbrief.com\/wp-content\/uploads\/2015\/02\/Brother-Montevideo-SummerSchool2-GR.jpg', '']);\" ><img loading=\"lazy\" decoding=\"async\" src=\"http:\/\/www.primerbrief.com\/wp-content\/uploads\/2015\/02\/Brother-Montevideo-SummerSchool2-580px.jpg\" alt=\"Brother Montevideo -- Summer School 2015\" width=\"580\" height=\"239\" class=\"alignleft size-full wp-image-26718\" srcset=\"https:\/\/www.primerbrief.com\/wp-content\/uploads\/2015\/02\/Brother-Montevideo-SummerSchool2-580px.jpg 580w, https:\/\/www.primerbrief.com\/wp-content\/uploads\/2015\/02\/Brother-Montevideo-SummerSchool2-580px-300x124.jpg 300w\" sizes=\"auto, (max-width: 580px) 100vw, 580px\" \/><\/a><br \/>\n<em>\u00abAprend\u00ed a trabajar en equipo, a escuchar m\u00e1s, a sacar lo mejor de mi\u00bb, dice Tati. <\/em><\/p>\n<p>&nbsp;<br \/>\n<em>(*) Como yapa, tambi\u00e9n pod\u00e9s ver <a href=\"https:\/\/www.behance.net\/TatiVillaMattos\" onclick=\"_gaq.push(['_trackEvent', 'outbound-article', 'https:\/\/www.behance.net\/TatiVillaMattos', 'la carpeta de Tati']);\" >la carpeta de Tati<\/a>, para ver qu\u00e9 cosas se pueden lograr cuando aprend\u00e9s y hac\u00e9s cosas entre \u00abBrothers\u00bb. <\/em> <\/p>\n<p>&nbsp;<br \/>\n&nbsp;<\/p>\n","protected":false},"excerpt":{"rendered":"<p>(URUGUAY) &#8211; Brother es una de esas escuelas en las que no importa el pa\u00eds, importan las personas. Ya sea en Buenos Aires, Caracas o, como en el caso de hoy, Montevideo, pod\u00e9s ver una constancia, una esencia que se repite ac\u00e1 y all\u00e1 y all\u00e1 y ac\u00e1. En esta nota te mostramos el Summer School 2015 en la sede [&hellip;]<\/p>\n","protected":false},"author":12,"featured_media":26707,"comment_status":"open","ping_status":"open","sticky":false,"template":"","format":"standard","meta":{"footnotes":""},"categories":[5],"tags":[3830,3832,3833,3831,31],"class_list":["post-26706","post","type-post","status-publish","format-standard","has-post-thumbnail","hentry","category-lugares-de-estudio","tag-3830","tag-brother-montevideo","tag-summer-school","tag-tati-villa-mattos-uruguay","tag-uruguay"],"_links":{"self":[{"href":"https:\/\/www.primerbrief.com\/index.php?rest_route=\/wp\/v2\/posts\/26706","targetHints":{"allow":["GET"]}}],"collection":[{"href":"https:\/\/www.primerbrief.com\/index.php?rest_route=\/wp\/v2\/posts"}],"about":[{"href":"https:\/\/www.primerbrief.com\/index.php?rest_route=\/wp\/v2\/types\/post"}],"author":[{"embeddable":true,"href":"https:\/\/www.primerbrief.com\/index.php?rest_route=\/wp\/v2\/users\/12"}],"replies":[{"embeddable":true,"href":"https:\/\/www.primerbrief.com\/index.php?rest_route=%2Fwp%2Fv2%2Fcomments&post=26706"}],"version-history":[{"count":12,"href":"https:\/\/www.primerbrief.com\/index.php?rest_route=\/wp\/v2\/posts\/26706\/revisions"}],"predecessor-version":[{"id":26728,"href":"https:\/\/www.primerbrief.com\/index.php?rest_route=\/wp\/v2\/posts\/26706\/revisions\/26728"}],"wp:featuredmedia":[{"embeddable":true,"href":"https:\/\/www.primerbrief.com\/index.php?rest_route=\/wp\/v2\/media\/26707"}],"wp:attachment":[{"href":"https:\/\/www.primerbrief.com\/index.php?rest_route=%2Fwp%2Fv2%2Fmedia&parent=26706"}],"wp:term":[{"taxonomy":"category","embeddable":true,"href":"https:\/\/www.primerbrief.com\/index.php?rest_route=%2Fwp%2Fv2%2Fcategories&post=26706"},{"taxonomy":"post_tag","embeddable":true,"href":"https:\/\/www.primerbrief.com\/index.php?rest_route=%2Fwp%2Fv2%2Ftags&post=26706"}],"curies":[{"name":"wp","href":"https:\/\/api.w.org\/{rel}","templated":true}]}}