{"id":27053,"date":"2015-02-26T03:59:36","date_gmt":"2015-02-26T06:59:36","guid":{"rendered":"http:\/\/www.primerbrief.com\/?p=27053"},"modified":"2015-02-25T21:35:16","modified_gmt":"2015-02-26T00:35:16","slug":"vuelve-publicatessen-un-festival-para-alumnos-hecho-por-alumnos","status":"publish","type":"post","link":"https:\/\/www.primerbrief.com\/?p=27053","title":{"rendered":"Vuelve Publicatessen: un festival para alumnos, hecho por alumnos"},"content":{"rendered":"<p><span style=\"font-size: 11pt\"><strong>(ESPA\u00d1A) &#8211; \u00abVuelve Publicatessen\u00bb, vuelve el festival de la Universidad de Valladolid, organizado por alumnos, para alumnos. Y este a\u00f1o, vuelven redise\u00f1ados y listos para ser la mejor edici\u00f3n del festival hasta ahora (la edici\u00f3n 2015 es la s\u00e9ptima). Adem\u00e1s de la ceremonia de entrega de premios, el festival contar\u00e1 con charlas y talleres. Se acerca el festival m\u00e1s grande de la publicidad de Segovia: \u00bfqu\u00e9 est\u00e1s esperando para darle un vistazo? <\/strong><\/span><\/p>\n<p><iframe loading=\"lazy\" width=\"580\" height=\"315\" src=\"https:\/\/www.youtube.com\/embed\/yZzt7zR1BEk\" frameborder=\"0\" allowfullscreen><\/iframe><br \/>\n<em>\u00abVuelve Publicatessen\u00bb, redise\u00f1ado y listo para ser mejor que nunca. <\/em><\/p>\n<p>&nbsp;<br \/>\nEste a\u00f1o se lleva a cabo la s\u00e9ptima edici\u00f3n del festival Publicatessen, una iniciativa organizada por estudiantes de publicidad y relaciones p\u00fablicas de la Universidad de Valladolid. La edici\u00f3n 2015 se va a realizar del 9 al 15  de marzo, y contar\u00e1 con charlas que trataran sobre las nuevas tendencias en publicidad (o \u201cAdver Trends\u201d).<\/p>\n<p>El premio, sin embargo, consiste en 19 categor\u00edas, que llegaron a contar con m\u00e1s de 200 piezas inscriptas. Algunos de los ganadores se llevar\u00e1n becas para escuelas creativas de renombre, como lo son Brother y Zink.<\/p>\n<p>En cuanto a las charlas, profesionales del sector van a tratar entre el 9 y el 12 de marzo las \u201cAdver Trends\u201d. Habr\u00e1 conferencias, mesas redondas y talleres en los que participar\u00e1n profesionales de agencias y firmas como Contrapunto BBDO, SCPF, Sociograph, Wink TTD, Eventisimo, Revolution o Gravedad Cero. <\/p>\n<p>Para m\u00e1s informaci\u00f3n sobre el festival, pod\u00e9s visitar su p\u00e1gina: <a href=\"http:\/\/festivalpublicatessen.com\/\" onclick=\"_gaq.push(['_trackEvent', 'outbound-article', 'http:\/\/festivalpublicatessen.com\/', 'festivalpublicatessen.com']);\" >festivalpublicatessen.com<\/a> <\/p>\n<p>&nbsp;<br \/>\n&nbsp;<\/p>\n","protected":false},"excerpt":{"rendered":"<p>(ESPA\u00d1A) &#8211; \u00abVuelve Publicatessen\u00bb, vuelve el festival de la Universidad de Valladolid, organizado por alumnos, para alumnos. Y este a\u00f1o, vuelven redise\u00f1ados y listos para ser la mejor edici\u00f3n del festival hasta ahora (la edici\u00f3n 2015 es la s\u00e9ptima). Adem\u00e1s de la ceremonia de entrega de premios, el festival contar\u00e1 con charlas y talleres. Se acerca el festival m\u00e1s grande [&hellip;]<\/p>\n","protected":false},"author":12,"featured_media":27057,"comment_status":"open","ping_status":"open","sticky":false,"template":"","format":"standard","meta":{"footnotes":""},"categories":[1156],"tags":[1879,1154,1160,849],"class_list":["post-27053","post","type-post","status-publish","format-standard","has-post-thumbnail","hentry","category-eventos","tag-brother-barcelona-espana","tag-publicatessen-espana","tag-universidad-de-valladolid-espana","tag-zinkproject-espana"],"_links":{"self":[{"href":"https:\/\/www.primerbrief.com\/index.php?rest_route=\/wp\/v2\/posts\/27053","targetHints":{"allow":["GET"]}}],"collection":[{"href":"https:\/\/www.primerbrief.com\/index.php?rest_route=\/wp\/v2\/posts"}],"about":[{"href":"https:\/\/www.primerbrief.com\/index.php?rest_route=\/wp\/v2\/types\/post"}],"author":[{"embeddable":true,"href":"https:\/\/www.primerbrief.com\/index.php?rest_route=\/wp\/v2\/users\/12"}],"replies":[{"embeddable":true,"href":"https:\/\/www.primerbrief.com\/index.php?rest_route=%2Fwp%2Fv2%2Fcomments&post=27053"}],"version-history":[{"count":3,"href":"https:\/\/www.primerbrief.com\/index.php?rest_route=\/wp\/v2\/posts\/27053\/revisions"}],"predecessor-version":[{"id":27056,"href":"https:\/\/www.primerbrief.com\/index.php?rest_route=\/wp\/v2\/posts\/27053\/revisions\/27056"}],"wp:featuredmedia":[{"embeddable":true,"href":"https:\/\/www.primerbrief.com\/index.php?rest_route=\/wp\/v2\/media\/27057"}],"wp:attachment":[{"href":"https:\/\/www.primerbrief.com\/index.php?rest_route=%2Fwp%2Fv2%2Fmedia&parent=27053"}],"wp:term":[{"taxonomy":"category","embeddable":true,"href":"https:\/\/www.primerbrief.com\/index.php?rest_route=%2Fwp%2Fv2%2Fcategories&post=27053"},{"taxonomy":"post_tag","embeddable":true,"href":"https:\/\/www.primerbrief.com\/index.php?rest_route=%2Fwp%2Fv2%2Ftags&post=27053"}],"curies":[{"name":"wp","href":"https:\/\/api.w.org\/{rel}","templated":true}]}}