{"id":27170,"date":"2015-03-09T03:59:29","date_gmt":"2015-03-09T06:59:29","guid":{"rendered":"http:\/\/www.primerbrief.com\/?p=27170"},"modified":"2015-03-09T14:53:40","modified_gmt":"2015-03-09T17:53:40","slug":"brother-montevideo-nueva-sede-y-puertas-abiertas-estas-invitado-al-lanzamiento-del-nuevo-ano","status":"publish","type":"post","link":"https:\/\/www.primerbrief.com\/?p=27170","title":{"rendered":"Brother Uruguay, puertas abiertas: est\u00e1s invitado\/a al lanzamiento del nuevo a\u00f1o"},"content":{"rendered":"<p><span style=\"font-size: 11pt;\"><strong>(URUGUAY) \u2013 Acorde con su esencia, Brother Montevideo te abre las puertas de su nueva casa, as\u00ed como lo har\u00eda un amigo o un familiar, para que pases, te sientas c\u00f3modo y escuches un poco lo que tienen para decir. Desde un taller de <em>fanzines<\/em> hasta la presentaci\u00f3n oficial del nuevo a\u00f1o, la casa uruguaya de la escuela creativa te invita para que participes del <em>Open Day<\/em> que se realizar\u00e1 el s\u00e1bado 14 de marzo. \u00bfTe lo vas a perder?<\/strong><\/span><\/p>\n<p><a href=\"http:\/\/www.primerbrief.com\/wp-content\/uploads\/2015\/03\/URU-Brother-Open-Day-GR.jpg\" onclick=\"_gaq.push(['_trackEvent', 'outbound-article-int', 'http:\/\/www.primerbrief.com\/wp-content\/uploads\/2015\/03\/URU-Brother-Open-Day-GR.jpg', '']);\" ><img loading=\"lazy\" decoding=\"async\" src=\"http:\/\/www.primerbrief.com\/wp-content\/uploads\/2015\/03\/URU-Brother-Open-Day-580px.jpg\" alt=\"Brother, Open-Day\" width=\"580\" height=\"225\" class=\"alignleft size-full wp-image-27172\" srcset=\"https:\/\/www.primerbrief.com\/wp-content\/uploads\/2015\/03\/URU-Brother-Open-Day-580px.jpg 580w, https:\/\/www.primerbrief.com\/wp-content\/uploads\/2015\/03\/URU-Brother-Open-Day-580px-300x116.jpg 300w\" sizes=\"auto, (max-width: 580px) 100vw, 580px\" \/><\/a><br \/>\n<em>Brother MVD, Open Day 2015: no te lo pierdas.<\/em><\/p>\n<p>&nbsp;<br \/>\nEl pr\u00f3ximo s\u00e1bado 14 de marzo la sede uruguaya de la red de escuelas creativas va a abrir las puertas de su nueva sede, y est\u00e1s invitado. La jornada va a ser gratuita, comenzando desde las 10 de la ma\u00f1ana con un <strong>Taller de contenido en Fanzine<\/strong> (una t\u00e9cnica en la que se realizan afiches en base a collages y copias en blanco y negro) a cargo del Mono Grimbaum (por Brother Buenos Aires) y Germ\u00e1n Ferr\u00e9s (<em>Head of Art<\/em> de Brother Montevideo). En adici\u00f3n, hacia las 6 de la tarde se realizar\u00e1 el lanzamiento de Brother 2015-2016, presentando a todo el gran equipo de profesores, las nuevas propuestas de cursos, talleres y contenidos.<\/p>\n<p>Brother Montevideo abre sus puertas, esta vez, extendiendo su invitaci\u00f3n a todos los que se animen: \u00abNos encantar\u00eda que sean parte de este nuevo inicio. Los esperamos para contarles en persona y que vean lo que hacemos, que al final es nada m\u00e1s y nada menos que lo que somos\u00bb.<\/p>\n<p>Si quer\u00e9s participar del Open Day, pod\u00e9s mandar un email a <a href=\"mailto:montevideo@brotherad.com\" onclick=\"_gaq.push(['_trackEvent','mailto','montevideo@brotherad.com']);\" >montevideo@brotherad.com<\/a>.<br \/>\n&nbsp;<br \/>\n&nbsp;<\/p>\n","protected":false},"excerpt":{"rendered":"<p>(URUGUAY) \u2013 Acorde con su esencia, Brother Montevideo te abre las puertas de su nueva casa, as\u00ed como lo har\u00eda un amigo o un familiar, para que pases, te sientas c\u00f3modo y escuches un poco lo que tienen para decir. Desde un taller de fanzines hasta la presentaci\u00f3n oficial del nuevo a\u00f1o, la casa uruguaya de la escuela creativa te [&hellip;]<\/p>\n","protected":false},"author":12,"featured_media":27183,"comment_status":"open","ping_status":"open","sticky":false,"template":"","format":"standard","meta":{"footnotes":""},"categories":[1156],"tags":[290,3886,3885,31],"class_list":["post-27170","post","type-post","status-publish","format-standard","has-post-thumbnail","hentry","category-eventos","tag-brother-montevideo-uruguay","tag-german-ferres","tag-mono-grimbaum","tag-uruguay"],"_links":{"self":[{"href":"https:\/\/www.primerbrief.com\/index.php?rest_route=\/wp\/v2\/posts\/27170","targetHints":{"allow":["GET"]}}],"collection":[{"href":"https:\/\/www.primerbrief.com\/index.php?rest_route=\/wp\/v2\/posts"}],"about":[{"href":"https:\/\/www.primerbrief.com\/index.php?rest_route=\/wp\/v2\/types\/post"}],"author":[{"embeddable":true,"href":"https:\/\/www.primerbrief.com\/index.php?rest_route=\/wp\/v2\/users\/12"}],"replies":[{"embeddable":true,"href":"https:\/\/www.primerbrief.com\/index.php?rest_route=%2Fwp%2Fv2%2Fcomments&post=27170"}],"version-history":[{"count":10,"href":"https:\/\/www.primerbrief.com\/index.php?rest_route=\/wp\/v2\/posts\/27170\/revisions"}],"predecessor-version":[{"id":27185,"href":"https:\/\/www.primerbrief.com\/index.php?rest_route=\/wp\/v2\/posts\/27170\/revisions\/27185"}],"wp:featuredmedia":[{"embeddable":true,"href":"https:\/\/www.primerbrief.com\/index.php?rest_route=\/wp\/v2\/media\/27183"}],"wp:attachment":[{"href":"https:\/\/www.primerbrief.com\/index.php?rest_route=%2Fwp%2Fv2%2Fmedia&parent=27170"}],"wp:term":[{"taxonomy":"category","embeddable":true,"href":"https:\/\/www.primerbrief.com\/index.php?rest_route=%2Fwp%2Fv2%2Fcategories&post=27170"},{"taxonomy":"post_tag","embeddable":true,"href":"https:\/\/www.primerbrief.com\/index.php?rest_route=%2Fwp%2Fv2%2Ftags&post=27170"}],"curies":[{"name":"wp","href":"https:\/\/api.w.org\/{rel}","templated":true}]}}