{"id":27199,"date":"2015-03-11T03:59:02","date_gmt":"2015-03-11T06:59:02","guid":{"rendered":"http:\/\/www.primerbrief.com\/?p=27199"},"modified":"2015-03-10T23:30:46","modified_gmt":"2015-03-11T02:30:46","slug":"27199","status":"publish","type":"post","link":"https:\/\/www.primerbrief.com\/?p=27199","title":{"rendered":"Ser, estar: lo que se dijo en la charla de Nacho Jardon en la Miami Ad School y m\u00e1s"},"content":{"rendered":"<p><span style=\"font-size: 11pt;\"><strong>(ARGENTINA) \u2013 Con una carrera que lo lleva desde Ogilvy hasta Young and Rubicam (dos agencias muy importantes en el pa\u00eds), Ignacio Jardon es, sin lugar a dudas, una autoridad en el tema de la creatividad digital. Como parte del programa de charlas \u00abIndustry Heroes &#8217;15\u00bb, \u00abNacho\u00bb nos cont\u00f3 las razones por las que todos sabemos de creatividad digital, \u00a1a\u00fan sin saber que sabemos! Profe del Social Media Boot Camp que se dicta en la sede porte\u00f1a de la Miami Ad School, Nacho Jardon dio su charla (con un nombre largo pero conciso) el pasado mi\u00e9rcoles 4 de marzo. \u00bfQuer\u00e9s saber qu\u00e9 se dijo? Entonces, \u00a1le\u00e9 la nota!<\/strong><\/span><\/p>\n<p><a href=\"http:\/\/www.primerbrief.com\/wp-content\/uploads\/2015\/03\/ARG-Nacho-Jardon-Charla-2015-GR.jpg\" onclick=\"_gaq.push(['_trackEvent', 'outbound-article-int', 'http:\/\/www.primerbrief.com\/wp-content\/uploads\/2015\/03\/ARG-Nacho-Jardon-Charla-2015-GR.jpg', '']);\" ><img loading=\"lazy\" decoding=\"async\" src=\"http:\/\/www.primerbrief.com\/wp-content\/uploads\/2015\/03\/ARG-Nacho-Jardon-Charla-2015-580px.jpg\" alt=\"Nacho Jardon y su &quot;charla con el nombre m\u00e1s largo del mundo&quot;\" width=\"580\" height=\"290\" class=\"alignleft size-full wp-image-27200\" srcset=\"https:\/\/www.primerbrief.com\/wp-content\/uploads\/2015\/03\/ARG-Nacho-Jardon-Charla-2015-580px.jpg 580w, https:\/\/www.primerbrief.com\/wp-content\/uploads\/2015\/03\/ARG-Nacho-Jardon-Charla-2015-580px-300x150.jpg 300w\" sizes=\"auto, (max-width: 580px) 100vw, 580px\" \/><\/a><br \/>\n<em>Nacho Jardon, dando la \u00abcharla con el nombre m\u00e1s largo del mundo\u00bb.<\/em><\/p>\n<p>&nbsp;<br \/>\n<a href=\"http:\/\/www.primerbrief.com\/wp-content\/uploads\/2014\/09\/staff-denis-gr.jpg\" onclick=\"_gaq.push(['_trackEvent', 'outbound-article-int', 'http:\/\/www.primerbrief.com\/wp-content\/uploads\/2014\/09\/staff-denis-gr.jpg', '']);\" ><img loading=\"lazy\" decoding=\"async\" class=\"alignleft size-full wp-image-24367\" style=\"margin: 0px 10px 0px 0px;\" title=\"staff-denis-60x60px\" src=\"http:\/\/www.primerbrief.com\/wp-content\/uploads\/2014\/09\/staff-denis-60x60px.jpg\" alt=\"\" width=\"60\" height=\"60\" \/><\/a><strong>TEXTO POR <a href=\"http:\/\/www.primerbrief.com\/?tag=denis-vivoda-argentina\" onclick=\"_gaq.push(['_trackEvent', 'outbound-article-int', 'http:\/\/www.primerbrief.com\/?tag=denis-vivoda-argentina', 'DENIS VIVODA']);\"  target=\"_blank\">DENIS VIVODA<\/a><\/strong><br \/>\nEstudiante de redacci\u00f3n publicitaria en la <a href=\"http:\/\/www.aapublicidad.org.ar\" onclick=\"_gaq.push(['_trackEvent', 'outbound-article', 'http:\/\/www.aapublicidad.org.ar', 'Asociaci\u00f3n Argentina de Publicidad']);\"  target=\"_blank\">Asociaci\u00f3n Argentina de Publicidad<\/a><br \/>\n<em>Especial para PB<\/em><\/p>\n<div align=\"left\">&#160;<\/div>\n<p>&nbsp;<br \/>\n\u201cBienvenidos a la charla con el nombre m\u00e1s largo del mundo\u201d, nos dice Nacho Jard\u00f3n. Los t\u00edtulos deber\u00edan reflejar el contenido, y un t\u00edtulo como \u201cSi us\u00e1s Youtube, Facebook, Twitter, Instagram, Whastapp, Vine, Netflix, Spotify y alguna vez compraste algo por Amazon, sab\u00e9s de de Creatividad Digital\u201d definitivamente se explica a s\u00ed mismo. Nacho se para frente a la audiencia y comienza. <\/p>\n<p>Sabemos de todas las cosas digitales porque son los medios del mundo de hoy. Podemos hacer todo desde lo digital, y lo hacemos. Para sumarse al ejemplo, Nacho arma las ayudas visuales sacando de internet distintos memes, distintos videos, distintos gif: es imposible no engancharse con lo que dice. <\/p>\n<p><a href=\"http:\/\/www.primerbrief.com\/wp-content\/uploads\/2015\/03\/ARG-NachoJardon-Timepersonoftheyear-GR.jpg\" onclick=\"_gaq.push(['_trackEvent', 'outbound-article-int', 'http:\/\/www.primerbrief.com\/wp-content\/uploads\/2015\/03\/ARG-NachoJardon-Timepersonoftheyear-GR.jpg', '']);\" ><img loading=\"lazy\" decoding=\"async\" src=\"http:\/\/www.primerbrief.com\/wp-content\/uploads\/2015\/03\/ARG-NachoJardon-Timepersonoftheyear-580px.jpg\" alt=\"Time 2007 - Person of the year\" width=\"580\" height=\"419\" class=\"alignleft size-full wp-image-27209\" srcset=\"https:\/\/www.primerbrief.com\/wp-content\/uploads\/2015\/03\/ARG-NachoJardon-Timepersonoftheyear-580px.jpg 580w, https:\/\/www.primerbrief.com\/wp-content\/uploads\/2015\/03\/ARG-NachoJardon-Timepersonoftheyear-580px-300x217.jpg 300w\" sizes=\"auto, (max-width: 580px) 100vw, 580px\" \/><\/a><br \/>\n<em>Parte de la portada de la revista Time, anunciando que la persona del a\u00f1o (2007) sos vos. (Si quer\u00e9s ver la portada completa, pod\u00e9s clickear en la imagen)<\/em><\/p>\n<p>&nbsp;<br \/>\nY ah\u00ed est\u00e1s vos, persona del a\u00f1o 2007, seg\u00fan la revista <em>Time<\/em>. \u00bfPor qu\u00e9? Porque en la era de la informaci\u00f3n, todos formamos parte, todos actuamos. Somos testigos de nacimientos y ca\u00eddas (myspace, fotolog, etc), y tambi\u00e9n somos testigos de crecimientos. Todo esto lleva a que Nacho se pare en frente de la clase y nos diga, subrayando de alguna manera lo que explic\u00f3 en el t\u00edtulo pero todos queremos saber: \u201cHay que aprender constantemente. Y usando los medios, aprendemos\u201d. <\/p>\n<p>Hay que participar. Ser, estar. Jugar. Romper. Desarmar y volver a armar. Practicar. Pero una cosa son las herramientas que nos da lo digital. Seg\u00fan Nacho, todos aquellos que somos del palo publicitario ya sabemos conceptualizar y contar historias. La \u201cf\u00f3rmula m\u00e1gica\u201d (como \u00e9l la llama) de una buena idea es simple, clara como el agua: Buena historia + Buen concepto = Buena idea. Lo \u00fanico que queda es adaptar esa historia a los nuevos medios, a las nuevas pantallas. <\/p>\n<p><iframe loading=\"lazy\" width=\"580\" height=\"315\" src=\"https:\/\/www.youtube.com\/embed\/H-V7cOestUs\" frameborder=\"0\" allowfullscreen><\/iframe><br \/>\n<em>La campa\u00f1a de Under Armour que caus\u00f3 revuelo en las redes sociales, con Giselle B\u00fcndchen como figura principal. <\/em><\/p>\n<p>&nbsp;<br \/>\nUn ejemplo que nos trae Nacho sobre lo importante de tener una historia para contar es el caso anterior, realizado por la agencia Droga5: #IWillWhatIWant, de UnderArmour, con Giselle B\u00fcndchen. La experiencia agregada de poder ver los tweets <a href=\"http:\/\/iwillwhatiwant.com\/gisele\" onclick=\"_gaq.push(['_trackEvent', 'outbound-article', 'http:\/\/iwillwhatiwant.com\/gisele', 'en tiempo real']);\" >en tiempo real<\/a> es lo que le da sabor y alcance a esta historia. El alcance es muy importante en la creatividad digital: llegar a la mayor cantidad de gente es uno de sus objetivos principales. Y, en esta idea, el objetivo se cumple, con honores. <\/p>\n<p><iframe loading=\"lazy\" width=\"580\" height=\"315\" src=\"https:\/\/www.youtube.com\/embed\/jU7rhVub0rU\" frameborder=\"0\" allowfullscreen><\/iframe><br \/>\n<em>\u00ab\u00bfQu\u00e9 har\u00edas con 25.000 d\u00f3lares?\u00bb, de Casey Nestat. Una historia que supera el medio en el que se la cuente. <\/em><\/p>\n<p>&nbsp;<br \/>\nEl segundo ejemplo que Nacho trae a la pantalla del auditorio es uno que \u00e9l conoce de cerca, porque all\u00e1 por sus d\u00edas en Ogilvy \u00e9l form\u00f3 parte del equipo creativo que, queriendo hacer m\u00e1s, dejaron todo su presupuesto en las manos de un YouTuber famoso para que, acorde al concepto \u201cLive your dreams\u201d (Vive tus sue\u00f1os) pueda realizar alguno de los suyos y, de paso, grabar un video. El resultado, como ves arriba, es arrollador. <\/p>\n<p>\u00bfQu\u00e9 se puede aprender de esta idea? El mundo de Internet es colaborativo. Las ideas se completan a medida que recorren el globo, con una persona ac\u00e1 y otra all\u00e1 y otra all\u00e1: todos aportan su granito de arena. \u00bfQuer\u00e9s m\u00e1s? Si tu historia es buena, la difusi\u00f3n org\u00e1nica se va a encargar el resto, como con el video de Casey Nestat. Internet es un organismo con vida (millones de vidas, en realidad): tu idea, una vez afuera, puede llegar a todos lados. <\/p>\n<p><iframe loading=\"lazy\" width=\"580\" height=\"315\" src=\"https:\/\/www.youtube.com\/embed\/expM09liTdw\" frameborder=\"0\" allowfullscreen><\/iframe><br \/>\n<em>La idea de Young &#038; Rubicam Argentina para Freddo, involucrando a la serie de Netflix \u00abHouse of Cards\u00bb. <\/em><\/p>\n<p>&nbsp;<br \/>\nEl \u00faltimo ejemplo nos habla de oportunidad. \u201cHay que sumarse a la conversaci\u00f3n\u201d, dice Nacho, \u201cpero con cuidado\u201d. Si el producto no tiene nada que ver, el resultado puede ser desastroso. En el caso de Freddo, todos sabemos, un helado y una serie van de la mano. Desde Y&#038;R (Nacho siendo parte del equipo) supieron adem\u00e1s aprovechar el momentum que tuvo el estreno de la serie en Netflix.<\/p>\n<p>\u201c\u00bfC\u00f3mo aprender a hacer estas ideas?\u201d, pregunta Nacho. Usando Internet. Estando. Jugando. Rompiendo. Desarmando y volviendo a armar. Practicando. Pero lo m\u00e1s importante, no asustarse con lo tecnol\u00f3gico. Pensar ideas, pensar historias: lo tecnol\u00f3gico vendr\u00e1 despu\u00e9s. De lo simple a lo complicado, siempre. <\/p>\n<p>\u201cSigamos aprendiendo\u201d, culmina el genial conferencista de la tarde, \u201cque esto no se termina\u201d. <\/p>\n<p>&nbsp;<br \/>\n&nbsp;<\/p>\n","protected":false},"excerpt":{"rendered":"<p>(ARGENTINA) \u2013 Con una carrera que lo lleva desde Ogilvy hasta Young and Rubicam (dos agencias muy importantes en el pa\u00eds), Ignacio Jardon es, sin lugar a dudas, una autoridad en el tema de la creatividad digital. Como parte del programa de charlas \u00abIndustry Heroes &#8217;15\u00bb, \u00abNacho\u00bb nos cont\u00f3 las razones por las que todos sabemos de creatividad digital, \u00a1a\u00fan [&hellip;]<\/p>\n","protected":false},"author":12,"featured_media":27202,"comment_status":"open","ping_status":"open","sticky":false,"template":"","format":"standard","meta":{"footnotes":""},"categories":[1156],"tags":[26,3895,3890,3894,3891,2412,3889,3892,233,3893,236],"class_list":["post-27199","post","type-post","status-publish","format-standard","has-post-thumbnail","hentry","category-eventos","tag-argentina","tag-casey-nestat","tag-freddo","tag-giselle-bundchen","tag-house-of-cards","tag-miami-ad-school-buenos-aires","tag-nacho-jardon-argentina","tag-netflix","tag-ogilvy-argentina","tag-under-armour","tag-young-rubicam-argentina"],"_links":{"self":[{"href":"https:\/\/www.primerbrief.com\/index.php?rest_route=\/wp\/v2\/posts\/27199","targetHints":{"allow":["GET"]}}],"collection":[{"href":"https:\/\/www.primerbrief.com\/index.php?rest_route=\/wp\/v2\/posts"}],"about":[{"href":"https:\/\/www.primerbrief.com\/index.php?rest_route=\/wp\/v2\/types\/post"}],"author":[{"embeddable":true,"href":"https:\/\/www.primerbrief.com\/index.php?rest_route=\/wp\/v2\/users\/12"}],"replies":[{"embeddable":true,"href":"https:\/\/www.primerbrief.com\/index.php?rest_route=%2Fwp%2Fv2%2Fcomments&post=27199"}],"version-history":[{"count":8,"href":"https:\/\/www.primerbrief.com\/index.php?rest_route=\/wp\/v2\/posts\/27199\/revisions"}],"predecessor-version":[{"id":27213,"href":"https:\/\/www.primerbrief.com\/index.php?rest_route=\/wp\/v2\/posts\/27199\/revisions\/27213"}],"wp:featuredmedia":[{"embeddable":true,"href":"https:\/\/www.primerbrief.com\/index.php?rest_route=\/wp\/v2\/media\/27202"}],"wp:attachment":[{"href":"https:\/\/www.primerbrief.com\/index.php?rest_route=%2Fwp%2Fv2%2Fmedia&parent=27199"}],"wp:term":[{"taxonomy":"category","embeddable":true,"href":"https:\/\/www.primerbrief.com\/index.php?rest_route=%2Fwp%2Fv2%2Fcategories&post=27199"},{"taxonomy":"post_tag","embeddable":true,"href":"https:\/\/www.primerbrief.com\/index.php?rest_route=%2Fwp%2Fv2%2Ftags&post=27199"}],"curies":[{"name":"wp","href":"https:\/\/api.w.org\/{rel}","templated":true}]}}