{"id":27840,"date":"2015-04-21T04:00:42","date_gmt":"2015-04-21T07:00:42","guid":{"rendered":"http:\/\/www.primerbrief.com\/?p=27840"},"modified":"2015-04-21T10:40:13","modified_gmt":"2015-04-21T13:40:13","slug":"quien-es-ricardo-cavolo-el-ilustrador-que-esta-semana-da-un-workshop-en-brother-barcelona","status":"publish","type":"post","link":"https:\/\/www.primerbrief.com\/?p=27840","title":{"rendered":"Qui\u00e9n es Ricardo C\u00e1volo, el ilustrador que da un workshop en Brother Barcelona"},"content":{"rendered":"<p><span style=\"font-size: 11pt;\"><strong>(ESPA\u00d1A) \u2013 Por primera vez en su trayectoria Ricardo C\u00e1volo (Salamanca, 1982), uno de los ilustradores con mayor trascendencia europea y relevancia de Espa\u00f1a, se presentar\u00e1 con su taller titulado <em>Un retrato, una historia<\/em> en la hermosa sede catalana de Brother Barcelona. El encuentro, que promete \u2014seg\u00fan anuncia la escuela\u2014 \u00abemociones, ideas y mucho amor\u00bb, ser\u00e1 los pr\u00f3ximos viernes 24 (desde las 5 de la tarde) y s\u00e1bado 25 de abril (durante todo el d\u00eda).<\/strong><\/span><\/p>\n<p><a href=\"http:\/\/www.primerbrief.com\/wp-content\/uploads\/2015\/04\/ESP-RicardoCavolo-GR.jpg\" onclick=\"_gaq.push(['_trackEvent', 'outbound-article-int', 'http:\/\/www.primerbrief.com\/wp-content\/uploads\/2015\/04\/ESP-RicardoCavolo-GR.jpg', '']);\" ><img loading=\"lazy\" decoding=\"async\" src=\"http:\/\/www.primerbrief.com\/wp-content\/uploads\/2015\/04\/ESP-RicardoCavolo-580px.jpg\" alt=\"ESP-RicardoCavolo-580px\" width=\"580\" height=\"330\" class=\"alignleft size-full wp-image-27843\" srcset=\"https:\/\/www.primerbrief.com\/wp-content\/uploads\/2015\/04\/ESP-RicardoCavolo-580px.jpg 580w, https:\/\/www.primerbrief.com\/wp-content\/uploads\/2015\/04\/ESP-RicardoCavolo-580px-300x171.jpg 300w\" sizes=\"auto, (max-width: 580px) 100vw, 580px\" \/><\/a><br \/>\n<em>Licenciado en Bellas Artes por la Universidad de Salamanca, C\u00e1volo fue criado por un padre pintor que lo educ\u00f3 principalmente en una sala de pintura, donde en vez de jugar con juguetes, el peque\u00f1o Ricardo dibujaba y dibujaba.<\/em><\/p>\n<p>&nbsp;<br \/>\n<a href=\"https:\/\/twitter.com\/search?q=%23Sosloquehaces&#038;src=typd\" onclick=\"_gaq.push(['_trackEvent', 'outbound-article', 'https:\/\/twitter.com\/search?q=%23Sosloquehaces&#038;src=typd', '#SosLoQueHaces']);\"  target=\"_blank\">#SosLoQueHaces<\/a> se presenta, con un curioso <em>voceo<\/em> porte\u00f1o, Brother Barcelona cada vez que promueve una de sus variad\u00edsimas y habitualmente vanguardistas actividades. Como la de este fin de semana, en que durante la tarde\/noche del viernes y pr\u00e1cticamente todo el s\u00e1bado \u2014desde las 10 de la ma\u00f1ana hasta bien entrada la noche\u2014, el artista e ilustrador Ricardo C\u00e1volo brindar\u00e1 el workshop que \u00e9l mismo titul\u00f3 <em>Un retrato, una historia<\/em>, que es una peque\u00f1a evoluci\u00f3n del taller <em>Un retrato, una historia, una vida<\/em> que \u00e9l mismo brind\u00f3 el a\u00f1o pasado en el festival internacional del sector <a href=\"http:\/\/www.ilustratour.es\/\" onclick=\"_gaq.push(['_trackEvent', 'outbound-article', 'http:\/\/www.ilustratour.es\/', 'IlustraTour']);\"  target=\"_blank\">IlustraTour<\/a>.<\/p>\n<p><a href=\"http:\/\/www.primerbrief.com\/wp-content\/uploads\/2015\/04\/ESP-RicardoCavolo-Mural-GR.jpg\" onclick=\"_gaq.push(['_trackEvent', 'outbound-article-int', 'http:\/\/www.primerbrief.com\/wp-content\/uploads\/2015\/04\/ESP-RicardoCavolo-Mural-GR.jpg', '']);\" ><img loading=\"lazy\" decoding=\"async\" src=\"http:\/\/www.primerbrief.com\/wp-content\/uploads\/2015\/04\/ESP-RicardoCavolo-Mural-580px.jpg\" alt=\"ESP-RicardoCavolo-Mural-580px\" width=\"580\" height=\"367\" class=\"alignleft size-full wp-image-27845\" srcset=\"https:\/\/www.primerbrief.com\/wp-content\/uploads\/2015\/04\/ESP-RicardoCavolo-Mural-580px.jpg 580w, https:\/\/www.primerbrief.com\/wp-content\/uploads\/2015\/04\/ESP-RicardoCavolo-Mural-580px-300x190.jpg 300w\" sizes=\"auto, (max-width: 580px) 100vw, 580px\" \/><\/a><br \/>\n<em>La expresi\u00f3n que identifica la obra de Ricardo C\u00e1volo a nivel masivo son los murales.<\/em><\/p>\n<p>&nbsp;<br \/>\nRicardo C\u00e1volo, que en 2014 public\u00f3 el libro <a href=\"http:\/\/www.amazon.es\/Historia-Ilustrada-M%C3%BAsica-Artistas-General\/dp\/8415888511\" onclick=\"_gaq.push(['_trackEvent', 'outbound-article', 'http:\/\/www.amazon.es\/Historia-Ilustrada-M%C3%BAsica-Artistas-General\/dp\/8415888511', 'Historia ilustrada de la m\u00fasica: 100 artistas sin los que no se podr\u00eda vivir']);\"  target=\"_blank\">Historia ilustrada de la m\u00fasica: 100 artistas sin los que no se podr\u00eda vivir<\/a> y que suele ser entrevistado por toda clase de medios especializados online como <a href=\"http:\/\/naranjaimpar.es\/arte\/ricardo-cavolo\/\" onclick=\"_gaq.push(['_trackEvent', 'outbound-article', 'http:\/\/naranjaimpar.es\/arte\/ricardo-cavolo\/', 'Naranja Impar']);\"  target=\"_blank\">Naranja Impar<\/a>, ha expuesto en galer\u00edas de Madrid, Londres, Montreal, Porto y Mil\u00e1n; ha trabajado en campa\u00f1as publicitarias para marcas como Nike, Converse, Coca-Cola y Levi&#8217;s; ha colaborado con agencias de publicidad como Sra. Rushmore, Young &#038; Rubicam y Leo Burnett; ha sido contratado por editoriales como SM, Perif\u00e9rica, Lunwerg y L\u00edmina; ha realizado varias portadas de discos; ha sido convocado por el FC Barcelona; ha creado murales para el Cirque du Soleil, Urban Outfitter y Yul, en el Aeropuerto de Montreal; y ha participado con sus murales en festivales como Mural (Canad\u00e1), Glastonbury Festival (Inglaterra), Cut Out Fest (M\u00e9xico) y Mulafest (Espa\u00f1a). <\/p>\n<p><a href=\"http:\/\/www.primerbrief.com\/wp-content\/uploads\/2015\/04\/ESP-RicardoCavolo-DosObras-GR.jpg\" onclick=\"_gaq.push(['_trackEvent', 'outbound-article-int', 'http:\/\/www.primerbrief.com\/wp-content\/uploads\/2015\/04\/ESP-RicardoCavolo-DosObras-GR.jpg', '']);\" ><img loading=\"lazy\" decoding=\"async\" src=\"http:\/\/www.primerbrief.com\/wp-content\/uploads\/2015\/04\/ESP-RicardoCavolo-DosObras-580px.jpg\" alt=\"ESP-RicardoCavolo-DosObras-580px\" width=\"580\" height=\"336\" class=\"alignleft size-full wp-image-27847\" srcset=\"https:\/\/www.primerbrief.com\/wp-content\/uploads\/2015\/04\/ESP-RicardoCavolo-DosObras-580px.jpg 580w, https:\/\/www.primerbrief.com\/wp-content\/uploads\/2015\/04\/ESP-RicardoCavolo-DosObras-580px-300x174.jpg 300w\" sizes=\"auto, (max-width: 580px) 100vw, 580px\" \/><\/a><br \/>\n<em>Vale la pena cliquear en la imagen y dedicar un rato a admirar el detalle con que C\u00e1volo ornamenta cada una de sus obras.<\/em><\/p>\n<p>&nbsp;<br \/>\n<span style=\"font-size: 11pt;\"><strong>\u00bfEN QU\u00c9 CONSISTIR\u00c1 EL WORKSHOP?<\/strong><\/span><\/p>\n<p>B\u00e1sicamente, en que cada persona desarrolle un retrato. As\u00ed lo explica la escuela misma: \u00abPuede ser autorretrato, el de un personaje, real o ficticio, una mascota, no importa. Pero vamos a ir m\u00e1s all\u00e1 de trabajar un retrato sin m\u00e1s. Se pretende generar una verdadera historia, la de la persona o personaje retratado. Casi como si se tratase de un gui\u00f3n o una biograf\u00eda, vamos a ense\u00f1ar al espectador la vida del retratado usando la propia geograf\u00eda del rostro. De la misma manera que Ricardo trabaja los retratos con multitud de detalles y simbolog\u00edas repartidos por todos lados para conformar una biograf\u00eda compleja del personaje retratado. El espectador no va a conocer s\u00f3lo un rostro y sus facciones, sino toda una vida, perdi\u00e9ndose en cada rinc\u00f3n del retrato. No es necesaria ninguna experiencia previa, nuestros talleres son para todos. La presencia de Ricardo es parte de la gran serie de talleres que bajo el nombre que nos abandera, <em>Sos lo que hac\u00e9s<\/em>, Brother Barcelona viene desarrollando. El anterior taller fue el de Lettering Conceptual a cargo del tip\u00f3grafo Iv\u00e1n Castro, y para este a\u00f1o se esperan otros de gran repercusi\u00f3n\u00bb.<\/p>\n<p>Queda todo dicho. Los cupos para el taller son limitados, pero de oportunidades infinitas. Pedir info a <a href=\"mailto:barcelona@brotherad.com\" onclick=\"_gaq.push(['_trackEvent','mailto','barcelona@brotherad.com']);\" >barcelona@brotherad.com<\/a>.<\/p>\n<p>&nbsp;<br \/>\n<span style=\"font-size: 11pt;\"><strong>TODA LA INFO, CON HORARIOS Y PRECIOS, EN EL PDF<\/strong><\/span><\/p>\n<p><a href=\"http:\/\/www.primerbrief.com\/wp-content\/uploads\/2015\/04\/RicardoCavoloEnBrother-Abril2015-L.pdf\" onclick=\"_gaq.push(['_trackEvent','download','http:\/\/www.primerbrief.com\/wp-content\/uploads\/2015\/04\/RicardoCavoloEnBrother-Abril2015-L.pdf']);\" target=\"_blank\"><img loading=\"lazy\" decoding=\"async\" src=\"http:\/\/www.primerbrief.com\/wp-content\/uploads\/2011\/10\/logo-pdf.jpg\" alt=\"\" title=\"logo-pdf\" width=\"40\" height=\"39\" class=\"alignleft size-full wp-image-4537\" style=\"margin: 0px 10px 0px 0px\" \/><\/a><br \/>\n<a href=\"http:\/\/www.primerbrief.com\/wp-content\/uploads\/2015\/04\/RicardoCavoloEnBrother-Abril2015-L.pdf\" onclick=\"_gaq.push(['_trackEvent','download','http:\/\/www.primerbrief.com\/wp-content\/uploads\/2015\/04\/RicardoCavoloEnBrother-Abril2015-L.pdf']);\" target=\"_blank\">Workshop de Ricardo C\u00e1volo en Brother Barcelona &#8211; En formato PDF<\/a><\/p>\n<p style=\"clear:left;\">\n<p>&nbsp;<br \/>\n&nbsp;<\/p>\n","protected":false},"excerpt":{"rendered":"<p>(ESPA\u00d1A) \u2013 Por primera vez en su trayectoria Ricardo C\u00e1volo (Salamanca, 1982), uno de los ilustradores con mayor trascendencia europea y relevancia de Espa\u00f1a, se presentar\u00e1 con su taller titulado Un retrato, una historia en la hermosa sede catalana de Brother Barcelona. El encuentro, que promete \u2014seg\u00fan anuncia la escuela\u2014 \u00abemociones, ideas y mucho amor\u00bb, ser\u00e1 los pr\u00f3ximos viernes 24 [&hellip;]<\/p>\n","protected":false},"author":3,"featured_media":27842,"comment_status":"open","ping_status":"open","sticky":false,"template":"","format":"standard","meta":{"footnotes":""},"categories":[5],"tags":[1032,1879,48,4007,344],"class_list":["post-27840","post","type-post","status-publish","format-standard","has-post-thumbnail","hentry","category-lugares-de-estudio","tag-brother","tag-brother-barcelona-espana","tag-espana","tag-ricardo-cavolo-espana","tag-workshops"],"_links":{"self":[{"href":"https:\/\/www.primerbrief.com\/index.php?rest_route=\/wp\/v2\/posts\/27840","targetHints":{"allow":["GET"]}}],"collection":[{"href":"https:\/\/www.primerbrief.com\/index.php?rest_route=\/wp\/v2\/posts"}],"about":[{"href":"https:\/\/www.primerbrief.com\/index.php?rest_route=\/wp\/v2\/types\/post"}],"author":[{"embeddable":true,"href":"https:\/\/www.primerbrief.com\/index.php?rest_route=\/wp\/v2\/users\/3"}],"replies":[{"embeddable":true,"href":"https:\/\/www.primerbrief.com\/index.php?rest_route=%2Fwp%2Fv2%2Fcomments&post=27840"}],"version-history":[{"count":8,"href":"https:\/\/www.primerbrief.com\/index.php?rest_route=\/wp\/v2\/posts\/27840\/revisions"}],"predecessor-version":[{"id":27857,"href":"https:\/\/www.primerbrief.com\/index.php?rest_route=\/wp\/v2\/posts\/27840\/revisions\/27857"}],"wp:featuredmedia":[{"embeddable":true,"href":"https:\/\/www.primerbrief.com\/index.php?rest_route=\/wp\/v2\/media\/27842"}],"wp:attachment":[{"href":"https:\/\/www.primerbrief.com\/index.php?rest_route=%2Fwp%2Fv2%2Fmedia&parent=27840"}],"wp:term":[{"taxonomy":"category","embeddable":true,"href":"https:\/\/www.primerbrief.com\/index.php?rest_route=%2Fwp%2Fv2%2Fcategories&post=27840"},{"taxonomy":"post_tag","embeddable":true,"href":"https:\/\/www.primerbrief.com\/index.php?rest_route=%2Fwp%2Fv2%2Ftags&post=27840"}],"curies":[{"name":"wp","href":"https:\/\/api.w.org\/{rel}","templated":true}]}}