{"id":28759,"date":"2015-06-24T04:00:47","date_gmt":"2015-06-24T07:00:47","guid":{"rendered":"http:\/\/www.primerbrief.com\/?p=28759"},"modified":"2015-06-24T05:40:42","modified_gmt":"2015-06-24T08:40:42","slug":"cannes-lions-dia-1-por-tercera-vez-en-cuatro-anos-pb-en-el-mundial-de-la-creatividad","status":"publish","type":"post","link":"https:\/\/www.primerbrief.com\/?p=28759","title":{"rendered":"Cannes Lions, D\u00eda 1: por tercera vez en cuatro a\u00f1os, PB en el Mundial de la Creatividad"},"content":{"rendered":"<p><span style=\"font-size: 11pt;\"><strong>(INTERNACIONAL &#8211; Desde Cannes, Francia) \u2013 PRIMER BRIEF, en la piel de su fundador y director Pancho Dondo, arrib\u00f3 ayer a la costa del Mediterr\u00e1neo para ofrecerte su mirada (privilegiando el mundo estudiantil, por supuesto) sobre lo que ocurra en el <a href=\"http:\/\/www.canneslions.com\/\" onclick=\"_gaq.push(['_trackEvent', 'outbound-article', 'http:\/\/www.canneslions.com\/', 'Festival Internacional de Creatividad Cannes Lions']);\" >Festival Internacional de Creatividad Cannes Lions<\/a>. En los casi cuatro a\u00f1os que llevamos de vida, haber logrado llegar hasta all\u00e1 nada menos que tres veces es un privilegio enorme que queremos compartir con vos y con todos los que, como vos, sue\u00f1an con viajar un d\u00eda al lugar que re\u00fane a m\u00e1s fan\u00e1ticos de la publicidad por metro cuadrado del a\u00f1o y del mundo: si te sobran las ganas de aprender y de, al mismo tiempo, codearte con los admirados de esta industria, \u00a1este es tu sue\u00f1o!<\/strong><\/span><\/p>\n<p><a href=\"http:\/\/www.primerbrief.com\/wp-content\/uploads\/2015\/06\/PBEnCannes2015-GR.jpg\" onclick=\"_gaq.push(['_trackEvent', 'outbound-article-int', 'http:\/\/www.primerbrief.com\/wp-content\/uploads\/2015\/06\/PBEnCannes2015-GR.jpg', '']);\" ><img loading=\"lazy\" decoding=\"async\" src=\"http:\/\/www.primerbrief.com\/wp-content\/uploads\/2015\/06\/PBEnCannes2015-580px.jpg\" alt=\"PBEnCannes2015-580px\" width=\"580\" height=\"372\" class=\"alignleft size-full wp-image-28763\" srcset=\"https:\/\/www.primerbrief.com\/wp-content\/uploads\/2015\/06\/PBEnCannes2015-580px.jpg 580w, https:\/\/www.primerbrief.com\/wp-content\/uploads\/2015\/06\/PBEnCannes2015-580px-300x192.jpg 300w\" sizes=\"auto, (max-width: 580px) 100vw, 580px\" \/><\/a><br \/>\n<em>Pancho Dondo junto al espacio que PRIMER BRIEF se gan\u00f3 entre todos los Media Supporters del festival. (Foto: \u00a1Gracias, <a href=\"http:\/\/www.primerbrief.com\/?tag=joaquin-ibarguren-argentina\" onclick=\"_gaq.push(['_trackEvent', 'outbound-article-int', 'http:\/\/www.primerbrief.com\/?tag=joaquin-ibarguren-argentina', 'Joaqu\u00edn Ibarguren']);\" target=\"_blank\">Joaqu\u00edn Ibarguren<\/a>!)<\/em><\/p>\n<p>&nbsp;<br \/>\n<a href=\"http:\/\/www.primerbrief.com\/wp-content\/uploads\/2015\/06\/PBEnCannes2015-PanchoDondo-GR.jpg\" onclick=\"_gaq.push(['_trackEvent', 'outbound-article-int', 'http:\/\/www.primerbrief.com\/wp-content\/uploads\/2015\/06\/PBEnCannes2015-PanchoDondo-GR.jpg', '']);\" ><img loading=\"lazy\" decoding=\"async\" src=\"http:\/\/www.primerbrief.com\/wp-content\/uploads\/2015\/06\/PBEnCannes2015-PanchoDondo-60x60px.jpg\" alt=\"PBEnCannes2015-PanchoDondo-60x60px\" width=\"60\" height=\"60\" class=\"alignleft size-full wp-image-28760\" style=\"margin: 0px 10px 0px 0px\" \/><\/a><strong>TEXTO Y FOTOS POR <a href=\"http:\/\/www.primerbrief.com\/?tag=pancho-dondo-argentina\" onclick=\"_gaq.push(['_trackEvent', 'outbound-article-int', 'http:\/\/www.primerbrief.com\/?tag=pancho-dondo-argentina', 'PANCHO DONDO']);\" target=\"_blank\">PANCHO DONDO<\/a><\/strong><br \/>\n<em>Director de PB<\/em><br \/>\nEnviado especial a Cannes, Francia<\/p>\n<p style=\"clear:left;\">\n<p>&nbsp;<br \/>\nNo es f\u00e1cil contar en unas pocas l\u00edneas lo que uno vive a lo largo de doce interminables horas en el Campeonato Mundial de la Publicidad. Tal vez el modo m\u00e1s simple sea cont\u00e1rtelo en orden y con el mismo tono con que, en otros tiempos, previos a las compus, los celulares e internet, tomaba papel y l\u00e1piz y le contaba a mi familia, en una larga carta, c\u00f3mo estaba pas\u00e1ndola en mis vacaciones en las sierras de C\u00f3rdoba, por ejemplo. O quiz\u00e1s mejor comparaci\u00f3n resulte el de aquellos \u00e1lbumes de fotos en los que alguno de la familia, para recordar cada detalle de lo ocurrido en el veraneo, llenaba los m\u00e1rgenes de las fotos de anotaciones y signos de admiraci\u00f3n. S\u00ed, eso me convence mucho m\u00e1s para este caso: vamos con el \u00e1lbum.<\/p>\n<p><a href=\"http:\/\/www.primerbrief.com\/wp-content\/uploads\/2015\/06\/PBEnCannes2015-0-EnVuelo-GR.jpg\" onclick=\"_gaq.push(['_trackEvent', 'outbound-article-int', 'http:\/\/www.primerbrief.com\/wp-content\/uploads\/2015\/06\/PBEnCannes2015-0-EnVuelo-GR.jpg', '']);\" ><img loading=\"lazy\" decoding=\"async\" src=\"http:\/\/www.primerbrief.com\/wp-content\/uploads\/2015\/06\/PBEnCannes2015-0-EnVuelo-580px.jpg\" alt=\"PBEnCannes2015-0-EnVuelo-580px\" width=\"580\" height=\"324\" class=\"alignleft size-full wp-image-28769\" srcset=\"https:\/\/www.primerbrief.com\/wp-content\/uploads\/2015\/06\/PBEnCannes2015-0-EnVuelo-580px.jpg 580w, https:\/\/www.primerbrief.com\/wp-content\/uploads\/2015\/06\/PBEnCannes2015-0-EnVuelo-580px-300x168.jpg 300w\" sizes=\"auto, (max-width: 580px) 100vw, 580px\" \/><\/a><br \/>\nLo primero fue viajar, obviamente, y de pronto comprobar, cuando sent\u00eda que faltaban mil horas de viaje, que en realidad me hab\u00eda quedado dormido como un oso en invierno y que ya llev\u00e1bamos recorridos nada menos que 9.793 kil\u00f3metros: \u00a1pr\u00e1cticamente todo el viaje a Madrid! De all\u00ed tuve que hacer una combinaci\u00f3n para seguir vuelo hasta Niza, Francia, y desde all\u00ed un bus local me permiti\u00f3 llegar finalmente a&#8230;<\/p>\n<p>&nbsp;<br \/>\n<a href=\"http:\/\/www.primerbrief.com\/wp-content\/uploads\/2015\/06\/PBEnCannes2015-1-LeCannet-GR.jpg\" onclick=\"_gaq.push(['_trackEvent', 'outbound-article-int', 'http:\/\/www.primerbrief.com\/wp-content\/uploads\/2015\/06\/PBEnCannes2015-1-LeCannet-GR.jpg', '']);\" ><img loading=\"lazy\" decoding=\"async\" src=\"http:\/\/www.primerbrief.com\/wp-content\/uploads\/2015\/06\/PBEnCannes2015-1-LeCannet-580px.jpg\" alt=\"PBEnCannes2015-1-LeCannet-580px\" width=\"580\" height=\"326\" class=\"alignleft size-full wp-image-28771\" srcset=\"https:\/\/www.primerbrief.com\/wp-content\/uploads\/2015\/06\/PBEnCannes2015-1-LeCannet-580px.jpg 580w, https:\/\/www.primerbrief.com\/wp-content\/uploads\/2015\/06\/PBEnCannes2015-1-LeCannet-580px-300x169.jpg 300w\" sizes=\"auto, (max-width: 580px) 100vw, 580px\" \/><\/a><br \/>\n&#8230; \u00a1\u00bfLe Cannet?! \u00bfLe cambiaron el nombre? No, nada de eso: por suerte ya vine un par de veces antes y no amagu\u00e9 con levantarme corriendo y pedirle al chofer que me dejara en la pr\u00f3xima: es que Le Cannet, viniendo de Niza, es una localidad anterior a Cannes, algo as\u00ed como el Valeria del Mar de Pinamar, pero en este caso \u00a1hasta con el nombre que parece robado! Gracias por la bienvenida, queridos canetinhos, y ahora s\u00ed, finalmente, llegu\u00e9 al festival m\u00e1s famoso de&#8230;<\/p>\n<p>&nbsp;<br \/>\n<a href=\"http:\/\/www.primerbrief.com\/wp-content\/uploads\/2015\/06\/PBEnCannes2015-2-Brasil-GR.jpg\" onclick=\"_gaq.push(['_trackEvent', 'outbound-article-int', 'http:\/\/www.primerbrief.com\/wp-content\/uploads\/2015\/06\/PBEnCannes2015-2-Brasil-GR.jpg', '']);\" ><img loading=\"lazy\" decoding=\"async\" src=\"http:\/\/www.primerbrief.com\/wp-content\/uploads\/2015\/06\/PBEnCannes2015-2-Brasil-580px.jpg\" alt=\"PBEnCannes2015-2-Brasil-580px\" width=\"580\" height=\"277\" class=\"alignleft size-full wp-image-28774\" srcset=\"https:\/\/www.primerbrief.com\/wp-content\/uploads\/2015\/06\/PBEnCannes2015-2-Brasil-580px.jpg 580w, https:\/\/www.primerbrief.com\/wp-content\/uploads\/2015\/06\/PBEnCannes2015-2-Brasil-580px-300x143.jpg 300w\" sizes=\"auto, (max-width: 580px) 100vw, 580px\" \/><\/a><br \/>\n&#8230; \u00a1\u00bfBrasil?! \u00a1Me enga\u00f1aron por completo! Parece, parece, pero por m\u00e1s que los brasile\u00f1os y su eterna necesidad de ser los m\u00e1s grandes en todo crean haber hecho el Palais des Festivals desde hace a\u00f1os (\u00a1dicho con todo cari\u00f1o, eh!), el festival m\u00e1s importante de la publicidad del mundo sigue quedando en Francia. FilmBrazil es la agrupaci\u00f3n que re\u00fane a las productoras de cine publicitario m\u00e1s importantes de ese pa\u00eds, y lleva muchas ediciones convertido en uno de los principales esponsors de un evento que siempre aloj\u00f3 a publicitarios y que, en los \u00faltimos tiempos, est\u00e1 transform\u00e1ndose poco a poco en el festival favorito de&#8230;<\/p>\n<p>&nbsp;<br \/>\n<a href=\"http:\/\/www.primerbrief.com\/wp-content\/uploads\/2015\/06\/PBEnCannes2015-3-DanaAnderson-GR.jpg\" onclick=\"_gaq.push(['_trackEvent', 'outbound-article-int', 'http:\/\/www.primerbrief.com\/wp-content\/uploads\/2015\/06\/PBEnCannes2015-3-DanaAnderson-GR.jpg', '']);\" ><img loading=\"lazy\" decoding=\"async\" src=\"http:\/\/www.primerbrief.com\/wp-content\/uploads\/2015\/06\/PBEnCannes2015-3-DanaAnderson-580px.jpg\" alt=\"PBEnCannes2015-3-DanaAnderson-580px\" width=\"580\" height=\"386\" class=\"alignleft size-full wp-image-28777\" srcset=\"https:\/\/www.primerbrief.com\/wp-content\/uploads\/2015\/06\/PBEnCannes2015-3-DanaAnderson-580px.jpg 580w, https:\/\/www.primerbrief.com\/wp-content\/uploads\/2015\/06\/PBEnCannes2015-3-DanaAnderson-580px-300x200.jpg 300w\" sizes=\"auto, (max-width: 580px) 100vw, 580px\" \/><\/a><br \/>\n&#8230; los anunciantes, aunque no lo creas: esta interesant\u00edsima peque\u00f1a lista la fotografi\u00e9 en una brillante clase que, en la Young Marketers Academy, dict\u00f3 la notable Dana Anderson, VP global de marketing de Mondelez, la empresa due\u00f1a, entre much\u00edsimas otras marcas, de Oreo, tan premiada hace un par de a\u00f1os aqu\u00ed mismo en Cannes por aquella incre\u00edble campa\u00f1a de los 100 posts de Facebook para celebrar los 100 a\u00f1os de la marca. Estos cinco \u00abs\u00eds\u00bb que Dana recomendaba estaban dirigidos, como ya habr\u00e1s pescado, a j\u00f3venes profesionales del marketing, que eso y no otra cosa era la carne que poblaba, en esa academia, los bancos de los estudiantes, que de todos modos, por mucho que hubieran estudiado, seguramente no sabr\u00edan qui\u00e9n era&#8230;.<\/p>\n<p>&nbsp;<br \/>\n<a href=\"http:\/\/www.primerbrief.com\/wp-content\/uploads\/2015\/06\/PBEnCannes2015-4-TimBernersLee-GR.jpg\" onclick=\"_gaq.push(['_trackEvent', 'outbound-article-int', 'http:\/\/www.primerbrief.com\/wp-content\/uploads\/2015\/06\/PBEnCannes2015-4-TimBernersLee-GR.jpg', '']);\" ><img loading=\"lazy\" decoding=\"async\" src=\"http:\/\/www.primerbrief.com\/wp-content\/uploads\/2015\/06\/PBEnCannes2015-4-TimBernersLee-580px.jpg\" alt=\"PBEnCannes2015-4-TimBernersLee-580px\" width=\"580\" height=\"370\" class=\"alignleft size-full wp-image-28779\" srcset=\"https:\/\/www.primerbrief.com\/wp-content\/uploads\/2015\/06\/PBEnCannes2015-4-TimBernersLee-580px.jpg 580w, https:\/\/www.primerbrief.com\/wp-content\/uploads\/2015\/06\/PBEnCannes2015-4-TimBernersLee-580px-300x191.jpg 300w\" sizes=\"auto, (max-width: 580px) 100vw, 580px\" \/><\/a><br \/>\n&#8230; este simp\u00e1tico rubio medio calvo que parece estar tom\u00e1ndonos una foto. \u00bfLo sab\u00e9s vos? Seguro que tampoco. \u00bfVes el comienzo de su nombre all\u00ed, a la derecha de la foto? S\u00ed, exacto: es nada menos que <a href=\"https:\/\/es.wikipedia.org\/wiki\/Tim_Berners-Lee\" onclick=\"_gaq.push(['_trackEvent', 'outbound-article', 'https:\/\/es.wikipedia.org\/wiki\/Tim_Berners-Lee', 'Sir Tim Berners Lee']);\"  target=\"_blank\">Sir Tim Berners Lee<\/a>, quien es considerado el padre de la web. Algo ceceoso, con un cord\u00f3n desatado y con movimientos nerviosos de la cabeza, cautiv\u00f3 la atenci\u00f3n durante algunos minutos de periodistas de todo el mundo que fueron a escucharlo en un sal\u00f3n del hotel Carlton (el hotel donde hist\u00f3ricamente, desde tiempo inmemorial, se alojan aqu\u00ed todas las estrellas que vienen a esta ciudad para el festival de cine, que se hace en los mismos espacios, pero en mayo); en ese saloncito Tim nos cont\u00f3 la importancia que, seg\u00fan \u00e9l, tiene para el marketing del futuro la inteligencia artificial (AI, por c\u00f3mo le dicen en ingl\u00e9s); y cuando le preguntaron si para \u00e9l esa sigla era sin\u00f3nimo de \u00e9moci\u00f3n artificial casi salt\u00f3 de la silla: \u00ab\u00a1S\u00ed, por supuesto, absolutamente!\u00bb, grit\u00f3, como si estuviera en la tribuna alentando a&#8230;<\/p>\n<p>&nbsp;<br \/>\n<a href=\"http:\/\/www.primerbrief.com\/wp-content\/uploads\/2015\/06\/PBEnCannes2015-5-FutbolPlaya-GR.jpg\" onclick=\"_gaq.push(['_trackEvent', 'outbound-article-int', 'http:\/\/www.primerbrief.com\/wp-content\/uploads\/2015\/06\/PBEnCannes2015-5-FutbolPlaya-GR.jpg', '']);\" ><img loading=\"lazy\" decoding=\"async\" src=\"http:\/\/www.primerbrief.com\/wp-content\/uploads\/2015\/06\/PBEnCannes2015-5-FutbolPlaya-580px.jpg\" alt=\"PBEnCannes2015-5-FutbolPlaya-580px\" width=\"580\" height=\"386\" class=\"alignleft size-full wp-image-28783\" srcset=\"https:\/\/www.primerbrief.com\/wp-content\/uploads\/2015\/06\/PBEnCannes2015-5-FutbolPlaya-580px.jpg 580w, https:\/\/www.primerbrief.com\/wp-content\/uploads\/2015\/06\/PBEnCannes2015-5-FutbolPlaya-580px-300x200.jpg 300w\" sizes=\"auto, (max-width: 580px) 100vw, 580px\" \/><\/a><br \/>\n&#8230; \u00a1\u00bfla Argentina?! \u00a1Si Berners-Lee es ingl\u00e9s! Ah, no, claro, es el otro equipo. Es que justo me cruc\u00e9, caminando por La Croisette, con un partido del torneo de publicitarios que el Festival organiza, herido por las a\u00f1oranzas de tener que esperar siempre cuatro a\u00f1os hasta que los publicitarios vuelven a vivir un Mundial de F\u00fatbol durante el Festival de Cannes, ocasi\u00f3n que siempre es aprovechada por todos los bares de la ciudad para invitar a los publicitarios de las distintas nacionalidades a alentar a sus selecciones en pantalla gigante y, casi sin que se den cuenta, venderles litros y litros de cerveza, la misma cerveza que probablemente al d\u00eda siguiente se lleve uno o dos leones en el Festival mismo y que, mientras los creativos a\u00fan son j\u00f3venes&#8230;<\/p>\n<p>&nbsp;<br \/>\n<a href=\"http:\/\/www.primerbrief.com\/wp-content\/uploads\/2015\/06\/PBEnCannes2015-6-LegoWorkshop-GR.jpg\" onclick=\"_gaq.push(['_trackEvent', 'outbound-article-int', 'http:\/\/www.primerbrief.com\/wp-content\/uploads\/2015\/06\/PBEnCannes2015-6-LegoWorkshop-GR.jpg', '']);\" ><img loading=\"lazy\" decoding=\"async\" src=\"http:\/\/www.primerbrief.com\/wp-content\/uploads\/2015\/06\/PBEnCannes2015-6-LegoWorkshop-580px.jpg\" alt=\"PBEnCannes2015-6-LegoWorkshop-580px\" width=\"580\" height=\"386\" class=\"alignleft size-full wp-image-28785\" srcset=\"https:\/\/www.primerbrief.com\/wp-content\/uploads\/2015\/06\/PBEnCannes2015-6-LegoWorkshop-580px.jpg 580w, https:\/\/www.primerbrief.com\/wp-content\/uploads\/2015\/06\/PBEnCannes2015-6-LegoWorkshop-580px-300x200.jpg 300w\" sizes=\"auto, (max-width: 580px) 100vw, 580px\" \/><\/a><br \/>\n&#8230; \u00a1parece que no consumen, porque prefieren tomar Pepsi y jugar con Lego! \u00bfEs as\u00ed? Bueno, puede que en alg\u00fan caso lo sea; pero en este, en particular, se trata de dos asistentes al brillante workshop sobre creatividad que dieron, en el aula de la Roger Hatchuel Academy, el director creativo de Lego Ulrik Juul y el publicitario de la agencia Another Casper Willer: realmente apasionante, y con una propuesta final que los alumnos de la academia deber\u00e1n terminar de preparar en equipos y mandarles por email a Ulrik y Casper, quienes prometieron un prolijo feedback una vez que las hayan recibido todas. Eso s\u00ed, tuvieron que terminar su clase bien r\u00e1pido y mirando todo el tiempo la hora, porque en apenas cinco minutos hab\u00edan sido reemplazados por&#8230;<\/p>\n<p>&nbsp;<br \/>\n<a href=\"http:\/\/www.primerbrief.com\/wp-content\/uploads\/2015\/06\/PBEnCannes2015-7-FutureLions-GR.jpg\" onclick=\"_gaq.push(['_trackEvent', 'outbound-article-int', 'http:\/\/www.primerbrief.com\/wp-content\/uploads\/2015\/06\/PBEnCannes2015-7-FutureLions-GR.jpg', '']);\" ><img loading=\"lazy\" decoding=\"async\" src=\"http:\/\/www.primerbrief.com\/wp-content\/uploads\/2015\/06\/PBEnCannes2015-7-FutureLions-580px.jpg\" alt=\"PBEnCannes2015-7-FutureLions-580px\" width=\"580\" height=\"332\" class=\"alignleft size-full wp-image-28787\" srcset=\"https:\/\/www.primerbrief.com\/wp-content\/uploads\/2015\/06\/PBEnCannes2015-7-FutureLions-580px.jpg 580w, https:\/\/www.primerbrief.com\/wp-content\/uploads\/2015\/06\/PBEnCannes2015-7-FutureLions-580px-300x172.jpg 300w\" sizes=\"auto, (max-width: 580px) 100vw, 580px\" \/><\/a><br \/>\n&#8230; este otro rubio, de pelo un poco m\u00e1s largo que Berners-Lee y con importantes bigotes, que no era otro que el ingl\u00e9s Duan Evans, director creativo ejecutivo de la prestigios\u00edsima agencia digital inglesa AKQA, que ven\u00eda a presentar, ante los estudiantes de la RHA, a estos otros doce estudiantes que se ven sentaditos en fila detr\u00e1s de \u00e9l, y que mientras iban siendo nombrados (por Evans) fueron poni\u00e9ndose de pie muy diplom\u00e1ticamente y siendo elegantemente aplaudidos por todos los presentes. \u00a1Es que eran ni m\u00e1s ni menos que los ganadores de este a\u00f1o de la competencia Future Lions, que AKQA viene organizando desde hace diez a\u00f1os y para la que en 2015 se presentaron m\u00e1s de 1.800 proyectos de todo el mundo! Casi nada, como para salir corriendo y meterse en una de las&#8230;<\/p>\n<p>&nbsp;<br \/>\n<a href=\"http:\/\/www.primerbrief.com\/wp-content\/uploads\/2015\/06\/PBEnCannes2015-8-FiestaEnBarco-GR.jpg\" onclick=\"_gaq.push(['_trackEvent', 'outbound-article-int', 'http:\/\/www.primerbrief.com\/wp-content\/uploads\/2015\/06\/PBEnCannes2015-8-FiestaEnBarco-GR.jpg', '']);\" ><img loading=\"lazy\" decoding=\"async\" src=\"http:\/\/www.primerbrief.com\/wp-content\/uploads\/2015\/06\/PBEnCannes2015-8-FiestaEnBarco-580px.jpg\" alt=\"PBEnCannes2015-8-FiestaEnBarco-580px\" width=\"580\" height=\"332\" class=\"alignleft size-full wp-image-28789\" srcset=\"https:\/\/www.primerbrief.com\/wp-content\/uploads\/2015\/06\/PBEnCannes2015-8-FiestaEnBarco-580px.jpg 580w, https:\/\/www.primerbrief.com\/wp-content\/uploads\/2015\/06\/PBEnCannes2015-8-FiestaEnBarco-580px-300x172.jpg 300w\" sizes=\"auto, (max-width: 580px) 100vw, 580px\" \/><\/a><br \/>\n&#8230; \u00a1much\u00edsimas fiestas que hay por estos d\u00edas en esta ciudad, que pueden ocurrir en lugares tan improvisados e ins\u00f3litos como la cubierta de un peque\u00f1o velero anclado en el mar Mediterr\u00e1neo o&#8230;<\/p>\n<p>&nbsp;<br \/>\n<a href=\"http:\/\/www.primerbrief.com\/wp-content\/uploads\/2015\/06\/PBEnCannes2015-9-FiestaConMar-GR.jpg\" onclick=\"_gaq.push(['_trackEvent', 'outbound-article-int', 'http:\/\/www.primerbrief.com\/wp-content\/uploads\/2015\/06\/PBEnCannes2015-9-FiestaConMar-GR.jpg', '']);\" ><img loading=\"lazy\" decoding=\"async\" src=\"http:\/\/www.primerbrief.com\/wp-content\/uploads\/2015\/06\/PBEnCannes2015-9-FiestaConMar-580px.jpg\" alt=\"PBEnCannes2015-9-FiestaConMar-580px\" width=\"580\" height=\"435\" class=\"alignleft size-full wp-image-28791\" srcset=\"https:\/\/www.primerbrief.com\/wp-content\/uploads\/2015\/06\/PBEnCannes2015-9-FiestaConMar-580px.jpg 580w, https:\/\/www.primerbrief.com\/wp-content\/uploads\/2015\/06\/PBEnCannes2015-9-FiestaConMar-580px-300x225.jpg 300w\" sizes=\"auto, (max-width: 580px) 100vw, 580px\" \/><\/a><br \/>\n&#8230; en una terraza cualquiera como la del ya famoso Cannes Connect Bar, aqu\u00ed fotografiado, que tambi\u00e9n mira al Mediterr\u00e1neo y donde pod\u00e9s emborracharte fiero con uno de los principales esponsors del Festival, la cerveza de la botellita verde que tanto tiene que ver con la publicidad y con el f\u00fatbol, esas dos grandes pasiones que much\u00edsimas veces vienen en combo!<br \/>\n&nbsp;<br \/>\n&nbsp;<\/p>\n","protected":false},"excerpt":{"rendered":"<p>(INTERNACIONAL &#8211; Desde Cannes, Francia) \u2013 PRIMER BRIEF, en la piel de su fundador y director Pancho Dondo, arrib\u00f3 ayer a la costa del Mediterr\u00e1neo para ofrecerte su mirada (privilegiando el mundo estudiantil, por supuesto) sobre lo que ocurra en el Festival Internacional de Creatividad Cannes Lions. En los casi cuatro a\u00f1os que llevamos de vida, haber logrado llegar hasta [&hellip;]<\/p>\n","protected":false},"author":3,"featured_media":28765,"comment_status":"open","ping_status":"open","sticky":false,"template":"","format":"standard","meta":{"footnotes":""},"categories":[1156],"tags":[1401,27,216,295],"class_list":["post-28759","post","type-post","status-publish","format-standard","has-post-thumbnail","hentry","category-eventos","tag-cannes-lions","tag-internacional","tag-pancho-dondo-argentina","tag-primer-brief"],"_links":{"self":[{"href":"https:\/\/www.primerbrief.com\/index.php?rest_route=\/wp\/v2\/posts\/28759","targetHints":{"allow":["GET"]}}],"collection":[{"href":"https:\/\/www.primerbrief.com\/index.php?rest_route=\/wp\/v2\/posts"}],"about":[{"href":"https:\/\/www.primerbrief.com\/index.php?rest_route=\/wp\/v2\/types\/post"}],"author":[{"embeddable":true,"href":"https:\/\/www.primerbrief.com\/index.php?rest_route=\/wp\/v2\/users\/3"}],"replies":[{"embeddable":true,"href":"https:\/\/www.primerbrief.com\/index.php?rest_route=%2Fwp%2Fv2%2Fcomments&post=28759"}],"version-history":[{"count":7,"href":"https:\/\/www.primerbrief.com\/index.php?rest_route=\/wp\/v2\/posts\/28759\/revisions"}],"predecessor-version":[{"id":28793,"href":"https:\/\/www.primerbrief.com\/index.php?rest_route=\/wp\/v2\/posts\/28759\/revisions\/28793"}],"wp:featuredmedia":[{"embeddable":true,"href":"https:\/\/www.primerbrief.com\/index.php?rest_route=\/wp\/v2\/media\/28765"}],"wp:attachment":[{"href":"https:\/\/www.primerbrief.com\/index.php?rest_route=%2Fwp%2Fv2%2Fmedia&parent=28759"}],"wp:term":[{"taxonomy":"category","embeddable":true,"href":"https:\/\/www.primerbrief.com\/index.php?rest_route=%2Fwp%2Fv2%2Fcategories&post=28759"},{"taxonomy":"post_tag","embeddable":true,"href":"https:\/\/www.primerbrief.com\/index.php?rest_route=%2Fwp%2Fv2%2Ftags&post=28759"}],"curies":[{"name":"wp","href":"https:\/\/api.w.org\/{rel}","templated":true}]}}