{"id":28941,"date":"2015-06-29T04:00:29","date_gmt":"2015-06-29T07:00:29","guid":{"rendered":"http:\/\/www.primerbrief.com\/?p=28941"},"modified":"2015-06-29T18:26:20","modified_gmt":"2015-06-29T21:26:20","slug":"28941","status":"publish","type":"post","link":"https:\/\/www.primerbrief.com\/?p=28941","title":{"rendered":"Cannes Lions, D\u00edas 4 y 5: cierre a toda orquesta \u00a1y a todo video!"},"content":{"rendered":"<p><span style=\"font-size: 11pt\"><strong>(INTERNACIONAL &#8211; Por Pancho Dondo desde Cannes, Francia) &#8211; Se termin\u00f3. La edici\u00f3n n\u00famero 62 del <a href=\"http:\/\/www.canneslions.com\/\" onclick=\"_gaq.push(['_trackEvent', 'outbound-article', 'http:\/\/www.canneslions.com\/', 'Festival Internacional de Creatividad Cannes Lions']);\" target=\"_blank\">Festival Internacional de Creatividad Cannes Lions<\/a> ya es historia. Opiniones hay tantas como asistentes: 13.500 diferentes. Para muchos fue el m\u00e1s cholulo de la historia: \u00bfqu\u00e9 ten\u00edan que hacer ah\u00ed Kim Kardashian y Monica Lewinsky dando conferencias? Para otros, una nueva confirmaci\u00f3n de que un le\u00f3n ya no vale nada: antes, uno llegaba con un comercial y, si lo lograba, volv\u00eda a casa con un le\u00f3n; ahora, una sola idea puede, sumando los premios de todas las categor\u00edas en que se haya inscripto (y abonado, claro), merecer \u00a17, 12 y hasta 19 leones! Para nosotros, que pasamos la mayor parte del tiempo trabajando de \u00abesponjas profesionales\u00bb en clases magistrales y workshops, fue un Cannes Lions incre\u00edble: ya queremos que sea junio de 2016.<\/strong><\/span><\/p>\n<p><a href=\"http:\/\/www.primerbrief.com\/wp-content\/uploads\/2015\/06\/PBEnCannes2015-01-PostItsConclusiones-GR.jpg\" onclick=\"_gaq.push(['_trackEvent', 'outbound-article-int', 'http:\/\/www.primerbrief.com\/wp-content\/uploads\/2015\/06\/PBEnCannes2015-01-PostItsConclusiones-GR.jpg', '']);\" ><img loading=\"lazy\" decoding=\"async\" src=\"http:\/\/www.primerbrief.com\/wp-content\/uploads\/2015\/06\/PBEnCannes2015-01-PostItsConclusiones-580px.jpg\" alt=\"PBEnCannes2015-01-PostItsConclusiones-580px\" width=\"580\" height=\"355\" class=\"alignleft size-full wp-image-28944\" srcset=\"https:\/\/www.primerbrief.com\/wp-content\/uploads\/2015\/06\/PBEnCannes2015-01-PostItsConclusiones-580px.jpg 580w, https:\/\/www.primerbrief.com\/wp-content\/uploads\/2015\/06\/PBEnCannes2015-01-PostItsConclusiones-580px-300x184.jpg 300w\" sizes=\"auto, (max-width: 580px) 100vw, 580px\" \/><\/a><br \/>\n<em>El entusiasmo de los estudiantes que asisten a la Roger Hatchuel Academy (y, en realidad, a cualquier otra) es contagioso: cuando los chicos de The Pop-Up Agency les propusieron escribir en post-its lo que hab\u00edan aprendido y qu\u00e9 cosas har\u00edan distintas la pr\u00f3xima vez, no tardaron ni dos minutos en inundar el aula de papelitos amarillos que inclu\u00edan conclusiones como las que ac\u00e1 se ven: \u00abSer arriesgado\u00bb; \u00abSi no lo hac\u00e9s, alguien lo va a hacer\u00bb; \u00abbalancear trabajo y descanso\u00bb; \u00abinvolucrar a m\u00e1s gente\u00bb.<\/em><\/p>\n<p>&nbsp;<br \/>\n<a href=\"http:\/\/www.primerbrief.com\/wp-content\/uploads\/2015\/06\/PBEnCannes2015-02-CartelBrasilero-GR.jpg\" onclick=\"_gaq.push(['_trackEvent', 'outbound-article-int', 'http:\/\/www.primerbrief.com\/wp-content\/uploads\/2015\/06\/PBEnCannes2015-02-CartelBrasilero-GR.jpg', '']);\" ><img loading=\"lazy\" decoding=\"async\" src=\"http:\/\/www.primerbrief.com\/wp-content\/uploads\/2015\/06\/PBEnCannes2015-02-CartelBrasilero-580px.jpg\" alt=\"PBEnCannes2015-02-CartelBrasilero-580px\" width=\"580\" height=\"310\" class=\"alignleft size-full wp-image-28946\" srcset=\"https:\/\/www.primerbrief.com\/wp-content\/uploads\/2015\/06\/PBEnCannes2015-02-CartelBrasilero-580px.jpg 580w, https:\/\/www.primerbrief.com\/wp-content\/uploads\/2015\/06\/PBEnCannes2015-02-CartelBrasilero-580px-300x160.jpg 300w\" sizes=\"auto, (max-width: 580px) 100vw, 580px\" \/><\/a><br \/>\nLa ma\u00f1ana del viernes arranc\u00f3 con una gr\u00faa trabajando muy tempranito, antes de que abriera el Palais, sobre la enorme gigantograf\u00eda de FilmBrazil. Tres d\u00edas antes la frase era \u00abBrasil es uno de los pa\u00edses m\u00e1s bellos del mundo. Se lo conoce bien por sus playas espectaculares y su gente talentosa. Los brasile\u00f1os son expertos en el arte de vivir bien y amar mejor. Brasil tambi\u00e9n es conocido por su creatividad cuando llega el momento de las fiestas\u00bb. Ahora, luego de varias etapas de cintas amarillas tapando parte del mensaje, la frase preparada para el \u00faltimo d\u00eda fue la que FilmBrazil verdaderamente quer\u00eda comunicar a la industria publicitaria del mundo entero (en esta foto todav\u00eda faltaba tapar algunas palabras): \u00abA Brasil se lo conoce bien por su creatividad\u00bb. Creatividad que Cannes Lions celebra, por supuesto, casi tanto como&#8230;<\/p>\n<p>&nbsp;<br \/>\n<a href=\"http:\/\/www.primerbrief.com\/wp-content\/uploads\/2015\/06\/PBEnCannes2015-03-DiplomaMarketersAcademy-GR.jpg\" onclick=\"_gaq.push(['_trackEvent', 'outbound-article-int', 'http:\/\/www.primerbrief.com\/wp-content\/uploads\/2015\/06\/PBEnCannes2015-03-DiplomaMarketersAcademy-GR.jpg', '']);\" ><img loading=\"lazy\" decoding=\"async\" src=\"http:\/\/www.primerbrief.com\/wp-content\/uploads\/2015\/06\/PBEnCannes2015-03-DiplomaMarketersAcademy-580px.jpg\" alt=\"PBEnCannes2015-03-DiplomaMarketersAcademy-580px\" width=\"580\" height=\"376\" class=\"alignleft size-full wp-image-28948\" srcset=\"https:\/\/www.primerbrief.com\/wp-content\/uploads\/2015\/06\/PBEnCannes2015-03-DiplomaMarketersAcademy-580px.jpg 580w, https:\/\/www.primerbrief.com\/wp-content\/uploads\/2015\/06\/PBEnCannes2015-03-DiplomaMarketersAcademy-580px-300x194.jpg 300w, https:\/\/www.primerbrief.com\/wp-content\/uploads\/2015\/06\/PBEnCannes2015-03-DiplomaMarketersAcademy-580px-328x212.jpg 328w\" sizes=\"auto, (max-width: 580px) 100vw, 580px\" \/><\/a><br \/>\n&#8230; formaci\u00f3n, documentada ac\u00e1 por este certificado dela Young Lions Marketers Academy extendido a Oytun Kurali: as\u00ed como a la Roger Hatchuel Academy quienes asisten son estudiantes universitarios de todo el mundo, a esta academia que tutorea Jim Stengel (ex director global de marketing de Procter &#038; Gamble) se acercan, con el mismo entusiasmo de los chicos de la RHA, ejecutivos de marketing de empresas de primer\u00edsimo nivel de todos lados, que reciben clases de gente de \u00e1reas absolutamente variadas, desde la creatividad misma hasta la&#8230;<\/p>\n<p>&nbsp;<br \/>\n<a href=\"http:\/\/www.primerbrief.com\/wp-content\/uploads\/2015\/06\/PBEnCannes2015-04-AutoLionsInnovation-GR.jpg\" onclick=\"_gaq.push(['_trackEvent', 'outbound-article-int', 'http:\/\/www.primerbrief.com\/wp-content\/uploads\/2015\/06\/PBEnCannes2015-04-AutoLionsInnovation-GR.jpg', '']);\" ><img loading=\"lazy\" decoding=\"async\" src=\"http:\/\/www.primerbrief.com\/wp-content\/uploads\/2015\/06\/PBEnCannes2015-04-AutoLionsInnovation-580px.jpg\" alt=\"PBEnCannes2015-04-AutoLionsInnovation-580px\" width=\"580\" height=\"301\" class=\"alignleft size-full wp-image-28950\" srcset=\"https:\/\/www.primerbrief.com\/wp-content\/uploads\/2015\/06\/PBEnCannes2015-04-AutoLionsInnovation-580px.jpg 580w, https:\/\/www.primerbrief.com\/wp-content\/uploads\/2015\/06\/PBEnCannes2015-04-AutoLionsInnovation-580px-300x156.jpg 300w\" sizes=\"auto, (max-width: 580px) 100vw, 580px\" \/><\/a><br \/>\n&#8230; innovaci\u00f3n, \u00e1rea para la que Cannes Lions estren\u00f3 este a\u00f1o un <em>festival dentro del festival<\/em>, comunicado sutilmente con autazos como el de la foto: del jueves 25 al viernes 26, en un espacio contiguo al Palais, todos los lenguajes, las tecnolog\u00edas y las ideas que est\u00e1n cambi\u00e1ndole la cara a la creatividad mundial se dieron cita. \u00a1L\u00e1stima que no tuvimos tiempo de sacarle m\u00e1s el jugo a ese espacio! Pero para poder hacerlo hubi\u00e9ramos necesitado multiplicarnos sin cesar, casi como las gotitas de aquel bell\u00edsimo comercial de Evian que fue Grand Prix de Film hace algunos a\u00f1os, e instalarnos&#8230;<\/p>\n<p>&nbsp;<br \/>\n<a href=\"http:\/\/www.primerbrief.com\/wp-content\/uploads\/2015\/06\/PBEnCannes2015-05-PrecioDosAmbientes-GR.jpg\" onclick=\"_gaq.push(['_trackEvent', 'outbound-article-int', 'http:\/\/www.primerbrief.com\/wp-content\/uploads\/2015\/06\/PBEnCannes2015-05-PrecioDosAmbientes-GR.jpg', '']);\" ><img loading=\"lazy\" decoding=\"async\" src=\"http:\/\/www.primerbrief.com\/wp-content\/uploads\/2015\/06\/PBEnCannes2015-05-PrecioDosAmbientes-580px.jpg\" alt=\"PBEnCannes2015-05-PrecioDosAmbientes-580px\" width=\"580\" height=\"316\" class=\"alignleft size-full wp-image-28953\" srcset=\"https:\/\/www.primerbrief.com\/wp-content\/uploads\/2015\/06\/PBEnCannes2015-05-PrecioDosAmbientes-580px.jpg 580w, https:\/\/www.primerbrief.com\/wp-content\/uploads\/2015\/06\/PBEnCannes2015-05-PrecioDosAmbientes-580px-300x163.jpg 300w\" sizes=\"auto, (max-width: 580px) 100vw, 580px\" \/><\/a><br \/>\n&#8230; en alg\u00fan dos ambientes de alg\u00fan barrio perif\u00e9rico de Cannes, quiz\u00e1s este que, con balc\u00f3n y una bella vista al mar, vend\u00eda esta inmobiliaria por la <em>ganga<\/em> de apenas 375.000 euros. \u00a1Un vuelto! \u00bfAll\u00ed habr\u00e1 estado alojado&#8230;<\/p>\n<p>&nbsp;<br \/>\n<a href=\"http:\/\/www.primerbrief.com\/wp-content\/uploads\/2015\/06\/PBEnCannes2015-06-PressConference-GR.jpg\" onclick=\"_gaq.push(['_trackEvent', 'outbound-article-int', 'http:\/\/www.primerbrief.com\/wp-content\/uploads\/2015\/06\/PBEnCannes2015-06-PressConference-GR.jpg', '']);\" ><img loading=\"lazy\" decoding=\"async\" src=\"http:\/\/www.primerbrief.com\/wp-content\/uploads\/2015\/06\/PBEnCannes2015-06-PressConference-580px.jpg\" alt=\"PBEnCannes2015-06-PressConference-580px\" width=\"580\" height=\"298\" class=\"alignleft size-full wp-image-28955\" srcset=\"https:\/\/www.primerbrief.com\/wp-content\/uploads\/2015\/06\/PBEnCannes2015-06-PressConference-580px.jpg 580w, https:\/\/www.primerbrief.com\/wp-content\/uploads\/2015\/06\/PBEnCannes2015-06-PressConference-580px-300x154.jpg 300w\" sizes=\"auto, (max-width: 580px) 100vw, 580px\" \/><\/a><br \/>\n&#8230; alguno de estos nenes, el chairman del festival Terry Savage (en el centro) y los presidentes de los jurados de Film Craft, Film, Titanium &#038; Integrated y Branded Content &#038; Entertainment? No son ningunos pichis: el primero es Jo\u00e3o Daniel Tikhomiroff, uno de los directores de cine publicitario m\u00e1s prol\u00edficos y de carrera m\u00e1s larga de Brasil; el segundo, Tor Myhren, director creativo mundial de Grey; el tercero, Mark Fitzloff, socio y director creativo ejecutivo de Wieden + Kennedy; y el \u00faltimo, Dabid Lubars, director creativo mundial de BBDO Worldwide y chairman de BBDO Norteam\u00e9rica. La de ellos cinco fue la \u00faltima conferencia de prensa de presidentes de jurado, la del s\u00e1bado a la ma\u00f1ana&#8230;<\/p>\n<p>&nbsp;<br \/>\n<a href=\"http:\/\/www.primerbrief.com\/wp-content\/uploads\/2015\/06\/PBEnCannes2015-07-PressRoom-GR.jpg\" onclick=\"_gaq.push(['_trackEvent', 'outbound-article-int', 'http:\/\/www.primerbrief.com\/wp-content\/uploads\/2015\/06\/PBEnCannes2015-07-PressRoom-GR.jpg', '']);\" ><img loading=\"lazy\" decoding=\"async\" src=\"http:\/\/www.primerbrief.com\/wp-content\/uploads\/2015\/06\/PBEnCannes2015-07-PressRoom-580px.jpg\" alt=\"PBEnCannes2015-07-PressRoom-580px\" width=\"580\" height=\"373\" class=\"alignleft size-full wp-image-28958\" srcset=\"https:\/\/www.primerbrief.com\/wp-content\/uploads\/2015\/06\/PBEnCannes2015-07-PressRoom-580px.jpg 580w, https:\/\/www.primerbrief.com\/wp-content\/uploads\/2015\/06\/PBEnCannes2015-07-PressRoom-580px-300x193.jpg 300w, https:\/\/www.primerbrief.com\/wp-content\/uploads\/2015\/06\/PBEnCannes2015-07-PressRoom-580px-328x212.jpg 328w\" sizes=\"auto, (max-width: 580px) 100vw, 580px\" \/><\/a><br \/>\n&#8230; y despu\u00e9s de eso la sala de prensa del Festival, que hasta un par de horas antes herv\u00eda de periodistas tecleando, periodistas tomando caf\u00e9, periodistas grabando alg\u00fan video con un jurado de su pa\u00eds, periodistas consultando detalles con las responsable de la comunicaci\u00f3n de Cannes Lions o simplemente periodistas empezando a despedirse porque sab\u00edan que hasta doce meses m\u00e1s tarde probablemente no vuelvan a verse las caras, empez\u00f3 a quedar cada vez m\u00e1s vac\u00eda, como la ves ac\u00e1. \u00a1S\u00ed, se ven unos cuantos todav\u00eda trabajando, pero no sab\u00e9s lo que era eso un rato antes! Pero el final no fue as\u00ed de triste, no te creas: despu\u00e9s de un rato de descanso para que todo el mundo pudiera ir a ba\u00f1arse, cambiarse y reponer fuerzas, lo que sigui\u00f3 fue la \u00faltima entrega de premios y&#8230;<\/p>\n<p>&nbsp;<br \/>\n<a href=\"http:\/\/www.primerbrief.com\/wp-content\/uploads\/2015\/06\/PBEnCannes2015-08-FiestaCannesLions-GR.jpg\" onclick=\"_gaq.push(['_trackEvent', 'outbound-article-int', 'http:\/\/www.primerbrief.com\/wp-content\/uploads\/2015\/06\/PBEnCannes2015-08-FiestaCannesLions-GR.jpg', '']);\" ><img loading=\"lazy\" decoding=\"async\" src=\"http:\/\/www.primerbrief.com\/wp-content\/uploads\/2015\/06\/PBEnCannes2015-08-FiestaCannesLions-580px.jpg\" alt=\"PBEnCannes2015-08-FiestaCannesLions-580px\" width=\"580\" height=\"355\" class=\"alignleft size-full wp-image-28960\" srcset=\"https:\/\/www.primerbrief.com\/wp-content\/uploads\/2015\/06\/PBEnCannes2015-08-FiestaCannesLions-580px.jpg 580w, https:\/\/www.primerbrief.com\/wp-content\/uploads\/2015\/06\/PBEnCannes2015-08-FiestaCannesLions-580px-300x184.jpg 300w\" sizes=\"auto, (max-width: 580px) 100vw, 580px\" \/><\/a><br \/>\n&#8230; \u00a1s\u00ed, la fiesta! Cannes 2015 empezaba a ser un recuerdo, pero ganas de bailar les quedaban a unos cuantos, lo mismo que&#8230;<\/p>\n<p>&nbsp;<br \/>\n<a href=\"http:\/\/www.primerbrief.com\/wp-content\/uploads\/2015\/06\/PBEnCannes2015-09-FuegosArtificiales-GR.jpg\" onclick=\"_gaq.push(['_trackEvent', 'outbound-article-int', 'http:\/\/www.primerbrief.com\/wp-content\/uploads\/2015\/06\/PBEnCannes2015-09-FuegosArtificiales-GR.jpg', '']);\" ><img loading=\"lazy\" decoding=\"async\" src=\"http:\/\/www.primerbrief.com\/wp-content\/uploads\/2015\/06\/PBEnCannes2015-09-FuegosArtificiales-580px.jpg\" alt=\"PBEnCannes2015-09-FuegosArtificiales-580px\" width=\"580\" height=\"394\" class=\"alignleft size-full wp-image-28962\" srcset=\"https:\/\/www.primerbrief.com\/wp-content\/uploads\/2015\/06\/PBEnCannes2015-09-FuegosArtificiales-580px.jpg 580w, https:\/\/www.primerbrief.com\/wp-content\/uploads\/2015\/06\/PBEnCannes2015-09-FuegosArtificiales-580px-300x204.jpg 300w\" sizes=\"auto, (max-width: 580px) 100vw, 580px\" \/><\/a><br \/>\n&#8230; ganas de ver los fuegos artificiales con que Cannes Lions homenajea todos los a\u00f1os a sus invitados, que este a\u00f1o fueron de nada menos que cien pa\u00edses distintos, y ganas&#8230;<\/p>\n<p>&nbsp;<br \/>\n<a href=\"http:\/\/www.primerbrief.com\/wp-content\/uploads\/2015\/06\/PBEnCannes2015-10-HotelMartinez-GR.jpg\" onclick=\"_gaq.push(['_trackEvent', 'outbound-article-int', 'http:\/\/www.primerbrief.com\/wp-content\/uploads\/2015\/06\/PBEnCannes2015-10-HotelMartinez-GR.jpg', '']);\" ><img loading=\"lazy\" decoding=\"async\" src=\"http:\/\/www.primerbrief.com\/wp-content\/uploads\/2015\/06\/PBEnCannes2015-10-HotelMartinez-580px.jpg\" alt=\"PBEnCannes2015-10-HotelMartinez-580px\" width=\"580\" height=\"427\" class=\"alignleft size-full wp-image-28964\" srcset=\"https:\/\/www.primerbrief.com\/wp-content\/uploads\/2015\/06\/PBEnCannes2015-10-HotelMartinez-580px.jpg 580w, https:\/\/www.primerbrief.com\/wp-content\/uploads\/2015\/06\/PBEnCannes2015-10-HotelMartinez-580px-300x221.jpg 300w\" sizes=\"auto, (max-width: 580px) 100vw, 580px\" \/><\/a><br \/>\n&#8230; \u00a1de sacarse la \u00faltima foto en la explanada de entrada del Hotel Martinez, el m\u00edtico espacio donde todo el mundo pasa horas y horas de cada noche conversando, tomando cerveza y pregunt\u00e1ndose a qu\u00e9 hora del d\u00eda siguiente lograr\u00e1 bajarse de la cama para encarar un nuevo d\u00eda de proyecciones, seminarios, reencuentros, conferencias, croissants, caminatas, fotos, clases magistrales, nuevos reencuentros, compras, aprendizajes, c\u00f3cteles y hasta huelgas de taxis, que este a\u00f1o resultaron un dolor de cabeza para muchos de los asistentes, que llegaron el d\u00eda que todos los taxistas de Francia se unieron para protestar juntos contra Uber, el servicio que relaciona a taxistas no inscriptos en los sindicatos directamente con sus clientes, huelga que el jueves 26 hizo que muchas calles francesas tuvieran&#8230;<\/p>\n<p>&nbsp;<br \/>\n<a href=\"http:\/\/www.primerbrief.com\/wp-content\/uploads\/2015\/06\/PBEnCannes2015-11-SombrillasCerradas-GR.jpg\" onclick=\"_gaq.push(['_trackEvent', 'outbound-article-int', 'http:\/\/www.primerbrief.com\/wp-content\/uploads\/2015\/06\/PBEnCannes2015-11-SombrillasCerradas-GR.jpg', '']);\" ><img loading=\"lazy\" decoding=\"async\" src=\"http:\/\/www.primerbrief.com\/wp-content\/uploads\/2015\/06\/PBEnCannes2015-11-SombrillasCerradas-580px.jpg\" alt=\"PBEnCannes2015-11-SombrillasCerradas-580px\" width=\"580\" height=\"362\" class=\"alignleft size-full wp-image-28966\" srcset=\"https:\/\/www.primerbrief.com\/wp-content\/uploads\/2015\/06\/PBEnCannes2015-11-SombrillasCerradas-580px.jpg 580w, https:\/\/www.primerbrief.com\/wp-content\/uploads\/2015\/06\/PBEnCannes2015-11-SombrillasCerradas-580px-300x187.jpg 300w\" sizes=\"auto, (max-width: 580px) 100vw, 580px\" \/><\/a><br \/>\n&#8230; pr\u00e1cticamente el aspecto \u00abplegado\u00bb y solitario que empezaron a tener las playas privadas de Cannes cuando la noche del s\u00e1bado empezaba a prepararse para dejarle paso a la ma\u00f1ana del domingo y casi todos los asistentes echaban un vistazo a sus tickets de avi\u00f3n, para calcular exactamente cu\u00e1ntas horas de sue\u00f1o les quedaban, preguntarse si tendr\u00edan tiempo de alguna \u00faltima compra para sus familias y temer quedarse dormidos y arriesgarse a perder el avi\u00f3n y la calma. Pero si as\u00ed termin\u00f3 el Festival Internacional de Creatividad Cannes Lions n\u00famero 62, as\u00ed no termina este peque\u00f1o registro en formato de diario de viaje con que intent\u00e9 contagiarte el entusiasmo que un evento as\u00ed le genera a cualquiera que tenga un m\u00ednimo inter\u00e9s en la creatividad publicitaria: vamos a incluir a continuaci\u00f3n las conclusiones, variadas y valiosas, de varios de los participantes latinos que tuvo este festival, y vamos a guardarnos algunos m\u00e1s para otra nota de esta misma semana. \u00bfTe parece? Dale, segu\u00ed: ah\u00ed ten\u00e9s tres videos cortos a los que darles PLAY.<\/p>\n<p>&nbsp;<br \/>\n<span style=\"font-size: 11pt\"><strong>CONCLUSIONES Y CONSEJOS EN ESPA\u00d1OL<\/strong><\/span><\/p>\n<p><iframe loading=\"lazy\" width=\"580\" height=\"326\" src=\"https:\/\/www.youtube.com\/embed\/sOzLQc-tWMs\" frameborder=\"0\" allowfullscreen><\/iframe><br \/>\nAndr\u00e9 Texier es venezolano, trabaja como <em>brand manager<\/em> en Procter &#038; Gamble Caracas y asisti\u00f3 a la Jim Stenger Young Marketers Academy: escuch\u00e1 lo que tiene para contarte sobre su experiencia.<\/p>\n<p>&nbsp;<br \/>\n<iframe loading=\"lazy\" width=\"580\" height=\"326\" src=\"https:\/\/www.youtube.com\/embed\/Y8gMY1P7Xx0\" frameborder=\"0\" allowfullscreen><\/iframe><br \/>\n<a href=\"http:\/\/www.primerbrief.com\/?tag=guido-lubel-argentina\" onclick=\"_gaq.push(['_trackEvent', 'outbound-article-int', 'http:\/\/www.primerbrief.com\/?tag=guido-lubel-argentina', 'Guido Lubel']);\" target=\"_blank\">Guido Lubel<\/a> y <a href=\"http:\/\/www.primerbrief.com\/?tag=joaquin-ibarguren-argentina\" onclick=\"_gaq.push(['_trackEvent', 'outbound-article-int', 'http:\/\/www.primerbrief.com\/?tag=joaquin-ibarguren-argentina', 'Joaqu\u00edn Ibarguren']);\" target=\"_blank\">Joaqu\u00edn Ibarguren<\/a>, viejos conocidos nuestros, cerraron el s\u00e1bado su participaci\u00f3n como Young Lions de Film por la Argentina, cuando el jurado de Film termin\u00f3 de juzgar los trabajos de las 36 duplas inscriptas y anunci\u00f3 los ganadores, que fueron&#8230; dale PLAY.<\/p>\n<p>&nbsp;<br \/>\n<iframe loading=\"lazy\" width=\"580\" height=\"326\" src=\"https:\/\/www.youtube.com\/embed\/BB_JRPidOmw\" frameborder=\"0\" allowfullscreen><\/iframe><br \/>\nFinalmente, hac\u00eda falta la voz de dos monstruos como Ramiro Rodr\u00edguez Cohen y Jos\u00e9 Moll\u00e1, los dos argentinos que participaron en el jurado de Film, el primero, en representaci\u00f3n de su pa\u00eds y el segundo, como socio fundador de La Comunidad \/ The Community (seg\u00fan el pa\u00eds al que te refieras), por los Estados Unidos. Les propusimos que se pensaran a s\u00ed mismos cuando eran estudiantes y estaban empezando a incursionar en la industria y que, con eso en la cabeza, dejaran aqu\u00ed alg\u00fan consejo para vos y para todos los que, como vos, est\u00e1n en este momento transitando ese camino del estudio. Un lindo cierre para un evento incre\u00edble, \u00bfno?<br \/>\n&nbsp;<br \/>\n&nbsp;<\/p>\n","protected":false},"excerpt":{"rendered":"<p>(INTERNACIONAL &#8211; Por Pancho Dondo desde Cannes, Francia) &#8211; Se termin\u00f3. La edici\u00f3n n\u00famero 62 del Festival Internacional de Creatividad Cannes Lions ya es historia. Opiniones hay tantas como asistentes: 13.500 diferentes. Para muchos fue el m\u00e1s cholulo de la historia: \u00bfqu\u00e9 ten\u00edan que hacer ah\u00ed Kim Kardashian y Monica Lewinsky dando conferencias? Para otros, una nueva confirmaci\u00f3n de que [&hellip;]<\/p>\n","protected":false},"author":3,"featured_media":28943,"comment_status":"open","ping_status":"open","sticky":false,"template":"","format":"standard","meta":{"footnotes":""},"categories":[1156],"tags":[1401,27,216],"class_list":["post-28941","post","type-post","status-publish","format-standard","has-post-thumbnail","hentry","category-eventos","tag-cannes-lions","tag-internacional","tag-pancho-dondo-argentina"],"_links":{"self":[{"href":"https:\/\/www.primerbrief.com\/index.php?rest_route=\/wp\/v2\/posts\/28941","targetHints":{"allow":["GET"]}}],"collection":[{"href":"https:\/\/www.primerbrief.com\/index.php?rest_route=\/wp\/v2\/posts"}],"about":[{"href":"https:\/\/www.primerbrief.com\/index.php?rest_route=\/wp\/v2\/types\/post"}],"author":[{"embeddable":true,"href":"https:\/\/www.primerbrief.com\/index.php?rest_route=\/wp\/v2\/users\/3"}],"replies":[{"embeddable":true,"href":"https:\/\/www.primerbrief.com\/index.php?rest_route=%2Fwp%2Fv2%2Fcomments&post=28941"}],"version-history":[{"count":11,"href":"https:\/\/www.primerbrief.com\/index.php?rest_route=\/wp\/v2\/posts\/28941\/revisions"}],"predecessor-version":[{"id":28990,"href":"https:\/\/www.primerbrief.com\/index.php?rest_route=\/wp\/v2\/posts\/28941\/revisions\/28990"}],"wp:featuredmedia":[{"embeddable":true,"href":"https:\/\/www.primerbrief.com\/index.php?rest_route=\/wp\/v2\/media\/28943"}],"wp:attachment":[{"href":"https:\/\/www.primerbrief.com\/index.php?rest_route=%2Fwp%2Fv2%2Fmedia&parent=28941"}],"wp:term":[{"taxonomy":"category","embeddable":true,"href":"https:\/\/www.primerbrief.com\/index.php?rest_route=%2Fwp%2Fv2%2Fcategories&post=28941"},{"taxonomy":"post_tag","embeddable":true,"href":"https:\/\/www.primerbrief.com\/index.php?rest_route=%2Fwp%2Fv2%2Ftags&post=28941"}],"curies":[{"name":"wp","href":"https:\/\/api.w.org\/{rel}","templated":true}]}}