{"id":29361,"date":"2015-07-14T03:58:54","date_gmt":"2015-07-14T06:58:54","guid":{"rendered":"http:\/\/www.primerbrief.com\/?p=29361"},"modified":"2015-07-14T10:04:42","modified_gmt":"2015-07-14T13:04:42","slug":"santiago-do-rego-viene-lleno-de-preguntas-de-medios-a-dar-una-clase-en-miami-ad-school","status":"publish","type":"post","link":"https:\/\/www.primerbrief.com\/?p=29361","title":{"rendered":"Santiago do Rego viene lleno de preguntas de medios a dar una clase en Miami Ad School"},"content":{"rendered":"<p><span style=\"font-size: 11pt;\"><strong>(ARGENTINA) \u2013 \u00abAquellos nuevos viejos medios que se vienen\u00bb es el m\u00e1s que interesante t\u00edtulo de la clase abierta que, dentro del curso de Social Media Strategy, Santiago do Rego dar\u00e1 este viernes 17 a las 7 de la tarde en <a href=\"http:\/\/www.miamiadschool.com.ar\/santiago-do-rego-curso-social-media-strategy-miami-ad-school\/\" onclick=\"_gaq.push(['_trackEvent', 'outbound-article', 'http:\/\/www.miamiadschool.com.ar\/santiago-do-rego-curso-social-media-strategy-miami-ad-school\/', 'Miami Ad School Buenos Aires']);\"  target=\"_blank\">Miami Ad School Buenos Aires<\/a>. Licenciado en periodismo por la Universidad del Salvador, Santiago arranc\u00f3 en Artear en 2006 como responsable de contenidos web y lleva casi ocho a\u00f1os como columnista de tecnolog\u00eda y nuevos medios en TN y El Trece. En la nota, algunas de las preguntas que intentar\u00e1 responder en su clase y el link para anotarse: la asistencia es gratuita, pero con inscripci\u00f3n previa.<\/strong><\/span><\/p>\n<p><img loading=\"lazy\" decoding=\"async\" src=\"http:\/\/www.primerbrief.com\/wp-content\/uploads\/2015\/07\/MAS-SantiagoDoRego-580px.jpg\" alt=\"MAS-SantiagoDoRego-580px\" width=\"580\" height=\"222\" class=\"alignleft size-full wp-image-29362\" srcset=\"https:\/\/www.primerbrief.com\/wp-content\/uploads\/2015\/07\/MAS-SantiagoDoRego-580px.jpg 580w, https:\/\/www.primerbrief.com\/wp-content\/uploads\/2015\/07\/MAS-SantiagoDoRego-580px-300x115.jpg 300w\" sizes=\"auto, (max-width: 580px) 100vw, 580px\" \/><br \/>\n<em>\u00ab\u00bfQui\u00e9n va a elegir lo que vamos a leer el a\u00f1o que viene?\u00bb, se pregunta entre otras cosas Santiago do Rego.<\/em><\/p>\n<p>&nbsp;<br \/>\n\u00ab\u00bfQui\u00e9n va a elegir lo que vamos a leer el a\u00f1o que viene? (O mejor dicho: \u00bfqui\u00e9n calcula el algoritmo que va a decidir lo que vamos a leer el a\u00f1o que viene?). \u00bfQui\u00e9n va a grabar los videos m\u00e1s compartidos de 2017? \u00bfQui\u00e9n los va a difundir? \u00bfPor qu\u00e9 plataforma? \u00bfC\u00f3mo se van a mover los medios tradicionales en ese \u00e1mbito? \u00bfYa podemos decir que Huffington Post y BuzzFeed son medios tradicionales? \u00bfNo? \u00bfCu\u00e1nto falta para eso? \u00bfTiene sentido tener un blog, un sitio web? \u00bfY una app? \u00bfVale la pena desarrollar una app para una empresa, para qu\u00e9 dispositivo? \u00bfCu\u00e1nto tiempo m\u00e1s va a seguir creyendo la gente en las acciones publicitarias disfrazadas de video viral?\u00bb.<\/p>\n<p>Las preguntas podr\u00edan seguir eternamente, pero estas son, al menos, las que le propuso Santiago do Rego a la sede porte\u00f1a de la Miami Ad School para presentar su charla de este viernes, inscripta en el curso de Social Media Strategy que la escuela viene desarrollando.<\/p>\n<p>La propuesta culmina de modo contundente y con un nuevo signo de pregunta que se abre: \u00abSi no te hac\u00e9s estas preguntas, tendr\u00edas que hacerlo. Y entre todos vamos a responderlas. O, por lo menos, vamos a hacernos m\u00e1s preguntas nuevas\u00bb.<\/p>\n<p>Santiago do Rego fue responsable de la organizaci\u00f3n de la redacci\u00f3n web de TN.com.ar y de la implementaci\u00f3n del proyecto TN y la Gente. En 2008 cre\u00f3 TN Tecno, el programa especializado en tecnolog\u00eda de Todo Noticias y desde entonces es su productor ejecutivo y su conductor junto a Federico Wiemeyer.<\/p>\n<p>Para m\u00e1s informaci\u00f3n sobre su charla o para simplemente inscribirte, <a href=\"http:\/\/www.miamiadschool.com.ar\/anotate-aqui-para-ver-la-charla-online\/\" onclick=\"_gaq.push(['_trackEvent', 'outbound-article', 'http:\/\/www.miamiadschool.com.ar\/anotate-aqui-para-ver-la-charla-online\/', 'llen\u00e1 este formulario y listo']);\" >llen\u00e1 este formulario y listo<\/a>.<br \/>\n&nbsp;<br \/>\n&nbsp;<\/p>\n","protected":false},"excerpt":{"rendered":"<p>(ARGENTINA) \u2013 \u00abAquellos nuevos viejos medios que se vienen\u00bb es el m\u00e1s que interesante t\u00edtulo de la clase abierta que, dentro del curso de Social Media Strategy, Santiago do Rego dar\u00e1 este viernes 17 a las 7 de la tarde en Miami Ad School Buenos Aires. Licenciado en periodismo por la Universidad del Salvador, Santiago arranc\u00f3 en Artear en 2006 [&hellip;]<\/p>\n","protected":false},"author":3,"featured_media":29363,"comment_status":"open","ping_status":"open","sticky":false,"template":"","format":"standard","meta":{"footnotes":""},"categories":[1156],"tags":[26,1223,2412,4149,4150],"class_list":["post-29361","post","type-post","status-publish","format-standard","has-post-thumbnail","hentry","category-eventos","tag-argentina","tag-miami-ad-school","tag-miami-ad-school-buenos-aires","tag-santiago-do-rego-argentina","tag-social-media"],"_links":{"self":[{"href":"https:\/\/www.primerbrief.com\/index.php?rest_route=\/wp\/v2\/posts\/29361","targetHints":{"allow":["GET"]}}],"collection":[{"href":"https:\/\/www.primerbrief.com\/index.php?rest_route=\/wp\/v2\/posts"}],"about":[{"href":"https:\/\/www.primerbrief.com\/index.php?rest_route=\/wp\/v2\/types\/post"}],"author":[{"embeddable":true,"href":"https:\/\/www.primerbrief.com\/index.php?rest_route=\/wp\/v2\/users\/3"}],"replies":[{"embeddable":true,"href":"https:\/\/www.primerbrief.com\/index.php?rest_route=%2Fwp%2Fv2%2Fcomments&post=29361"}],"version-history":[{"count":1,"href":"https:\/\/www.primerbrief.com\/index.php?rest_route=\/wp\/v2\/posts\/29361\/revisions"}],"predecessor-version":[{"id":29364,"href":"https:\/\/www.primerbrief.com\/index.php?rest_route=\/wp\/v2\/posts\/29361\/revisions\/29364"}],"wp:featuredmedia":[{"embeddable":true,"href":"https:\/\/www.primerbrief.com\/index.php?rest_route=\/wp\/v2\/media\/29363"}],"wp:attachment":[{"href":"https:\/\/www.primerbrief.com\/index.php?rest_route=%2Fwp%2Fv2%2Fmedia&parent=29361"}],"wp:term":[{"taxonomy":"category","embeddable":true,"href":"https:\/\/www.primerbrief.com\/index.php?rest_route=%2Fwp%2Fv2%2Fcategories&post=29361"},{"taxonomy":"post_tag","embeddable":true,"href":"https:\/\/www.primerbrief.com\/index.php?rest_route=%2Fwp%2Fv2%2Ftags&post=29361"}],"curies":[{"name":"wp","href":"https:\/\/api.w.org\/{rel}","templated":true}]}}