{"id":29366,"date":"2015-07-15T03:59:08","date_gmt":"2015-07-15T06:59:08","guid":{"rendered":"http:\/\/www.primerbrief.com\/?p=29366"},"modified":"2015-07-15T11:33:51","modified_gmt":"2015-07-15T14:33:51","slug":"jose-azanza-arias-y-alfonso-cornejo-profesores-de-its-a-mobile-world-en-la-miami-ad-school","status":"publish","type":"post","link":"https:\/\/www.primerbrief.com\/?p=29366","title":{"rendered":"Hablan los profes de \u00abIt&#8217;s a Mobile World\u00bb, nueva materia de Miami Ad School"},"content":{"rendered":"<p><span style=\"font-size: 11pt;\"><strong>(ARGENTINA) \u2013 Esta semana Miami Ad School sorprende con un interesante anuncio: hay una  nueva puerta abierta y es la de la comunicaci\u00f3n en tecnolog\u00eda <em>mobile<\/em>. \u00abIt&#8217;s a Mobile World\u00bb es el nombre de esta nueva materia, dictada por Alfonso Cornejo (director creativo en <a href=\"http:\/\/www.castroinnovation.com\" onclick=\"_gaq.push(['_trackEvent', 'outbound-article', 'http:\/\/www.castroinnovation.com', '+Castro']);\" >+Castro<\/a>) y Jos\u00e9 Azanza Arias (director creativo ejecutivo en <a href=\"http:\/\/www.wunderman.com.ar\/\" onclick=\"_gaq.push(['_trackEvent', 'outbound-article', 'http:\/\/www.wunderman.com.ar\/', 'Wunderman']);\" >Wunderman<\/a>) y que promete una visi\u00f3n actual sobre un formato funcional como la tecnolog\u00eda de tel\u00e9fonos m\u00f3viles. En la nota de hoy, ambos cuentan de qu\u00e9 se trata esta propuesta, su visi\u00f3n acerca de la publicidad de hoy y dan algunos consejos para todos los futuros publicitarios. <\/strong><\/span><\/p>\n<p><a href=\"http:\/\/www.primerbrief.com\/wp-content\/uploads\/2015\/07\/ARG-JorgeyAlfonso-GR.jpg\" onclick=\"_gaq.push(['_trackEvent', 'outbound-article-int', 'http:\/\/www.primerbrief.com\/wp-content\/uploads\/2015\/07\/ARG-JorgeyAlfonso-GR.jpg', '']);\" ><img loading=\"lazy\" decoding=\"async\" src=\"http:\/\/www.primerbrief.com\/wp-content\/uploads\/2015\/07\/ARG-JoseyAlfonso-580px.png\" alt=\"ARG-JorgeyAlfonso-580px\" width=\"580\" height=\"289\" class=\"alignleft size-full wp-image-28369\" \/><\/a><br \/>\n<em>Cornejo y Azanza Arias: \u00abEl desaf\u00edo es estar muy atento y enterado de lo que va pasando, as\u00ed se lo podemos transmitir a los estudiantes\u00bb. (Foto: Gentileza AC\/JAA)<\/em><\/p>\n<p>&nbsp;<br \/>\n<a href=\"http:\/\/www.primerbrief.com\/wp-content\/uploads\/2015\/05\/staff-evelyn-reggina-GR.jpg\" onclick=\"_gaq.push(['_trackEvent', 'outbound-article-int', 'http:\/\/www.primerbrief.com\/wp-content\/uploads\/2015\/05\/staff-evelyn-reggina-GR.jpg', '']);\"  target=\"_blank\"><img loading=\"lazy\" decoding=\"async\" class=\"alignleft size-full wp-image-4110\" style=\"margin: 0px 10px 0px 0px;\" src=\"http:\/\/www.primerbrief.com\/wp-content\/uploads\/2015\/05\/staff-evelyn-reggina-60x60.jpg\" alt=\"\" width=\"60\" height=\"60\" \/><\/a><strong>TEXTO POR <a href=\"http:\/\/www.primerbrief.com\/?tag=evelyn-reggina-argentina\" onclick=\"_gaq.push(['_trackEvent', 'outbound-article-int', 'http:\/\/www.primerbrief.com\/?tag=evelyn-reggina-argentina', 'EVELYN REGGINA']);\"  target=\"_blank\">EVELYN REGGINA<\/a><\/strong><br \/>\nEstudiante de Letras en la Universidad de Buenos Aires<br \/>\n<em>Redacci\u00f3n especial para PB<\/em><\/p>\n<p style=\"clear:left;\">\n<p>&nbsp;<br \/>\n<strong>PRIMER BRIEF: \u2014\u00bfC\u00f3mo los trata el desaf\u00edo de ense\u00f1ar en Miami Ad School?<\/strong><br \/>\n<strong>Alfonso Cornejo:<\/strong> Ense\u00f1ar en cualquier \u00e1mbito es m\u00e1s que un desaf\u00edo; una responsabilidad. Y, desde lo que nos toca a nosotros, nos sentimos muy comprometidos con los cursos y materias que damos, ya que creemos que somos los encargados de transmitirles a los chicos, m\u00e1s que conocimientos, el entusiasmo y la pasi\u00f3n por este laburo.<br \/>\n<strong>Jos\u00e9 Azanza Arias:<\/strong> Esta es la segunda materia que estamos dictando en la escuela y se suma a un curso corto de verano que dimos en 2014. Este es el curso m\u00e1s desafiante que nos toca dar hasta el momento. <em>Mobile<\/em>, como medio publicitario, est\u00e1 m\u00e1s que nunca en pleno auge y al mismo tiempo no para de evolucionar y sorprender. El desaf\u00edo es estar muy atento y enterado de lo que va pasando, as\u00ed se lo podemos transmitir a los estudiantes.<br \/>\n&nbsp;<\/p>\n<p><strong>PB: \u2014\u00bfQu\u00e9 nos pueden contar del taller? \u00bfEn qu\u00e9 se basa, qu\u00e9 contenidos ofrece?<\/strong><br \/>\n<strong>AC:<\/strong> Este taller, It&#8217;s A Mobile World, se trata de todo el universo que rodea a este mundo que excede al tel\u00e9fono celular <em>per se<\/em>. Incluye diferentes <em>layers<\/em> en cuanto a la forma de pensar para este medio, en la ejecuci\u00f3n, su testeo, etc\u00e9tera. El curso tiene la intenci\u00f3n de que los estudiantes se lleven una perspectiva fresca y actual, y se metan de lleno a explorar con un formato que, a diferencia de otros, les permita crear contenidos publicitarios con el <em>plus<\/em> funcional que la tecnolog\u00eda permite.<br \/>\n<strong>JAA:<\/strong> La materia lleva por nombre It\u2019s A Mobile World y tal como lo indica su nombre, desde la escuela tratamos de establecer la importancia de <em>mobile<\/em> como un medio o soporte publicitario con much\u00edsima relevancia hoy para los anunciantes, y en consecuencia para los futuros profesionales de las agencias. Tratamos de abordar la materia a partir de la exploraci\u00f3n de las posibilidades que tiene <em>mobile<\/em> como medio y no tanto desde una mirada exclusivamente del recurso tecnol\u00f3gico. De esta forma, nuestro objetivo es acercar a los chicos una mirada m\u00e1s amplia y no tanto hacer foco en los chiches tecnol\u00f3gicos que hoy puede tener el \u00faltimo <em>smartphone<\/em> de moda.<\/p>\n<p>&nbsp;<br \/>\n<strong>PB: \u2014A partir de sus a\u00f1os de trayectoria en el rubro, \u00bfc\u00f3mo ven a la publicidad de hoy?<\/strong><br \/>\n<strong>AC:<\/strong> Veo que la publicidad est\u00e1 como el resto de las cosas: en un momento de transici\u00f3n en donde todo puede ser. Igual, si hac\u00edas esta pregunta hace diez a\u00f1os o la hac\u00e9s dentro de diez a\u00f1os todos te respond\u00edan o te van a responder que la publicidad est\u00e1 en transici\u00f3n y en su mejor momento. Est\u00e1 como est\u00e1 porque es parte de una realidad.<br \/>\n<strong>JAA:<\/strong> Para m\u00ed es muy complejo de resumir en pocas palabras, y seguro que tambi\u00e9n los aburrir\u00eda. Mi sensaci\u00f3n es que la industria est\u00e1 un poco perdida y no sabe muy bien a d\u00f3nde va. Si tuviera que resumirlo en una oraci\u00f3n, robando un concepto que escuch\u00e9 el otro d\u00eda de Alfonso, creo que la industria publicitaria tiene un futuro brillante, pero parece haber decidido tener un presente brilloso. Eso quiere decir que creo absolutamente en el talento que tienen las agencias, pero a veces siento que est\u00e1 siendo mal utilizado, o en el mejor de los casos mal enfocado. Para no ser tan negativo, en paralelo est\u00e1 pasando algo genial con lo que nos hemos topado en las aulas de Miami Ad School, y es que los estudiantes al ser indagados d\u00f3nde quieren laburar, en la mayor\u00eda de los casos escuchamos que no se ven necesariamente trabajando en agencias. Y si bien no me sorprende, me da mucho gusto que as\u00ed sea, me entusiasma profundamente esta nueva generaci\u00f3n. Siento que hoy m\u00e1s que nunca tenemos la oportunidad y responsabilidad de formar verdaderos creativos que resuelvan problemas reales y no solamente formar creativos publicitarios.<\/p>\n<p>&nbsp;<br \/>\n<strong>PB: \u2014\u00bfQu\u00e9 les aconsejar\u00edan a los futuros publicitarios?<\/strong><br \/>\n<strong>AC:<\/strong> Que sean mucho m\u00e1s que publicitarios: eso no se los da ninguna escuela, sino su propia inquietud. El publicitario es un compendio de muchos est\u00edmulos que la persona recibe a lo largo de su vida y despu\u00e9s las utiliza o reinterpreta de otra forma.<br \/>\n<strong>JAA:<\/strong> Estoy de acuerdo con Alfonso, les aconsejar\u00eda lo mismo y es que esta profesi\u00f3n requiere de gente con ganas de cambiar las cosas, emprendedores que rompan esquemas, que est\u00e9n dispuestos a pelear por sus ideas. La industria necesita gente despierta y atenta a lo que pasa a su alrededor.<\/p>\n<p>&nbsp;<br \/>\n<strong>PB: \u2014Por \u00faltimo y de yapa: \u00bfalguna app, comercial o \u00abperlita\u00bb que les haya servido de inspiraci\u00f3n o parecido buen\u00edsima y quieran compartir? <\/strong><\/p>\n<p><span style=\"font-size: 11pt;\"><strong>EL ELEGIDO DE CORNEJO<\/strong><\/span><br \/>\n<iframe loading=\"lazy\" src=\"https:\/\/player.vimeo.com\/video\/132213674\" width=\"560\" height=\"315\" frameborder=\"0\" webkitallowfullscreen mozallowfullscreen allowfullscreen><\/iframe><br \/>\n<em>Life Saving Dot.<\/em><\/p>\n<p><span style=\"font-size: 11pt;\"><strong>EL ELEGIDO DE AZANZA ARIAS<\/strong><\/span><br \/>\n<iframe loading=\"lazy\" width=\"560\" height=\"315\" src=\"https:\/\/www.youtube.com\/embed\/CfWzeGlaFvI\" frameborder=\"0\" allowfullscreen><\/iframe><br \/>\n<em>Volvo Life Paint.<\/em><br \/>\n&nbsp;<br \/>\n&nbsp;<\/p>\n","protected":false},"excerpt":{"rendered":"<p>(ARGENTINA) \u2013 Esta semana Miami Ad School sorprende con un interesante anuncio: hay una nueva puerta abierta y es la de la comunicaci\u00f3n en tecnolog\u00eda mobile. \u00abIt&#8217;s a Mobile World\u00bb es el nombre de esta nueva materia, dictada por Alfonso Cornejo (director creativo en +Castro) y Jos\u00e9 Azanza Arias (director creativo ejecutivo en Wunderman) y que promete una visi\u00f3n actual [&hellip;]<\/p>\n","protected":false},"author":1,"featured_media":28671,"comment_status":"open","ping_status":"open","sticky":false,"template":"","format":"standard","meta":{"footnotes":""},"categories":[5],"tags":[4151,26,1223,2412,4152],"class_list":["post-29366","post","type-post","status-publish","format-standard","has-post-thumbnail","hentry","category-lugares-de-estudio","tag-castro","tag-argentina","tag-miami-ad-school","tag-miami-ad-school-buenos-aires","tag-wunderman"],"_links":{"self":[{"href":"https:\/\/www.primerbrief.com\/index.php?rest_route=\/wp\/v2\/posts\/29366","targetHints":{"allow":["GET"]}}],"collection":[{"href":"https:\/\/www.primerbrief.com\/index.php?rest_route=\/wp\/v2\/posts"}],"about":[{"href":"https:\/\/www.primerbrief.com\/index.php?rest_route=\/wp\/v2\/types\/post"}],"author":[{"embeddable":true,"href":"https:\/\/www.primerbrief.com\/index.php?rest_route=\/wp\/v2\/users\/1"}],"replies":[{"embeddable":true,"href":"https:\/\/www.primerbrief.com\/index.php?rest_route=%2Fwp%2Fv2%2Fcomments&post=29366"}],"version-history":[{"count":18,"href":"https:\/\/www.primerbrief.com\/index.php?rest_route=\/wp\/v2\/posts\/29366\/revisions"}],"predecessor-version":[{"id":29392,"href":"https:\/\/www.primerbrief.com\/index.php?rest_route=\/wp\/v2\/posts\/29366\/revisions\/29392"}],"wp:featuredmedia":[{"embeddable":true,"href":"https:\/\/www.primerbrief.com\/index.php?rest_route=\/wp\/v2\/media\/28671"}],"wp:attachment":[{"href":"https:\/\/www.primerbrief.com\/index.php?rest_route=%2Fwp%2Fv2%2Fmedia&parent=29366"}],"wp:term":[{"taxonomy":"category","embeddable":true,"href":"https:\/\/www.primerbrief.com\/index.php?rest_route=%2Fwp%2Fv2%2Fcategories&post=29366"},{"taxonomy":"post_tag","embeddable":true,"href":"https:\/\/www.primerbrief.com\/index.php?rest_route=%2Fwp%2Fv2%2Ftags&post=29366"}],"curies":[{"name":"wp","href":"https:\/\/api.w.org\/{rel}","templated":true}]}}