{"id":29862,"date":"2015-08-18T03:59:14","date_gmt":"2015-08-18T06:59:14","guid":{"rendered":"http:\/\/www.primerbrief.com\/?p=29862"},"modified":"2015-08-18T09:18:40","modified_gmt":"2015-08-18T12:18:40","slug":"brother-barcelona-abre-sus-inscripciones","status":"publish","type":"post","link":"https:\/\/www.primerbrief.com\/?p=29862","title":{"rendered":"\u00abEn Brother aprend\u00ed a no conformarme\u00bb, dice la egresada Enar Areces"},"content":{"rendered":"<p><span style=\"font-size: 11pt;\"><strong>(ESPA\u00d1A) \u2013 <a href=\"http:\/\/brotherad.com\/es\/\" onclick=\"_gaq.push(['_trackEvent', 'outbound-article', 'http:\/\/brotherad.com\/es\/', 'Brother Barcelona']);\"  target=\"_blank\">Brother Barcelona<\/a> abre sus inscripciones y, por eso mismo, se nos ocurri\u00f3 presentarte a una persona que, adem\u00e1s de talentosa, ilustra todo lo que es y lo que vivi\u00f3 en la escuela. Enar Areces acaba de terminar su curso integral en Brother, es licenciada en publicidad y relaciones p\u00fablicas y ganadora, en junio pasado, de un sol de bronce en la categor\u00eda J\u00f3venes Creativos de la edici\u00f3n 2015 del festival El Sol. En la nota te cuenta todo su recorrido en la publicidad \u2014hasta su entrada, este mes, como redactora en Sandwich Cooking Your Brand\u2014 y c\u00f3mo Brother la ayud\u00f3 a entender qu\u00e9 quer\u00eda de su carrera profesional.<\/strong><\/span><\/p>\n<p><a href=\"http:\/\/www.primerbrief.com\/wp-content\/uploads\/2015\/08\/ESP-BrotherFotosFiesta-GR.gif\" onclick=\"_gaq.push(['_trackEvent', 'outbound-article-int', 'http:\/\/www.primerbrief.com\/wp-content\/uploads\/2015\/08\/ESP-BrotherFotosFiesta-GR.gif', '']);\" ><img loading=\"lazy\" decoding=\"async\" src=\"http:\/\/www.primerbrief.com\/wp-content\/uploads\/2015\/08\/ESP-BrotherFotosFiesta-580px.gif\" alt=\"ESP-BrotherFotosFiesta-580px\" width=\"580\" height=\"232\" class=\"alignleft size-full wp-image-29876\" \/><\/a><br \/>\n<em>Distintas escenas de una fiesta reciente en Brother Barcelona, con Enar en la primera foto.<\/em><\/p>\n<p>&nbsp;<br \/>\nEnar Areces naci\u00f3 en Asturias y a los dieciocho a\u00f1os viaj\u00f3 a Segovia para estudiar publicidad y relaciones p\u00fablicas. Estuvo de <em>erasmus<\/em> en Lisboa y all\u00ed termin\u00f3 su carrera. Volvi\u00f3 a Asturias y trabaj\u00f3 un tiempo en comunicaci\u00f3n audiovisual. Pero sin embargo, viendo que su etapa de universitaria se acababa, se vio acorralada por la pregunta: \u00bfqu\u00e9 hago con mi vida? Y as\u00ed dio con Brother. Aqu\u00ed, su relato.<\/p>\n<p>\u00abSoy licenciada en publicidad y relaciones p\u00fablicas, y hace un a\u00f1o decid\u00ed trasladarme a Barcelona y empezar un nuevo camino. Mi etapa universitaria se hab\u00eda acabado, y la pregunta \u00bfqu\u00e9 hago con mi vida? rondaba por mi cabeza constantemente. Una conversaci\u00f3n con un buen amigo me trajo la soluci\u00f3n. &#8216;Ve a Brother&#8217;, me dijo. No me lo pens\u00e9 mucho. Dos d\u00edas m\u00e1s tarde estaba haciendo la matr\u00edcula en Brother Barcelona y parec\u00eda que mi vida estaba m\u00e1s o menos encaminada\u00bb.<\/p>\n<p>\u00abUnos meses m\u00e1s tarde aterric\u00e9 en Barcelona y empezaron las clases en la escuela. Para m\u00ed era una satisfacci\u00f3n ver que mi decisi\u00f3n hab\u00eda sido la correcta. Brother no era lo que yo esperaba: \u00a1era mejor! Pero no quiere decir que esto sea f\u00e1cil: Brother es una escuela exigente, implica disciplina, ser constante y trabajar a diario\u00bb.<\/p>\n<p>\u00abPodr\u00eda decir que este curso ha sido uno de los m\u00e1s duros de mi carrera, y tambi\u00e9n el mejor. Conoc\u00ed gente estupenda, y tambi\u00e9n a Xavi, mi dupla durante todo el a\u00f1o. Primero nos hicimos amigos, despu\u00e9s dupla creativa y m\u00e1s tarde&#8230; compa\u00f1eros de piso, amigos y dupla creativa. Juntos ganamos un sol de bronce en la categor\u00eda J\u00f3venes Creativos de El Sol, en Bilbao. Ganar ese premio fue una satisfacci\u00f3n enorme, porque para nosotros fue un reconocimiento al esfuerzo de muchos meses, un reconocimiento a una evoluci\u00f3n como dupla, al trabajo y la constancia del d\u00eda a d\u00eda\u00bb.<\/p>\n<p><img loading=\"lazy\" decoding=\"async\" src=\"http:\/\/www.primerbrief.com\/wp-content\/uploads\/2015\/08\/BAR-EnarAceres-580px.jpg\" alt=\"Enar-Aceres\" width=\"580\" height=\"300\" class=\"alignleft size-full wp-image-27172\" \/><\/a><br \/>\n<em>Enar Aceres junto a su dupla Xavier, ambos ganadores del sol de bronce en la categor\u00eda J\u00f3venes Creativos de El Sol 2015.<\/em><\/p>\n<p>&nbsp;<br \/>\n<span style=\"font-size: 11pt\"><strong>ORGULLO BROTHERIANO<\/strong><\/span><\/p>\n<p>\u00abEn mi paso por Brother aprend\u00ed a tener criterio, me di cuenta de que para tener buenas ideas necesitas trabajar, trabajar y trabajar. Aprend\u00ed que a veces hay que volver a empezar de cero, que no hay que conformarse y que todo esfuerzo tiene su recompensa\u00bb.<\/p>\n<p>\u00abBrother te abre la cabeza, te atrapa durante nueve meses en los que no puedes ni quieres desconectar de esta escuela. Cuando acabas el curso no s\u00f3lo tienes una buena carpeta para mostrar y encontrar trabajo: tambi\u00e9n tienes las herramientas para desenvolverte dentro de una agencia\u00bb.<\/p>\n<p>\u00abAhora que he empezado a trabajar como <em>copy<\/em> me doy cuenta de que aquella conversaci\u00f3n con mi amigo Samu sobre mi peque\u00f1a crisis post-universidad era el principio de algo muy bueno: Brother hizo que ahora tenga las cosas m\u00e1s claras y sepa, sin ninguna duda, que aquella fue una buena decisi\u00f3n\u00bb.<\/p>\n<div style=\" background-color:#F4F4F4; width:560px; float:left; padding:10px; margin-top:20px; margin-bottom:20px; border-top:solid 10px #CCCCCC; border-bottom:solid 10px #CCCCCC; line-height:16px; font-size:12px\">\n<img decoding=\"async\" style=\"width:560px; border-top:solid 0px; border-right:solid 0px; border-bottom:solid 0px; border-left:solid 0px; margin-bottom:10px; float:left\" src=\"http:\/\/www.primerbrief.com\/wp-content\/uploads\/2011\/07\/PB-RecuadroMasInfo.jpg\" \/><br \/>\n<iframe loading=\"lazy\" src=\"https:\/\/player.vimeo.com\/video\/129205294?color=9e9e9e&#038;title=0&#038;byline=0&#038;portrait=0\" width=\"560\" height=\"315\" frameborder=\"0\" webkitallowfullscreen mozallowfullscreen allowfullscreen><\/iframe><br \/>\n<em>La pieza con la que Enar y su dupla Maxi ganaron el sol de bronce.<\/em><\/p>\n<p>Adem\u00e1s, <a href=\"http:\/\/cargocollective.com\/enarareces\" onclick=\"_gaq.push(['_trackEvent', 'outbound-article', 'http:\/\/cargocollective.com\/enarareces', 'en esta p\u00e1gina pod\u00e9s ver toda la carpeta de Enar']);\" >en esta p\u00e1gina pod\u00e9s ver toda la carpeta de Enar<\/a>. Y si quer\u00e9s comunicarte con Brother Barcelona pod\u00e9s escribir a <a href=\"mailto:barcelona@brotherad.com\" onclick=\"_gaq.push(['_trackEvent','mailto','barcelona@brotherad.com']);\" >barcelona@brotherad.com<\/a>.<\/p>\n<\/div>\n<p>&nbsp;<br \/>\n&nbsp;<\/p>\n","protected":false},"excerpt":{"rendered":"<p>(ESPA\u00d1A) \u2013 Brother Barcelona abre sus inscripciones y, por eso mismo, se nos ocurri\u00f3 presentarte a una persona que, adem\u00e1s de talentosa, ilustra todo lo que es y lo que vivi\u00f3 en la escuela. Enar Areces acaba de terminar su curso integral en Brother, es licenciada en publicidad y relaciones p\u00fablicas y ganadora, en junio pasado, de un sol de [&hellip;]<\/p>\n","protected":false},"author":1,"featured_media":29871,"comment_status":"open","ping_status":"open","sticky":false,"template":"","format":"standard","meta":{"footnotes":""},"categories":[5],"tags":[1879,715,4202,48],"class_list":["post-29862","post","type-post","status-publish","format-standard","has-post-thumbnail","hentry","category-lugares-de-estudio","tag-brother-barcelona-espana","tag-brother-escuela-de-creativos","tag-enar-areces-espana","tag-espana"],"_links":{"self":[{"href":"https:\/\/www.primerbrief.com\/index.php?rest_route=\/wp\/v2\/posts\/29862","targetHints":{"allow":["GET"]}}],"collection":[{"href":"https:\/\/www.primerbrief.com\/index.php?rest_route=\/wp\/v2\/posts"}],"about":[{"href":"https:\/\/www.primerbrief.com\/index.php?rest_route=\/wp\/v2\/types\/post"}],"author":[{"embeddable":true,"href":"https:\/\/www.primerbrief.com\/index.php?rest_route=\/wp\/v2\/users\/1"}],"replies":[{"embeddable":true,"href":"https:\/\/www.primerbrief.com\/index.php?rest_route=%2Fwp%2Fv2%2Fcomments&post=29862"}],"version-history":[{"count":13,"href":"https:\/\/www.primerbrief.com\/index.php?rest_route=\/wp\/v2\/posts\/29862\/revisions"}],"predecessor-version":[{"id":29882,"href":"https:\/\/www.primerbrief.com\/index.php?rest_route=\/wp\/v2\/posts\/29862\/revisions\/29882"}],"wp:featuredmedia":[{"embeddable":true,"href":"https:\/\/www.primerbrief.com\/index.php?rest_route=\/wp\/v2\/media\/29871"}],"wp:attachment":[{"href":"https:\/\/www.primerbrief.com\/index.php?rest_route=%2Fwp%2Fv2%2Fmedia&parent=29862"}],"wp:term":[{"taxonomy":"category","embeddable":true,"href":"https:\/\/www.primerbrief.com\/index.php?rest_route=%2Fwp%2Fv2%2Fcategories&post=29862"},{"taxonomy":"post_tag","embeddable":true,"href":"https:\/\/www.primerbrief.com\/index.php?rest_route=%2Fwp%2Fv2%2Ftags&post=29862"}],"curies":[{"name":"wp","href":"https:\/\/api.w.org\/{rel}","templated":true}]}}