{"id":29943,"date":"2015-08-25T03:59:17","date_gmt":"2015-08-25T06:59:17","guid":{"rendered":"http:\/\/www.primerbrief.com\/?p=29943"},"modified":"2015-08-25T12:06:05","modified_gmt":"2015-08-25T15:06:05","slug":"testimonio-de-un-responsable-de-la-movida-la-usach-quiere-clases-que-sacude-chile","status":"publish","type":"post","link":"https:\/\/www.primerbrief.com\/?p=29943","title":{"rendered":"Testimonio de uno de los responsables de la movida \u00abLa Usach quiere clases\u00bb"},"content":{"rendered":"<p><span style=\"font-size: 11pt;\"><strong>(CHILE) \u2013 Los estudiantes de la <a href=\"http:\/\/www.usach.cl\/\" onclick=\"_gaq.push(['_trackEvent', 'outbound-article', 'http:\/\/www.usach.cl\/', 'Universidad de Santiago de Chile']);\"  target=\"_blank\">Universidad de Santiago de Chile<\/a> (que seg\u00fan el QS World University Ranking de 2013 figura como la tercera universidad chilena y decimotercera a nivel latinoamericano) llevan casi tres meses movilizados, intentando que la casa de estudios deje de regirse por el decreto con fuerza de ley que la gobierna desde la reforma universitaria del dictador Augusto Pinochet, de 1981. Ahora, para dejar clara su posici\u00f3n, lanzaron a las redes sociales una campa\u00f1a que est\u00e1 explotando en todo Chile: con el apoyo de varias figuras de la televisi\u00f3n local, los estudiantes dicen \u00abQueremos clases, pero en una universidad democr\u00e1tica\u00bb. Para obtener un testimonio de primera mano, PRIMER BRIEF se comunic\u00f3 con Walter Vald\u00e9s, presidente del centro de alumnos de la carrera de Publicidad y uno de los encargados de la iniciativa.<\/strong><\/span><\/p>\n<p><a href=\"http:\/\/www.primerbrief.com\/wp-content\/uploads\/2015\/08\/CHI-MovidaUsach-920x239px.jpg\" onclick=\"_gaq.push(['_trackEvent', 'outbound-article-int', 'http:\/\/www.primerbrief.com\/wp-content\/uploads\/2015\/08\/CHI-MovidaUsach-920x239px.jpg', '']);\" ><img loading=\"lazy\" decoding=\"async\" src=\"http:\/\/www.primerbrief.com\/wp-content\/uploads\/2015\/08\/CHI-MovidaUsach-580px.jpg\" alt=\"CHI-MovidaUsach-580px\" width=\"580\" height=\"151\" class=\"alignleft size-full wp-image-29945\" srcset=\"https:\/\/www.primerbrief.com\/wp-content\/uploads\/2015\/08\/CHI-MovidaUsach-580px.jpg 580w, https:\/\/www.primerbrief.com\/wp-content\/uploads\/2015\/08\/CHI-MovidaUsach-580px-300x78.jpg 300w\" sizes=\"auto, (max-width: 580px) 100vw, 580px\" \/><\/a><br \/>\n<em>Las cinco figuras p\u00fablicas chilenas que apoyaron la movida de los estudiantes de la Usach.<\/em> <\/p>\n<p>&nbsp;<br \/>\n<a href=\"http:\/\/www.primerbrief.com\/wp-content\/uploads\/2015\/08\/CHI-WalterValdesFotoFirma-GR.jpg\" onclick=\"_gaq.push(['_trackEvent', 'outbound-article-int', 'http:\/\/www.primerbrief.com\/wp-content\/uploads\/2015\/08\/CHI-WalterValdesFotoFirma-GR.jpg', '']);\" ><img loading=\"lazy\" decoding=\"async\" src=\"http:\/\/www.primerbrief.com\/wp-content\/uploads\/2015\/08\/CHI-WalterValdesFotoFirma-60x60px.jpg\" width=\"60\" height=\"60\" class=\"alignleft size-full wp-image-28760\" style=\"margin: 0px 10px 0px 0px\" \/><\/a><strong>POR <a href=\"http:\/\/www.primerbrief.com\/?tag=walter-valdes-chile\" onclick=\"_gaq.push(['_trackEvent', 'outbound-article-int', 'http:\/\/www.primerbrief.com\/?tag=walter-valdes-chile', 'WALTER VALD\u00c9S']);\" target=\"_blank\">WALTER VALD\u00c9S<\/a><\/strong><br \/>\n<em>Presidente del centro de alumnos de la carrera de Publicidad de la Usach, Chile<\/em><br \/>\nEspecial para PB<\/p>\n<p style=\"clear:left;\">\n<p>&nbsp;<br \/>\nEn la USACH estamos movilizados porque queremos generar cambios. Pero cambios reales y estructurales. Es por eso que se elabor\u00f3 un petitorio con insumos t\u00e9cnicos precisos, con investigaciones y la participaci\u00f3n de representantes de toda la universidad (sin importar su partido pol\u00edtico). Dentro de ese petitorio, los puntos m\u00e1s importantes eran: infraestructura, democratizaci\u00f3n y precarizaci\u00f3n laboral; pero s\u00f3lo se avanz\u00f3 en el primer \u00edtem, pues al pasar al punto de democratizaci\u00f3n, desde rector\u00eda se plante\u00f3 una postura totalmente intransigente, pues aceptaban un plebiscito, pero bajo sus normas, con un porcentaje de votaci\u00f3n totalmente desigual entre los tres estamentos que componen la universidad: esos porcentajes eran un 65 por ciento para acad\u00e9micos, 25 por ciento para estudiantes y un 10 por ciento para funcionarios. Por nuestra parte, como estudiantes solicit\u00e1bamos un porcentaje paritario, un 33 por ciento para cada estamento; luego cedimos dos veces en ellos y rector\u00eda tampoco acept\u00f3 y no quiso ceder en nada, rompieron la mesa de negociaci\u00f3n y nos tomamos la casa central. <\/p>\n<p>Como estudiantes de publicidad comprendimos que esto necesitaba externalizarse: entonces juntamos un grupo de diez personas (Fabi\u00e1n Rojas, Sebasti\u00e1n Aguilera, \u00cdtalo G\u00e1lvez, Jos\u00e9 Rodr\u00edguez, Camila Donoso, Thafne Serrano, Renata Vargas, Bryan Vega, Manuel Lagos y yo mismo, Walter Vald\u00e9s) y, tras much\u00edsimo esfuerzo para llegar a un consenso, llegamos a un mensaje que har\u00eda mucho ruido: \u201cLa USACH quiere clases\u201d, pues se conoce a nuestra universidad por su apoyo a los movimientos sociales y por las constantes movilizaciones internas. Al comprender la gran confusi\u00f3n que pod\u00edamos generar con esto, concebimos la idea de realizar la campa\u00f1a con un <em>teaser<\/em> de famosos pronunciando la consigna, para luego lanzar el video completo estableciendo el c\u00f3mo queremos las clases, pues las queremos, pero en una universidad democr\u00e1tica y sin los legados de la dictadura.<\/p>\n<p>Al lanzar el primer <em>teaser<\/em> est\u00e1bamos muy nerviosos, pero no hab\u00eda pasado una hora cuando toda la gente de la universidad se puso a hablar de esto: unos cre\u00edan que era un mensaje desmovilizador y que quer\u00edamos romper la movilizaci\u00f3n; otros dudaban; pero todos con mucha incertidumbre. Cuando finalmente lanzamos el video completo, fue furor: incluso nos cubrieron desde una radio, la radio cooperativa, cosa que ayud\u00f3 a la viralizaci\u00f3n m\u00e1s r\u00e1pida. <\/p>\n<p>Esta experiencia la calificamos como todo un \u00e9xito, pues reci\u00e9n pas\u00f3 un d\u00eda y ya vamos en las 18 mil reproducciones. Lo mejor fue saber que gente de otras universidades lo vio, y que en muchos lugares que anduve hoy lunes (por ayer) hab\u00eda gente hablando del video de la  USACH, que era ingenioso y todo. Adem\u00e1s llamaron desde otras casas de estudio que imparten publicidad para felicitarnos por la campa\u00f1a.<\/p>\n<p>Agradecemos a los rostros de la televisi\u00f3n chilena: Loreto Aravena, N\u00e9stor Cantillana, Mar\u00eda Jos\u00e9 Bello, Jori Castell y \u00c1lvaro Reyes por apoyarnos y ser los rostros de la campa\u00f1a, y a la periodista Camila Herrera, que nos hizo la entrevista de la Radio Cooperativa.<\/p>\n<p><iframe loading=\"lazy\" width=\"580\" height=\"435\" src=\"https:\/\/www.youtube.com\/embed\/i7o41ylG4LM\" frameborder=\"0\" allowfullscreen><\/iframe><br \/>\n<em>El video completo; los teasers hab\u00edan sido minispots de entre 4 y 8 segundos con los cortes de las figuras diciendo simplemente \u00abLa Usach quiere clases\u00bb, sin m\u00e1s aclaraciones.<\/em><br \/>\n&nbsp;<br \/>\n&nbsp;<\/p>\n","protected":false},"excerpt":{"rendered":"<p>(CHILE) \u2013 Los estudiantes de la Universidad de Santiago de Chile (que seg\u00fan el QS World University Ranking de 2013 figura como la tercera universidad chilena y decimotercera a nivel latinoamericano) llevan casi tres meses movilizados, intentando que la casa de estudios deje de regirse por el decreto con fuerza de ley que la gobierna desde la reforma universitaria del [&hellip;]<\/p>\n","protected":false},"author":3,"featured_media":29946,"comment_status":"open","ping_status":"open","sticky":false,"template":"","format":"standard","meta":{"footnotes":""},"categories":[5],"tags":[4209,129,1069,4208,4207],"class_list":["post-29943","post","type-post","status-publish","format-standard","has-post-thumbnail","hentry","category-lugares-de-estudio","tag-augusto-pinochet-chile","tag-chile","tag-universidad-de-santiago-de-chile","tag-usach-chile","tag-walter-valdes-chile"],"_links":{"self":[{"href":"https:\/\/www.primerbrief.com\/index.php?rest_route=\/wp\/v2\/posts\/29943","targetHints":{"allow":["GET"]}}],"collection":[{"href":"https:\/\/www.primerbrief.com\/index.php?rest_route=\/wp\/v2\/posts"}],"about":[{"href":"https:\/\/www.primerbrief.com\/index.php?rest_route=\/wp\/v2\/types\/post"}],"author":[{"embeddable":true,"href":"https:\/\/www.primerbrief.com\/index.php?rest_route=\/wp\/v2\/users\/3"}],"replies":[{"embeddable":true,"href":"https:\/\/www.primerbrief.com\/index.php?rest_route=%2Fwp%2Fv2%2Fcomments&post=29943"}],"version-history":[{"count":5,"href":"https:\/\/www.primerbrief.com\/index.php?rest_route=\/wp\/v2\/posts\/29943\/revisions"}],"predecessor-version":[{"id":29953,"href":"https:\/\/www.primerbrief.com\/index.php?rest_route=\/wp\/v2\/posts\/29943\/revisions\/29953"}],"wp:featuredmedia":[{"embeddable":true,"href":"https:\/\/www.primerbrief.com\/index.php?rest_route=\/wp\/v2\/media\/29946"}],"wp:attachment":[{"href":"https:\/\/www.primerbrief.com\/index.php?rest_route=%2Fwp%2Fv2%2Fmedia&parent=29943"}],"wp:term":[{"taxonomy":"category","embeddable":true,"href":"https:\/\/www.primerbrief.com\/index.php?rest_route=%2Fwp%2Fv2%2Fcategories&post=29943"},{"taxonomy":"post_tag","embeddable":true,"href":"https:\/\/www.primerbrief.com\/index.php?rest_route=%2Fwp%2Fv2%2Ftags&post=29943"}],"curies":[{"name":"wp","href":"https:\/\/api.w.org\/{rel}","templated":true}]}}