{"id":30342,"date":"2015-10-09T03:59:10","date_gmt":"2015-10-09T06:59:10","guid":{"rendered":"http:\/\/www.primerbrief.com\/?p=30342"},"modified":"2015-10-09T10:20:05","modified_gmt":"2015-10-09T13:20:05","slug":"hay-12-finalistas-en-los-promise-brain-2015","status":"publish","type":"post","link":"https:\/\/www.primerbrief.com\/?p=30342","title":{"rendered":"Hay 12 finalistas en los Promise Brain 2015"},"content":{"rendered":"<p><span style=\"font-size: 11pt;\"><strong>(ARGENTINA) &#8211; La Fundaci\u00f3n Golden Brain Atacama revel\u00f3 los trabajos finalistas en su concurso dirigido a estudiantes. Se enviaron m\u00e1s de 235 trabajos sobre \u00abTerminar el Secundario\u00bb, la tem\u00e1tica solidaria que la fundaci\u00f3n propuso en el brief de este a\u00f1o. Los ganadores ser\u00e1n develados en la entrega de los Golden Brain 2015 el pr\u00f3ximo 4 de noviembre. Conoc\u00e9 en la nota las piezas seleccionadas.<\/strong><\/span><\/p>\n<p><img loading=\"lazy\" decoding=\"async\" src=\"http:\/\/www.primerbrief.com\/wp-content\/uploads\/2015\/10\/ARG-PromiseBrain-Ganadoras2014-580px.jpg\" alt=\"ARG-PromiseBrain-Ganadoras2014-580px\" width=\"580\" height=\"441\" class=\"alignleft size-full wp-image-30344\" srcset=\"https:\/\/www.primerbrief.com\/wp-content\/uploads\/2015\/10\/ARG-PromiseBrain-Ganadoras2014-580px.jpg 580w, https:\/\/www.primerbrief.com\/wp-content\/uploads\/2015\/10\/ARG-PromiseBrain-Ganadoras2014-580px-300x228.jpg 300w\" sizes=\"auto, (max-width: 580px) 100vw, 580px\" \/><br \/>\n<em>Melisa Oviedo y Julieta Hall, de la Universidad del Salvador, las ganadoras de la edici\u00f3n 2014.<\/em><\/p>\n<p>&nbsp;<br \/>\nLos premios Promise Brain 2015 desafiaron este a\u00f1o a los estudiantes de comunicaci\u00f3n social, publicidad, dise\u00f1o y carreras afines a abordar la problem\u00e1tica de la deserci\u00f3n escolar. As\u00ed, m\u00e1s de 800 estudiantes de todo el pa\u00eds se animaron al brief complejo y enviaron sus trabajos para participar del concurso. De ellos fueron elegidos doce, presentados por estudiantes de UCES, USAL, Kennedy, La Fundaci\u00f3n, Universidad del Este, UBA, UAI, UB, UM, UCA (de Buenos Aires), Juan Agust\u00edn Maza (de Mendoza), Colegio Universitario IES 21 y Universidad SIGLO 21 (ambos de C\u00f3rdoba).<\/p>\n<p>El jurado, formado por ganadores de ediciones anteriores del concurso Golden Brain, revelar\u00e1 el trabajo ganador (que tendr\u00e1 como premio ser exhibido durante 2016 en circuitos de v\u00eda p\u00fablica de la ciudad) en la entrega de los Golden Brain 2015, el pr\u00f3ximo 4 de noviembre a las 18 en el Aula Magna de la Universidad Abierta Interamericana, con entrada libre y gratuita.  <\/p>\n<p>&nbsp;<br \/>\n<span style=\"font-size: 11pt\"><strong>LOS TRABAJOS FINALISTAS<\/strong><\/span><\/p>\n<p>&nbsp;<br \/>\n<img loading=\"lazy\" decoding=\"async\" src=\"http:\/\/www.primerbrief.com\/wp-content\/uploads\/2015\/10\/1-FundacionDeAltosEstudios-Bip.jpg\" alt=\"aTACAMA\" width=\"580\" height=\"285\" class=\"alignleft size-full wp-image-30346\" srcset=\"https:\/\/www.primerbrief.com\/wp-content\/uploads\/2015\/10\/1-FundacionDeAltosEstudios-Bip.jpg 580w, https:\/\/www.primerbrief.com\/wp-content\/uploads\/2015\/10\/1-FundacionDeAltosEstudios-Bip-300x147.jpg 300w\" sizes=\"auto, (max-width: 580px) 100vw, 580px\" \/><br \/>\nSeud\u00f3nimo: Bip. Creativos: Jesica Gil y Ail\u00e9n Laura Gerardi. Instituci\u00f3n educativa: Fundacion de Altos Estudios.<\/p>\n<p>&nbsp;<br \/>\n<img loading=\"lazy\" decoding=\"async\" src=\"http:\/\/www.primerbrief.com\/wp-content\/uploads\/2015\/10\/2-UAI-Luqueaste.jpg\" alt=\"2-UAI-Luqueaste\" width=\"580\" height=\"285\" class=\"alignleft size-full wp-image-30347\" srcset=\"https:\/\/www.primerbrief.com\/wp-content\/uploads\/2015\/10\/2-UAI-Luqueaste.jpg 580w, https:\/\/www.primerbrief.com\/wp-content\/uploads\/2015\/10\/2-UAI-Luqueaste-300x147.jpg 300w\" sizes=\"auto, (max-width: 580px) 100vw, 580px\" \/><br \/>\nSeud\u00f3nimo: Luqueaste. Creativo: Lucas Emanuel Pandolfi. Instituci\u00f3n educativa: UAI.<\/p>\n<p>&nbsp;<br \/>\n<img loading=\"lazy\" decoding=\"async\" src=\"http:\/\/www.primerbrief.com\/wp-content\/uploads\/2015\/10\/3-UAI-WWB.jpg\" alt=\"3-UAI-WWB\" width=\"580\" height=\"285\" class=\"alignleft size-full wp-image-30348\" srcset=\"https:\/\/www.primerbrief.com\/wp-content\/uploads\/2015\/10\/3-UAI-WWB.jpg 580w, https:\/\/www.primerbrief.com\/wp-content\/uploads\/2015\/10\/3-UAI-WWB-300x147.jpg 300w\" sizes=\"auto, (max-width: 580px) 100vw, 580px\" \/><br \/>\nSeud\u00f3nimo: W.W B. Creativo: Diego Coda. Instituci\u00f3n educativa: UAI.<\/p>\n<p>&nbsp;<br \/>\n<img loading=\"lazy\" decoding=\"async\" src=\"http:\/\/www.primerbrief.com\/wp-content\/uploads\/2015\/10\/4-UAI-Nano.jpg\" alt=\"4-UAI-Nano\" width=\"580\" height=\"285\" class=\"alignleft size-full wp-image-30349\" srcset=\"https:\/\/www.primerbrief.com\/wp-content\/uploads\/2015\/10\/4-UAI-Nano.jpg 580w, https:\/\/www.primerbrief.com\/wp-content\/uploads\/2015\/10\/4-UAI-Nano-300x147.jpg 300w\" sizes=\"auto, (max-width: 580px) 100vw, 580px\" \/><br \/>\nSeud\u00f3nimo: Nano. Creativos: Ezequiel Alescio. Instituci\u00f3n educativa: UAI.<\/p>\n<p>&nbsp;<br \/>\n<img loading=\"lazy\" decoding=\"async\" src=\"http:\/\/www.primerbrief.com\/wp-content\/uploads\/2015\/10\/5-UBA-LosLapices.jpg\" alt=\"5-UBA-LosLapices\" width=\"580\" height=\"285\" class=\"alignleft size-full wp-image-30350\" srcset=\"https:\/\/www.primerbrief.com\/wp-content\/uploads\/2015\/10\/5-UBA-LosLapices.jpg 580w, https:\/\/www.primerbrief.com\/wp-content\/uploads\/2015\/10\/5-UBA-LosLapices-300x147.jpg 300w\" sizes=\"auto, (max-width: 580px) 100vw, 580px\" \/><br \/>\nSeud\u00f3nimo: Los L\u00e1pices. Creativos: Diego Salotto, Maria Mercedes Fumagalli y Santiago Sourigues. Instituci\u00f3n educativa: UBA.<\/p>\n<p>&nbsp;<br \/>\n<img loading=\"lazy\" decoding=\"async\" src=\"http:\/\/www.primerbrief.com\/wp-content\/uploads\/2015\/10\/6-UM-Flamenco.jpg\" alt=\"CARTEL.ESTUDIA.DEFINITIVO\" width=\"580\" height=\"285\" class=\"alignleft size-full wp-image-30351\" srcset=\"https:\/\/www.primerbrief.com\/wp-content\/uploads\/2015\/10\/6-UM-Flamenco.jpg 580w, https:\/\/www.primerbrief.com\/wp-content\/uploads\/2015\/10\/6-UM-Flamenco-300x147.jpg 300w\" sizes=\"auto, (max-width: 580px) 100vw, 580px\" \/><br \/>\nSeud\u00f3nimo: Flamen&#038;co. Creativos: Laura Barreche Morej\u00f3n y Elena Di\u00e1z Magro. Instituci\u00f3n educativa: UM.<\/p>\n<p>&nbsp;<br \/>\n<img loading=\"lazy\" decoding=\"async\" src=\"http:\/\/www.primerbrief.com\/wp-content\/uploads\/2015\/10\/7-UniversidadKennedy-ShadowsDesign.jpg\" alt=\"7-UniversidadKennedy-ShadowsDesign\" width=\"580\" height=\"285\" class=\"alignleft size-full wp-image-30352\" srcset=\"https:\/\/www.primerbrief.com\/wp-content\/uploads\/2015\/10\/7-UniversidadKennedy-ShadowsDesign.jpg 580w, https:\/\/www.primerbrief.com\/wp-content\/uploads\/2015\/10\/7-UniversidadKennedy-ShadowsDesign-300x147.jpg 300w\" sizes=\"auto, (max-width: 580px) 100vw, 580px\" \/><br \/>\nSeud\u00f3nimo: Shadows Design. Creativos: Evana Fern\u00e1ndez, Juan Manuel Alessandrini y Ramiro Agust\u00edn Mart\u00ednez. Instituci\u00f3n educativa: Universidad Kennedy.<\/p>\n<p>&nbsp;<br \/>\n<img loading=\"lazy\" decoding=\"async\" src=\"http:\/\/www.primerbrief.com\/wp-content\/uploads\/2015\/10\/8-UniversidadKennedy-TresInsight.jpg\" alt=\"Afiche-Concurso1-FINAL-curvas\" width=\"580\" height=\"280\" class=\"alignleft size-full wp-image-30353\" srcset=\"https:\/\/www.primerbrief.com\/wp-content\/uploads\/2015\/10\/8-UniversidadKennedy-TresInsight.jpg 580w, https:\/\/www.primerbrief.com\/wp-content\/uploads\/2015\/10\/8-UniversidadKennedy-TresInsight-300x145.jpg 300w\" sizes=\"auto, (max-width: 580px) 100vw, 580px\" \/><br \/>\nSeud\u00f3nimo: Tres Insight. Creativo: Hern\u00e1n Soracco. Instituci\u00f3n educativa: Universidad Kennedy<\/p>\n<p>&nbsp;<br \/>\n<img loading=\"lazy\" decoding=\"async\" src=\"http:\/\/www.primerbrief.com\/wp-content\/uploads\/2015\/10\/9-UniversidadSiglo21-Rococoro.jpg\" alt=\"9-UniversidadSiglo21-Rococoro\" width=\"580\" height=\"285\" class=\"alignleft size-full wp-image-30354\" srcset=\"https:\/\/www.primerbrief.com\/wp-content\/uploads\/2015\/10\/9-UniversidadSiglo21-Rococoro.jpg 580w, https:\/\/www.primerbrief.com\/wp-content\/uploads\/2015\/10\/9-UniversidadSiglo21-Rococoro-300x147.jpg 300w\" sizes=\"auto, (max-width: 580px) 100vw, 580px\" \/><br \/>\nSeud\u00f3nimo: Rococoro. Creativos: Roc\u00edo Urquiza y Agust\u00edn Scerbo. Instituci\u00f3n educativa: Universidad Siglo 21<\/p>\n<p>&nbsp;<br \/>\n<img loading=\"lazy\" decoding=\"async\" src=\"http:\/\/www.primerbrief.com\/wp-content\/uploads\/2015\/10\/10-UniversidadSiglo21-Loop.jpg\" alt=\"Print\" width=\"580\" height=\"285\" class=\"alignleft size-full wp-image-30355\" srcset=\"https:\/\/www.primerbrief.com\/wp-content\/uploads\/2015\/10\/10-UniversidadSiglo21-Loop.jpg 580w, https:\/\/www.primerbrief.com\/wp-content\/uploads\/2015\/10\/10-UniversidadSiglo21-Loop-300x147.jpg 300w\" sizes=\"auto, (max-width: 580px) 100vw, 580px\" \/><br \/>\nSeud\u00f3nimo: Loop. Creativo: Joaqu\u00edn Fernando Testa. Instituci\u00f3n educativa: Universidad Siglo 21<\/p>\n<p>&nbsp;<br \/>\n<img loading=\"lazy\" decoding=\"async\" src=\"http:\/\/www.primerbrief.com\/wp-content\/uploads\/2015\/10\/11-UP-VuenDia.jpg\" alt=\"VUEN DIA\" width=\"580\" height=\"321\" class=\"alignleft size-full wp-image-30356\" srcset=\"https:\/\/www.primerbrief.com\/wp-content\/uploads\/2015\/10\/11-UP-VuenDia.jpg 580w, https:\/\/www.primerbrief.com\/wp-content\/uploads\/2015\/10\/11-UP-VuenDia-300x166.jpg 300w\" sizes=\"auto, (max-width: 580px) 100vw, 580px\" \/><br \/>\nSeud\u00f3nimo: VUEN DIA. Creativos: Carrosa Bianca. Instituci\u00f3n educativa: UP<\/p>\n<p>&nbsp;<br \/>\n<img loading=\"lazy\" decoding=\"async\" src=\"http:\/\/www.primerbrief.com\/wp-content\/uploads\/2015\/10\/12-USALCahgonaGroup.jpg\" alt=\"12-USALCahgonaGroup\" width=\"580\" height=\"285\" class=\"alignleft size-full wp-image-30357\" srcset=\"https:\/\/www.primerbrief.com\/wp-content\/uploads\/2015\/10\/12-USALCahgonaGroup.jpg 580w, https:\/\/www.primerbrief.com\/wp-content\/uploads\/2015\/10\/12-USALCahgonaGroup-300x147.jpg 300w\" sizes=\"auto, (max-width: 580px) 100vw, 580px\" \/><br \/>\nSeud\u00f3nimo: Cahgona Group. Creativos: Agostina Mormandi, Carolina Sciarra Maradoa y Juana Varela. Instituci\u00f3n educativa: USAL<br \/>\n&nbsp;<br \/>\n&nbsp;<\/p>\n","protected":false},"excerpt":{"rendered":"<p>(ARGENTINA) &#8211; La Fundaci\u00f3n Golden Brain Atacama revel\u00f3 los trabajos finalistas en su concurso dirigido a estudiantes. Se enviaron m\u00e1s de 235 trabajos sobre \u00abTerminar el Secundario\u00bb, la tem\u00e1tica solidaria que la fundaci\u00f3n propuso en el brief de este a\u00f1o. Los ganadores ser\u00e1n develados en la entrega de los Golden Brain 2015 el pr\u00f3ximo 4 de noviembre. Conoc\u00e9 en la [&hellip;]<\/p>\n","protected":false},"author":3,"featured_media":30345,"comment_status":"open","ping_status":"open","sticky":false,"template":"","format":"standard","meta":{"footnotes":""},"categories":[145],"tags":[26,4259,4258,3640],"class_list":["post-30342","post","type-post","status-publish","format-standard","has-post-thumbnail","hentry","category-premios","tag-argentina","tag-atacama","tag-fundacion-golden-brain","tag-promise-brain"],"_links":{"self":[{"href":"https:\/\/www.primerbrief.com\/index.php?rest_route=\/wp\/v2\/posts\/30342","targetHints":{"allow":["GET"]}}],"collection":[{"href":"https:\/\/www.primerbrief.com\/index.php?rest_route=\/wp\/v2\/posts"}],"about":[{"href":"https:\/\/www.primerbrief.com\/index.php?rest_route=\/wp\/v2\/types\/post"}],"author":[{"embeddable":true,"href":"https:\/\/www.primerbrief.com\/index.php?rest_route=\/wp\/v2\/users\/3"}],"replies":[{"embeddable":true,"href":"https:\/\/www.primerbrief.com\/index.php?rest_route=%2Fwp%2Fv2%2Fcomments&post=30342"}],"version-history":[{"count":1,"href":"https:\/\/www.primerbrief.com\/index.php?rest_route=\/wp\/v2\/posts\/30342\/revisions"}],"predecessor-version":[{"id":30358,"href":"https:\/\/www.primerbrief.com\/index.php?rest_route=\/wp\/v2\/posts\/30342\/revisions\/30358"}],"wp:featuredmedia":[{"embeddable":true,"href":"https:\/\/www.primerbrief.com\/index.php?rest_route=\/wp\/v2\/media\/30345"}],"wp:attachment":[{"href":"https:\/\/www.primerbrief.com\/index.php?rest_route=%2Fwp%2Fv2%2Fmedia&parent=30342"}],"wp:term":[{"taxonomy":"category","embeddable":true,"href":"https:\/\/www.primerbrief.com\/index.php?rest_route=%2Fwp%2Fv2%2Fcategories&post=30342"},{"taxonomy":"post_tag","embeddable":true,"href":"https:\/\/www.primerbrief.com\/index.php?rest_route=%2Fwp%2Fv2%2Ftags&post=30342"}],"curies":[{"name":"wp","href":"https:\/\/api.w.org\/{rel}","templated":true}]}}