{"id":30359,"date":"2015-10-09T04:00:20","date_gmt":"2015-10-09T07:00:20","guid":{"rendered":"http:\/\/www.primerbrief.com\/?p=30359"},"modified":"2015-10-09T17:01:19","modified_gmt":"2015-10-09T20:01:19","slug":"rafael-y-victor-ganadores-del-bepi-2015-nunca-inscribimos-nuestro-trabajo-antes","status":"publish","type":"post","link":"https:\/\/www.primerbrief.com\/?p=30359","title":{"rendered":"Rafael y Victor, ganadores del BePI 2015: \u201cNunca hab\u00edamos participado en festivales\u201d"},"content":{"rendered":"<p><span style=\"font-size: 11pt\"><strong>(IBEROAM\u00c9RICA) &#8211; El Festival de la Publicidad Independiente premi\u00f3 nuevamente a los estudiantes de publicidad que se animaron a participar en su categor\u00eda exclusiva, el BePi. Este a\u00f1o, el primer premio en la categor\u00eda qued\u00f3 en manos de Rafael Misuta y Victor Rodrigues, de la escuela de creatividad Redhook de Brasil. Hablamos con ellos para conocer m\u00e1s sobre c\u00f3mo fue el concurso este a\u00f1o, y c\u00f3mo fue que lo ganaron.<\/strong><\/span><\/p>\n<p><a href=\"http:\/\/www.primerbrief.com\/wp-content\/uploads\/2015\/10\/IBE-Bepi2015-RodriguesZanattiMisuta-GR.jpg\" onclick=\"_gaq.push(['_trackEvent', 'outbound-article-int', 'http:\/\/www.primerbrief.com\/wp-content\/uploads\/2015\/10\/IBE-Bepi2015-RodriguesZanattiMisuta-GR.jpg', '']);\" ><img loading=\"lazy\" decoding=\"async\" src=\"http:\/\/www.primerbrief.com\/wp-content\/uploads\/2015\/10\/IBE-Bepi2015-RodriguesZanattiMisuta-580px.jpg\" alt=\"IBE-Bepi2015-RodriguesZanattiMisuta-580px\" width=\"580\" height=\"435\" class=\"alignleft size-full wp-image-30361\" srcset=\"https:\/\/www.primerbrief.com\/wp-content\/uploads\/2015\/10\/IBE-Bepi2015-RodriguesZanattiMisuta-580px.jpg 580w, https:\/\/www.primerbrief.com\/wp-content\/uploads\/2015\/10\/IBE-Bepi2015-RodriguesZanattiMisuta-580px-300x225.jpg 300w\" sizes=\"auto, (max-width: 580px) 100vw, 580px\" \/><\/a><br \/>\n<em>De izquierda a derecha: Victor Rodrigues, Marcos Zanatti (profesor y mentor de la dupla) y Rafael Misuta. (Foto: Gentileza de los entrevistados)<\/em><\/p>\n<p>&nbsp;<br \/>\n<a href=\"http:\/\/www.primerbrief.com\/wp-content\/uploads\/2014\/10\/ARG-JoseEscanes-PorOkiGuzman-GR.jpg\" onclick=\"_gaq.push(['_trackEvent', 'outbound-article-int', 'http:\/\/www.primerbrief.com\/wp-content\/uploads\/2014\/10\/ARG-JoseEscanes-PorOkiGuzman-GR.jpg', '']);\" target=\"_blank\"><img loading=\"lazy\" decoding=\"async\" src=\"http:\/\/www.primerbrief.com\/wp-content\/uploads\/2014\/10\/ARG-JoseEscanes-PorOkiGuzman-60x60px.jpg\" width=\"60\" height=\"60\" class=\"alignleft size-full wp-image-4110\" style=\"margin: 0px 10px 0px 0px\" \/><\/a><strong>POR <a href=\"http:\/\/www.primerbrief.com\/?tag=jose-escanes-argentina\" onclick=\"_gaq.push(['_trackEvent', 'outbound-article-int', 'http:\/\/www.primerbrief.com\/?tag=jose-escanes-argentina', 'JOS\u00c9 ESCAN\u00c9S']);\" target=\"_blank\">JOS\u00c9 ESCAN\u00c9S<\/a><\/strong><br \/>\nEspecial para PB<br \/>\n<em>(Retrato JE: Oki Guzm\u00e1n)<\/em><\/p>\n<p>&nbsp;<br \/>\nLos publicitarios brasile\u00f1os se destacan, incluso cuando todav\u00eda son estudiantes. Esto demostraron Rafael Misuta y Victor Rodrigues, de la escuela de creatividad Redhook, al ganar el oro en la \u00faltima edici\u00f3n del BePi (el certamen del FePi para profesionales en formaci\u00f3n).<\/p>\n<p>A trav\u00e9s de emails (ya que los chicos contin\u00faan estudiando en la ciudad de Curitiba), Rafael y Victor respondieron nuestras preguntas y mostraron la campa\u00f1a que el jurado eligi\u00f3 como la mejor en su categor\u00eda.<\/p>\n<p><strong>PRIMER BRIEF: \u00bfEstudiaron en otra universidad o solamente en Red Hook?<\/strong><br \/>\n<strong>Rafael Misuta:<\/strong> Termin\u00e9 publicidad en 2011 y luego estudi\u00e9 dise\u00f1o gr\u00e1fico en Sidney, Australia, entre 2013 y 2014.<br \/>\n<strong>Victor Rodrigues:<\/strong> Antes de Red Hook me gradu\u00e9 en publicidad en la Pontificia Universidad Cat\u00f3lica de Paran\u00e1.<\/p>\n<p><strong>PB: \u00bfC\u00f3mo fue que formaron su equipo?<\/strong><br \/>\n<strong>VR:<\/strong> En cada trabajo del curso nos reunimos en diferentes grupos o duplas. Fue pura casualidad.<\/p>\n<p><strong>PB: \u00bfQu\u00e9 les gusta de trabajar con el otro?<\/strong><br \/>\n<strong>RM:<\/strong> V\u00edctor es un hombre que busca a su espacio, con foco y metas semejantes a las m\u00edas. Es el racional del d\u00fao: tal vez por eso la campa\u00f1a fue tan buena.<br \/>\n<strong>VR:<\/strong> Rafael tiene un muy buen repertorio. Su referencia es un poco diferente de la m\u00eda, y eso enriquece el proyecto. Por otra parte, es muy aplicado.<\/p>\n<p><a href=\"http:\/\/www.primerbrief.com\/wp-content\/uploads\/2015\/10\/IBE-Bepi2015-1Grafica-GR.jpg\" onclick=\"_gaq.push(['_trackEvent', 'outbound-article-int', 'http:\/\/www.primerbrief.com\/wp-content\/uploads\/2015\/10\/IBE-Bepi2015-1Grafica-GR.jpg', '']);\" ><img loading=\"lazy\" decoding=\"async\" src=\"http:\/\/www.primerbrief.com\/wp-content\/uploads\/2015\/10\/IBE-Bepi2015-1Grafica-580px.jpg\" alt=\"IBE-Bepi2015-1Grafica-580px\" width=\"580\" height=\"820\" class=\"alignleft size-full wp-image-30366\" srcset=\"https:\/\/www.primerbrief.com\/wp-content\/uploads\/2015\/10\/IBE-Bepi2015-1Grafica-580px.jpg 580w, https:\/\/www.primerbrief.com\/wp-content\/uploads\/2015\/10\/IBE-Bepi2015-1Grafica-580px-212x300.jpg 212w\" sizes=\"auto, (max-width: 580px) 100vw, 580px\" \/><\/a><br \/>\n<em>La primera pieza que ped\u00eda el brief era una gr\u00e1fica. Esta fue la propuesta de Rafael y Victor.<\/em><\/p>\n<p>&nbsp;<br \/>\n<strong>PB: \u00bfCu\u00e1l era el brief de este a\u00f1o para el BePi?<\/strong><br \/>\n<strong>VR:<\/strong> Crear una campa\u00f1a de M\u00e9dicos sin Fronteras en la Argentina y traer m\u00e1s donantes para la instituci\u00f3n.<\/p>\n<p><strong>PB: \u00bfQu\u00e9 les pareci\u00f3 cuando lo leyeron?<\/strong><br \/>\n<strong>VR:<\/strong> Un interesante desaf\u00edo. Poco dinero, acciones BTL y el trabajo de internet: todo junto nos parec\u00eda un poco complicado.<br \/>\n<strong>RM:<\/strong> Al final, el proceso creativo se facilita cuando el producto es bueno.<\/p>\n<p><a href=\"http:\/\/www.primerbrief.com\/wp-content\/uploads\/2015\/10\/IBE-Bepi2015-2BTL-GR.jpg\" onclick=\"_gaq.push(['_trackEvent', 'outbound-article-int', 'http:\/\/www.primerbrief.com\/wp-content\/uploads\/2015\/10\/IBE-Bepi2015-2BTL-GR.jpg', '']);\" ><img loading=\"lazy\" decoding=\"async\" src=\"http:\/\/www.primerbrief.com\/wp-content\/uploads\/2015\/10\/IBE-Bepi2015-2BTL-580px.jpg\" alt=\"IBE-Bepi2015-2BTL-580px\" width=\"580\" height=\"411\" class=\"alignleft size-full wp-image-30367\" srcset=\"https:\/\/www.primerbrief.com\/wp-content\/uploads\/2015\/10\/IBE-Bepi2015-2BTL-580px.jpg 580w, https:\/\/www.primerbrief.com\/wp-content\/uploads\/2015\/10\/IBE-Bepi2015-2BTL-580px-300x213.jpg 300w\" sizes=\"auto, (max-width: 580px) 100vw, 580px\" \/><\/a><br \/>\n<em>Los alumnos de Red Hook tambi\u00e9n tuvieron que pensar en ideas no tradicionales.<\/em><\/p>\n<p>&nbsp;<br \/>\n<strong>PB: \u00bfEn qu\u00e9 observaciones o material se inspiraron para generar las ideas de la campa\u00f1a?<\/strong><br \/>\n<strong>VR:<\/strong> Dos puntos fueron esenciales: el estudio de las \u00e1reas de especializaci\u00f3n de MSF (guerras, epidemias y desastres naturales) y reconocer la importancia del trabajo neutral e independiente.<\/p>\n<p><strong>PB: \u00bfC\u00f3mo se siente representar a su pa\u00eds en un festival internacional?<\/strong><br \/>\n<strong>VR:<\/strong> \u00a1Fue muy bueno! Yo no sab\u00eda que llegar\u00eda a este punto representar al pa\u00eds en un festival internacional, y mucho menos que iba a llevarme el oro.<br \/>\n<strong>RM:<\/strong> Nunca hab\u00edamos participado en festivales antes. Era la primera vez, y la sensaci\u00f3n de ganar es muy bueno. No ser\u00eda mala para ganar otros.<\/p>\n<p><a href=\"http:\/\/www.primerbrief.com\/wp-content\/uploads\/2015\/10\/IBE-Bepi2015-3Internet-GR.jpg\" onclick=\"_gaq.push(['_trackEvent', 'outbound-article-int', 'http:\/\/www.primerbrief.com\/wp-content\/uploads\/2015\/10\/IBE-Bepi2015-3Internet-GR.jpg', '']);\" ><img loading=\"lazy\" decoding=\"async\" src=\"http:\/\/www.primerbrief.com\/wp-content\/uploads\/2015\/10\/IBE-Bepi2015-3Internet-580px.jpg\" alt=\"IBE-Bepi2015-3Internet-580px\" width=\"580\" height=\"394\" class=\"alignleft size-full wp-image-30369\" srcset=\"https:\/\/www.primerbrief.com\/wp-content\/uploads\/2015\/10\/IBE-Bepi2015-3Internet-580px.jpg 580w, https:\/\/www.primerbrief.com\/wp-content\/uploads\/2015\/10\/IBE-Bepi2015-3Internet-580px-300x204.jpg 300w\" sizes=\"auto, (max-width: 580px) 100vw, 580px\" \/><\/a><br \/>\n<em>Por \u00faltimo, una acci\u00f3n digital en YouTube que cerraba la campa\u00f1a de Rafael y Victor.<\/em><\/p>\n<p>&nbsp;<br \/>\n<strong>PB: \u00bfQu\u00e9 es lo pr\u00f3ximo para esta dupla? <\/strong><br \/>\n<strong>RM:<\/strong> Tengo la intenci\u00f3n de seguir en la creatividad. Tengo mucho que aprender y lograr dentro de la agencia en la que trabajo. Tal vez, incluso, crear grandes campa\u00f1as para clientes de aqu\u00ed. Tambi\u00e9n tengo la intenci\u00f3n de participar en m\u00e1s concursos. Sobre todo porque, cuando eres nuevo en el mercado, esto acaba d\u00e1ndote suficiente visibilidad y tu madre es feliz. Y qui\u00e9n sabe, m\u00e1s adelante&#8230; \u00a1trabajar en algunas de esas agencias con siglas!<br \/>\n<strong>VR:<\/strong> Quiero disfrutar de los premios que ganamos (una beca para estudiar en el e-learning de Escuelita y otro para Complot de Barcelona), para mejorar yo mismo y conectar con el mercado creativo latino. No ser\u00eda mala idea trabajar con hermanos de otros pa\u00edses. <\/p>\n<p>&nbsp;<br \/>\n<span style=\"font-size: 11pt\"><strong>TODOS LOS GANADORES DEL BEPI 2015<\/strong><\/span><br \/>\n\u2022 <strong>ORO:<\/strong> Rafael Misuta y Victor Rodrigues (Curitiba, Brasil)<br \/>\n\u2022 <strong>PLATA:<\/strong> Enrique Falasco y Santiago Falasco (Buenos Aires, Argentina)<br \/>\n\u2022 <strong>BRONCE:<\/strong> Henry Rodr\u00edguez y Luna Valentina Torres (La Paz, Bolivia)<br \/>\n\u2022 <strong>PRIMERA MENCI\u00d3N:<\/strong> Laura Mu\u00f1oz Insaurralde y Gabriel Diaz (Asunci\u00f3n, Paraguay)<br \/>\n\u2022 <strong>SEGUNDA MENCI\u00d3N:<\/strong> Mar\u00eda Ana Ontivero (Mendoza, Argentina)<\/p>\n<div style=\" background-color:#F4F4F4; width:560px; float:left; padding:10px; margin-top:20px; margin-bottom:20px; border-top:solid 10px #CCCCCC; border-bottom:solid 10px #CCCCCC; line-height:16px; font-size:12px\">\n<img decoding=\"async\" style=\"width:560px; border-top:solid 0px; border-right:solid 0px; border-bottom:solid 0px; border-left:solid 0px; margin-bottom:10px; float:left\" src=\"http:\/\/www.primerbrief.com\/wp-content\/uploads\/2011\/07\/PB-RecuadroMasInfo.jpg\" \/><br \/>\nEl jurado designado para juzgar la categor\u00eda de estudiantes del FePI fue formado por los siguientes publicitarios, profesores de publicidad y miembros de M\u00e9dicos Sin Fronteras, provenientes de varios pa\u00edses:<br \/>\n\u2022 PATRICIO GARC\u00cdA, director acad\u00e9mico de la escuela de creatividad Animal.<br \/>\n\u2022 CAROLINA HEIDENHAIN, responsable de comunicaciones de M\u00e9dicos Sin Fronteras Buenos Aires.<br \/>\n\u2022 SUSANA FRYD, presidenta de la escuela de creativos Esponjario.<br \/>\n\u2022 HORACIO RUIDIAS, CEO y DGC de Lenguapop.<br \/>\n\u2022 LUCIANO CORVAL\u00c1N, CEO y DGC de La Calma Paradiso.<br \/>\n\u2022 IGNACIO FRANCHINI, director creativo de Raza AD.<br \/>\n\u2022 NICOL\u00c1S ARNEDO, DGC de Clap! Publicidad.\n<\/div>\n<p>&nbsp;<br \/>\n&nbsp;<\/p>\n","protected":false},"excerpt":{"rendered":"<p>(IBEROAM\u00c9RICA) &#8211; El Festival de la Publicidad Independiente premi\u00f3 nuevamente a los estudiantes de publicidad que se animaron a participar en su categor\u00eda exclusiva, el BePi. Este a\u00f1o, el primer premio en la categor\u00eda qued\u00f3 en manos de Rafael Misuta y Victor Rodrigues, de la escuela de creatividad Redhook de Brasil. Hablamos con ellos para conocer m\u00e1s sobre c\u00f3mo fue [&hellip;]<\/p>\n","protected":false},"author":3,"featured_media":30363,"comment_status":"open","ping_status":"open","sticky":false,"template":"","format":"standard","meta":{"footnotes":""},"categories":[46],"tags":[4260,4204,3611,104,4263,4261,4264,4262],"class_list":["post-30359","post","type-post","status-publish","format-standard","has-post-thumbnail","hentry","category-quien-es-quien","tag-bepi-2015","tag-fepi-2015","tag-festival-de-la-publicidad-independiente","tag-iberoamerica","tag-marcos-zanatti","tag-rafael-misuta","tag-redhook-brasil","tag-victor-rodrigues"],"_links":{"self":[{"href":"https:\/\/www.primerbrief.com\/index.php?rest_route=\/wp\/v2\/posts\/30359","targetHints":{"allow":["GET"]}}],"collection":[{"href":"https:\/\/www.primerbrief.com\/index.php?rest_route=\/wp\/v2\/posts"}],"about":[{"href":"https:\/\/www.primerbrief.com\/index.php?rest_route=\/wp\/v2\/types\/post"}],"author":[{"embeddable":true,"href":"https:\/\/www.primerbrief.com\/index.php?rest_route=\/wp\/v2\/users\/3"}],"replies":[{"embeddable":true,"href":"https:\/\/www.primerbrief.com\/index.php?rest_route=%2Fwp%2Fv2%2Fcomments&post=30359"}],"version-history":[{"count":4,"href":"https:\/\/www.primerbrief.com\/index.php?rest_route=\/wp\/v2\/posts\/30359\/revisions"}],"predecessor-version":[{"id":30374,"href":"https:\/\/www.primerbrief.com\/index.php?rest_route=\/wp\/v2\/posts\/30359\/revisions\/30374"}],"wp:featuredmedia":[{"embeddable":true,"href":"https:\/\/www.primerbrief.com\/index.php?rest_route=\/wp\/v2\/media\/30363"}],"wp:attachment":[{"href":"https:\/\/www.primerbrief.com\/index.php?rest_route=%2Fwp%2Fv2%2Fmedia&parent=30359"}],"wp:term":[{"taxonomy":"category","embeddable":true,"href":"https:\/\/www.primerbrief.com\/index.php?rest_route=%2Fwp%2Fv2%2Fcategories&post=30359"},{"taxonomy":"post_tag","embeddable":true,"href":"https:\/\/www.primerbrief.com\/index.php?rest_route=%2Fwp%2Fv2%2Ftags&post=30359"}],"curies":[{"name":"wp","href":"https:\/\/api.w.org\/{rel}","templated":true}]}}