{"id":30469,"date":"2015-10-19T03:59:55","date_gmt":"2015-10-19T06:59:55","guid":{"rendered":"http:\/\/www.primerbrief.com\/?p=30469"},"modified":"2015-10-19T12:55:21","modified_gmt":"2015-10-19T15:55:21","slug":"la-ues21-llevo-a-cabo-otra-edicion-emocionante-de-su-rally-creativo","status":"publish","type":"post","link":"https:\/\/www.primerbrief.com\/?p=30469","title":{"rendered":"La UES21 llev\u00f3 a cabo otra edici\u00f3n emocionante de su Rally Creativo"},"content":{"rendered":"<p><span style=\"font-size: 11pt;\"><strong>(ARGENTINA) \u2013 La universidad cordobesa realiz\u00f3 una vez m\u00e1s su concurso abierto (para estudiantes de cualquier instituci\u00f3n educativa) el pasado jueves: en \u00e9l, m\u00e1s de 200 estudiantes de publicidad, dise\u00f1o gr\u00e1fico y carreras afines tuvieron que resolver en pocas horas un brief de la bebida energizante V. El d\u00eda anterior se hab\u00eda presentado en la universidad el periodista publicitario Juan Gujis, quien les dio a los participantes consejos sobre c\u00f3mo pensar y presentar una idea memorable. En la nota, una cr\u00f3nica del concurso y todos los trabajos ganadores.<\/strong><\/span><\/p>\n<p><a href=\"http:\/\/www.primerbrief.com\/wp-content\/uploads\/2015\/10\/ARG-RallyCreativo2015-580px.jpg\" onclick=\"_gaq.push(['_trackEvent', 'outbound-article-int', 'http:\/\/www.primerbrief.com\/wp-content\/uploads\/2015\/10\/ARG-RallyCreativo2015-580px.jpg', '']);\" ><img loading=\"lazy\" decoding=\"async\" src=\"http:\/\/www.primerbrief.com\/wp-content\/uploads\/2015\/10\/ARG-RallyCreativo2015-580px.jpg\" alt=\"ARG-RallyCreativo2015-580px\" width=\"580\" height=\"387\" class=\"alignleft size-full wp-image-30470\" srcset=\"https:\/\/www.primerbrief.com\/wp-content\/uploads\/2015\/10\/ARG-RallyCreativo2015-580px.jpg 580w, https:\/\/www.primerbrief.com\/wp-content\/uploads\/2015\/10\/ARG-RallyCreativo2015-580px-300x200.jpg 300w\" sizes=\"auto, (max-width: 580px) 100vw, 580px\" \/><\/a><br \/>\n<em>Estudiantes de distintas universidades de C\u00f3rdoba participaron en el cert\u00e1men.<\/em><\/p>\n<p>&nbsp;<br \/>\n<a href=\"http:\/\/www.primerbrief.com\/wp-content\/uploads\/2014\/10\/ARG-JoseEscanes-PorOkiGuzman-GR.jpg\" onclick=\"_gaq.push(['_trackEvent', 'outbound-article-int', 'http:\/\/www.primerbrief.com\/wp-content\/uploads\/2014\/10\/ARG-JoseEscanes-PorOkiGuzman-GR.jpg', '']);\" target=\"_blank\"><img loading=\"lazy\" decoding=\"async\" src=\"http:\/\/www.primerbrief.com\/wp-content\/uploads\/2014\/10\/ARG-JoseEscanes-PorOkiGuzman-60x60px.jpg\" width=\"60\" height=\"60\" class=\"alignleft size-full wp-image-4110\" style=\"margin: 0px 10px 0px 0px\" \/><\/a><strong>POR <a href=\"http:\/\/www.primerbrief.com\/?tag=jose-escanes-argentina\" onclick=\"_gaq.push(['_trackEvent', 'outbound-article-int', 'http:\/\/www.primerbrief.com\/?tag=jose-escanes-argentina', 'JOS\u00c9 ESCAN\u00c9S']);\" target=\"_blank\">JOS\u00c9 ESCAN\u00c9S<\/a><\/strong><br \/>\n<em>(Retrato JE: Oki Guzm\u00e1n &#8211; Fotos de la nota: Prensa UES21<\/a>)<\/em><\/p>\n<p>&nbsp;<br \/>\nEstudiante, \u00bfqu\u00e9 dec\u00eds si te ofrecen la posibilidad de trabajar por un d\u00eda con un cliente real y ganar un premio si tu idea est\u00e1 buena?<\/p>\n<p>M\u00e1s de 200 estudiantes de la ciudad de C\u00f3rdoba dijeron que s\u00ed a este desaf\u00edo y participaron en el vig\u00e9simo Rally Creativo, el concurso estudiantil abierto de la Universidad Siglo 21. Este concurso (a esta altura, una tradici\u00f3n de la comunidad universitaria), consiste en recibir un brief verdadero a las 9 de la ma\u00f1ana y entregar las piezas a las 6 de la tarde. Esta experiencia marca a todos los estudiantes, ganen o no, ya que tienen la oportunidad de vivir algo muy similar a lo que les espera en las agencias.<\/p>\n<p>En s\u00ed, el concurso empieza el d\u00eda anterior con una jornada de inspiraci\u00f3n junto a profesionales publicitarios y profesores para preparar a los estudiantes. Este evento qued\u00f3 en manos del periodista Juan Gujis y su presentaci\u00f3n, en la que ofreci\u00f3 consejos sobre caminos creativos que podr\u00edan seguir seg\u00fan la categor\u00eda del anunciante que les esperaba el d\u00eda siguiente. Luego se presentaron Emiliano Luis Paladino, Federico Seveso, Santiago Guillamondegui y Gonzalo Prunesti (creativos de la agencia Mate y ex ganadores del Rally), quienes contaron c\u00f3mo har\u00edan ellos para ganar este a\u00f1o: los cuatro estuvieron de acuerdo en la organizaci\u00f3n y ahorro de tiempo c\u00f3mo la clave de la victoria.<\/p>\n<p><a href=\"http:\/\/www.primerbrief.com\/wp-content\/uploads\/2015\/10\/ARG-JornadaDeInspiraci\u00f3nRallyCreativo2015.jpg\" onclick=\"_gaq.push(['_trackEvent', 'outbound-article-int', 'http:\/\/www.primerbrief.com\/wp-content\/uploads\/2015\/10\/ARG-JornadaDeInspiraci\u00f3nRallyCreativo2015.jpg', '']);\" ><img loading=\"lazy\" decoding=\"async\" src=\"http:\/\/www.primerbrief.com\/wp-content\/uploads\/2015\/10\/ARG-JornadaDeInspiraci\u00f3nRallyCreativo2015.jpg\" alt=\"ARG-JornadaDeInspiraci\u00f3nRallyCreativo2015\" width=\"580\" height=\"205\" class=\"alignleft size-full wp-image-30472\" srcset=\"https:\/\/www.primerbrief.com\/wp-content\/uploads\/2015\/10\/ARG-JornadaDeInspiraci\u00f3nRallyCreativo2015.jpg 580w, https:\/\/www.primerbrief.com\/wp-content\/uploads\/2015\/10\/ARG-JornadaDeInspiraci\u00f3nRallyCreativo2015-300x106.jpg 300w\" sizes=\"auto, (max-width: 580px) 100vw, 580px\" \/><\/a><br \/>\n<em>De izquierda a derecha: Gujis, Paladino, Seveso, Guillamondegui, Prunesti y Ana S\u00e1nchez, tutora de la carrera de Publicidad de la UES21.<\/em><\/p>\n<p>&nbsp;<br \/>\nAl d\u00eda siguiente, en el Hotel Interplaza, los estudiantes finalmente recibieron, junto al jurado, autoridades de la UES21 y el mism\u00edsimo gerente de marketing del anunciante, los briefs sorpresa que les tocar\u00eda trabajar. Para el agrado de todos, fue de la bebida energizante V: los participantes de la categor\u00eda Junior deber\u00edan hacer una campa\u00f1a para la versi\u00f3n regular del producto, mientras que los de la categor\u00eda Senior la har\u00edan de su versi\u00f3n Blue. R\u00e1pidamente, todos dejaron el lugar para ir a trabajar en departamentos, universidades, shoppings, plazas o su lugar de preferencia.<\/p>\n<p>Cada segundo vale en esta competencia, ya que las nueve horas de trabajo siempre parecen ser pocas. Muy pocas, cuando uno se encuentra corriendo hacia el hotel nuevamente con tan solo cinco minutos restantes para entregar el CD con las piezas y documentos al horario l\u00edmite de las 6 de la tarde. Luego, todos deben esperar hasta las 9 de la noche, cuando las puertas del sal\u00f3n multiusos se abren para recibir la devoluci\u00f3n de los jurados (directores y creativos de distintas agencias) y averiguar si sus ideas fueron ganadoras.<\/p>\n<p>Pero antes de eso hubo algo que nadie esperaba: un homenaje. El cuerpo docente y ex alumnos de la UES21 reconocieron, a trav\u00e9s de videos y testimonios en vivo, a Rodolfo Bellomo, tutor notable la carrera de Publicidad en la universidad y creador del Rally Creativo (un evento \u00fanico en C\u00f3rdoba). Todos expresaron su amor y agradecimiento por su dedicaci\u00f3n interminable y la fe que deposit\u00f3 siempre en todos para motivarlos a mejorar. Al cederle la palabra, Rodolfo agradeci\u00f3 a cada una de las personas que hab\u00eda hablado y aclar\u00f3 que planea seguir participando en la carrera. <\/p>\n<p><a href=\"http:\/\/www.primerbrief.com\/wp-content\/uploads\/2015\/10\/ARG-RodolfoBellomoRallyCreativo2015.jpg\" onclick=\"_gaq.push(['_trackEvent', 'outbound-article-int', 'http:\/\/www.primerbrief.com\/wp-content\/uploads\/2015\/10\/ARG-RodolfoBellomoRallyCreativo2015.jpg', '']);\" ><img loading=\"lazy\" decoding=\"async\" src=\"http:\/\/www.primerbrief.com\/wp-content\/uploads\/2015\/10\/ARG-RodolfoBellomoRallyCreativo2015.jpg\" alt=\"ARG-RodolfoBellomoRallyCreativo2015\" width=\"580\" height=\"260\" class=\"alignleft size-full wp-image-30477\" srcset=\"https:\/\/www.primerbrief.com\/wp-content\/uploads\/2015\/10\/ARG-RodolfoBellomoRallyCreativo2015.jpg 580w, https:\/\/www.primerbrief.com\/wp-content\/uploads\/2015\/10\/ARG-RodolfoBellomoRallyCreativo2015-300x134.jpg 300w\" sizes=\"auto, (max-width: 580px) 100vw, 580px\" \/><\/a><br \/>\n<em>Rodolfo Bellomo fue homenajeado y aplaudido por sus alumnos y cuerpo docente.<\/em><\/p>\n<p>&nbsp;<br \/>\nLuego de muchas horas de tensi\u00f3n y espera, el jurado dio a conocer los trabajos premiados en ambas categor\u00edas, invitando a todos a seguir trabajando hasta el siguiente Rally, ya que \u201csi una idea es buena en un d\u00eda, con tres d\u00edas de laburo va a ser mejor\u201d.<\/p>\n<p>&nbsp;<br \/>\n<span style=\"font-size: 11pt\"><strong>CATEGOR\u00cdA JUNIOR<\/strong><\/span> <\/p>\n<p>&nbsp;<br \/>\nORO \/ MENCI\u00d3N DIRECCI\u00d3N DE ARTE<br \/>\n<div id='gallery-1' class='gallery galleryid-30469 gallery-columns-3 gallery-size-thumbnail'><dl class='gallery-item'>\n\t\t\t<dt class='gallery-icon landscape'>\n\t\t\t\t<a href=\"https:\/\/www.primerbrief.com\/?attachment_id=30480\" onclick=\"_gaq.push(['_trackEvent', 'outbound-article-int', 'https:\/\/www.primerbrief.com\/?attachment_id=30480', '']);\" ><img loading=\"lazy\" decoding=\"async\" width=\"150\" height=\"150\" src=\"https:\/\/www.primerbrief.com\/wp-content\/uploads\/2015\/10\/ARG-CristianCepedaFacundoEndrekMateoAbraham3-150x150.jpg\" class=\"attachment-thumbnail size-thumbnail\" alt=\"\" \/><\/a>\n\t\t\t<\/dt><\/dl><dl class='gallery-item'>\n\t\t\t<dt class='gallery-icon landscape'>\n\t\t\t\t<a href=\"https:\/\/www.primerbrief.com\/?attachment_id=30479\" onclick=\"_gaq.push(['_trackEvent', 'outbound-article-int', 'https:\/\/www.primerbrief.com\/?attachment_id=30479', '']);\" ><img loading=\"lazy\" decoding=\"async\" width=\"150\" height=\"150\" src=\"https:\/\/www.primerbrief.com\/wp-content\/uploads\/2015\/10\/ARG-CristianCepedaFacundoEndrekMateoAbraham2-150x150.jpg\" class=\"attachment-thumbnail size-thumbnail\" alt=\"\" \/><\/a>\n\t\t\t<\/dt><\/dl><dl class='gallery-item'>\n\t\t\t<dt class='gallery-icon landscape'>\n\t\t\t\t<a href=\"https:\/\/www.primerbrief.com\/?attachment_id=30478\" onclick=\"_gaq.push(['_trackEvent', 'outbound-article-int', 'https:\/\/www.primerbrief.com\/?attachment_id=30478', '']);\" ><img loading=\"lazy\" decoding=\"async\" width=\"150\" height=\"150\" src=\"https:\/\/www.primerbrief.com\/wp-content\/uploads\/2015\/10\/ARG-CristianCepedaFacundoEndrekMateoAbraham1-150x150.jpg\" class=\"attachment-thumbnail size-thumbnail\" alt=\"\" \/><\/a>\n\t\t\t<\/dt><\/dl><br style=\"clear: both\" \/>\n\t\t<\/div>\n<br \/>\n<em>Creativos: Cristian Cepeda, Facundo Endrek y Mateo Abraham.<\/em><\/p>\n<p>&nbsp;<br \/>\nPLATA \/ MENCI\u00d3N REDACCI\u00d3N<br \/>\n<a href=\"http:\/\/www.primerbrief.com\/wp-content\/uploads\/2015\/10\/MariaCristinaMoschiniMatiasGomezJuanPabloProietto.jpg\" onclick=\"_gaq.push(['_trackEvent', 'outbound-article-int', 'http:\/\/www.primerbrief.com\/wp-content\/uploads\/2015\/10\/MariaCristinaMoschiniMatiasGomezJuanPabloProietto.jpg', '']);\" ><img loading=\"lazy\" decoding=\"async\" src=\"http:\/\/www.primerbrief.com\/wp-content\/uploads\/2015\/10\/MariaCristinaMoschiniMatiasGomezJuanPabloProietto-580px.jpg\" alt=\"MariaCristinaMoschiniMatiasGomezJuanPabloProietto-580px\" width=\"580\" height=\"436\" class=\"alignleft size-full wp-image-30483\" \/><\/a><br \/>\n<em>Creativos: Mar\u00eda Cristina Moschini, Mat\u00edas G\u00f3mez y Juan Pablo Proietto.<\/em><\/p>\n<p>&nbsp;<br \/>\nBRONCE<br \/>\n<a href=\"http:\/\/www.primerbrief.com\/wp-content\/uploads\/2015\/10\/ARG-ValentinaMartinezCatalinaDiPasquale.jpg\" onclick=\"_gaq.push(['_trackEvent', 'outbound-article-int', 'http:\/\/www.primerbrief.com\/wp-content\/uploads\/2015\/10\/ARG-ValentinaMartinezCatalinaDiPasquale.jpg', '']);\" ><img loading=\"lazy\" decoding=\"async\" src=\"http:\/\/www.primerbrief.com\/wp-content\/uploads\/2015\/10\/ARG-ValentinaMartinezCatalinaDiPasquale-580px.jpg\" alt=\"ARG-ValentinaMartinezCatalinaDiPasquale-580px\" width=\"580\" height=\"410\" class=\"alignleft size-full wp-image-30485\" \/><\/a><br \/>\n<em>Creativos: Valentina Mart\u00ednez y Catalina Di Pasquale.<\/em><\/p>\n<p>&nbsp;<br \/>\nPREMIO DEL ANUNCIANTE<br \/>\n<a href=\"http:\/\/www.primerbrief.com\/wp-content\/uploads\/2015\/10\/ARG-PaulinaMartinezAnitaSorianoUribe.jpg\" onclick=\"_gaq.push(['_trackEvent', 'outbound-article-int', 'http:\/\/www.primerbrief.com\/wp-content\/uploads\/2015\/10\/ARG-PaulinaMartinezAnitaSorianoUribe.jpg', '']);\" ><img loading=\"lazy\" decoding=\"async\" src=\"http:\/\/www.primerbrief.com\/wp-content\/uploads\/2015\/10\/ARG-PaulinaMartinezAnitaSorianoUribe-580px.jpg\" alt=\"ARG-PaulinaMartinezAnitaSorianoUribe-580px\" width=\"580\" height=\"291\" class=\"alignleft size-full wp-image-30488\" srcset=\"https:\/\/www.primerbrief.com\/wp-content\/uploads\/2015\/10\/ARG-PaulinaMartinezAnitaSorianoUribe-580px.jpg 580w, https:\/\/www.primerbrief.com\/wp-content\/uploads\/2015\/10\/ARG-PaulinaMartinezAnitaSorianoUribe-580px-300x150.jpg 300w\" sizes=\"auto, (max-width: 580px) 100vw, 580px\" \/><\/a><br \/>\n<em>Creativos: Paulina Mart\u00ednez y Anita Soriano Uribe.<\/em><\/p>\n<p>&nbsp;<br \/>\nMENCI\u00d3N DEL ANUNCIANTE<br \/>\n<a href=\"http:\/\/www.primerbrief.com\/wp-content\/uploads\/2015\/10\/ARG-YamilaMarconiOrnellaGallo.jpg\" onclick=\"_gaq.push(['_trackEvent', 'outbound-article-int', 'http:\/\/www.primerbrief.com\/wp-content\/uploads\/2015\/10\/ARG-YamilaMarconiOrnellaGallo.jpg', '']);\" ><img loading=\"lazy\" decoding=\"async\" src=\"http:\/\/www.primerbrief.com\/wp-content\/uploads\/2015\/10\/ARG-YamilaMarconiOrnellaGallo-580px.jpg\" alt=\"ARG-YamilaMarconiOrnellaGallo-580px\" width=\"580\" height=\"820\" class=\"alignleft size-full wp-image-30515\" srcset=\"https:\/\/www.primerbrief.com\/wp-content\/uploads\/2015\/10\/ARG-YamilaMarconiOrnellaGallo-580px.jpg 580w, https:\/\/www.primerbrief.com\/wp-content\/uploads\/2015\/10\/ARG-YamilaMarconiOrnellaGallo-580px-212x300.jpg 212w\" sizes=\"auto, (max-width: 580px) 100vw, 580px\" \/><\/a><br \/>\n<em>Creativos: Yamila Marconi y Ornella Gallo.<\/em><\/p>\n<p>&nbsp;<br \/>\n<span style=\"font-size: 11pt\"><strong>CATEGOR\u00cdA SENIOR<\/strong><\/span> <\/p>\n<p>&nbsp;<br \/>\nORO<br \/>\n<div id='gallery-2' class='gallery galleryid-30469 gallery-columns-2 gallery-size-thumbnail'><dl class='gallery-item'>\n\t\t\t<dt class='gallery-icon landscape'>\n\t\t\t\t<a href=\"https:\/\/www.primerbrief.com\/?attachment_id=30494\" onclick=\"_gaq.push(['_trackEvent', 'outbound-article-int', 'https:\/\/www.primerbrief.com\/?attachment_id=30494', '']);\" ><img loading=\"lazy\" decoding=\"async\" width=\"150\" height=\"150\" src=\"https:\/\/www.primerbrief.com\/wp-content\/uploads\/2015\/10\/ARG-GiulianoFilippiAnaVeronicaPoncioMarianoMartinez2-150x150.jpg\" class=\"attachment-thumbnail size-thumbnail\" alt=\"\" \/><\/a>\n\t\t\t<\/dt><\/dl><dl class='gallery-item'>\n\t\t\t<dt class='gallery-icon landscape'>\n\t\t\t\t<a href=\"https:\/\/www.primerbrief.com\/?attachment_id=30492\" onclick=\"_gaq.push(['_trackEvent', 'outbound-article-int', 'https:\/\/www.primerbrief.com\/?attachment_id=30492', '']);\" ><img loading=\"lazy\" decoding=\"async\" width=\"150\" height=\"150\" src=\"https:\/\/www.primerbrief.com\/wp-content\/uploads\/2015\/10\/ARG-GiulianoFilippiAnaVeronicaPoncioMarianoMartinez1-150x150.jpg\" class=\"attachment-thumbnail size-thumbnail\" alt=\"\" \/><\/a>\n\t\t\t<\/dt><\/dl><br style=\"clear: both\" \/>\n\t\t<\/div>\n<br \/>\n<em>Creativos: Giuliano Filippi, Ana Ver\u00f3nica Poncio y Mariano Mart\u00ednez.<\/em><\/p>\n<p>&nbsp;<br \/>\nPLATA<br \/>\n<a href=\"http:\/\/www.primerbrief.com\/wp-content\/uploads\/2015\/10\/ARG-BrunoBerlotinFedericoBedogni.jpg\" onclick=\"_gaq.push(['_trackEvent', 'outbound-article-int', 'http:\/\/www.primerbrief.com\/wp-content\/uploads\/2015\/10\/ARG-BrunoBerlotinFedericoBedogni.jpg', '']);\" ><img loading=\"lazy\" decoding=\"async\" src=\"http:\/\/www.primerbrief.com\/wp-content\/uploads\/2015\/10\/ARG-BrunoBerlotinFedericoBedogni-50PX.jpg\" alt=\"ARG-BrunoBerlotinFedericoBedogni-50PX\" width=\"580\" height=\"389\" class=\"alignleft size-full wp-image-30498\" srcset=\"https:\/\/www.primerbrief.com\/wp-content\/uploads\/2015\/10\/ARG-BrunoBerlotinFedericoBedogni-50PX.jpg 580w, https:\/\/www.primerbrief.com\/wp-content\/uploads\/2015\/10\/ARG-BrunoBerlotinFedericoBedogni-50PX-300x201.jpg 300w\" sizes=\"auto, (max-width: 580px) 100vw, 580px\" \/><\/a><br \/>\n<em>Creativos: Bruno Berlotin y Federico Bedogni.<\/em><\/p>\n<p>&nbsp;<br \/>\nBRONCE<br \/>\n<a href=\"http:\/\/www.primerbrief.com\/wp-content\/uploads\/2015\/10\/ARG-JulietaCormenzanoConstanzaMartinez.jpg\" onclick=\"_gaq.push(['_trackEvent', 'outbound-article-int', 'http:\/\/www.primerbrief.com\/wp-content\/uploads\/2015\/10\/ARG-JulietaCormenzanoConstanzaMartinez.jpg', '']);\" ><img loading=\"lazy\" decoding=\"async\" src=\"http:\/\/www.primerbrief.com\/wp-content\/uploads\/2015\/10\/ARG-JulietaCormenzanoConstanzaMartinez-580px.jpg\" alt=\"ARG-JulietaCormenzanoConstanzaMartinez-580px\" width=\"580\" height=\"407\" class=\"alignleft size-full wp-image-30507\" srcset=\"https:\/\/www.primerbrief.com\/wp-content\/uploads\/2015\/10\/ARG-JulietaCormenzanoConstanzaMartinez-580px.jpg 580w, https:\/\/www.primerbrief.com\/wp-content\/uploads\/2015\/10\/ARG-JulietaCormenzanoConstanzaMartinez-580px-300x211.jpg 300w\" sizes=\"auto, (max-width: 580px) 100vw, 580px\" \/><\/a><br \/>\n<em>Creativos: Constanza Mart\u00ednez y Mar\u00eda Julieta Cormenzana.<\/em><\/p>\n<p>&nbsp;<br \/>\nMENCI\u00d3N DIRECCI\u00d3N DE ARTE<br \/>\n<div id='gallery-3' class='gallery galleryid-30469 gallery-columns-3 gallery-size-thumbnail'><dl class='gallery-item'>\n\t\t\t<dt class='gallery-icon landscape'>\n\t\t\t\t<a href=\"https:\/\/www.primerbrief.com\/?attachment_id=30509\" onclick=\"_gaq.push(['_trackEvent', 'outbound-article-int', 'https:\/\/www.primerbrief.com\/?attachment_id=30509', '']);\" ><img loading=\"lazy\" decoding=\"async\" width=\"150\" height=\"150\" src=\"https:\/\/www.primerbrief.com\/wp-content\/uploads\/2015\/10\/ARG-BelenContrerasAntonellaPomodoro1-150x150.jpg\" class=\"attachment-thumbnail size-thumbnail\" alt=\"\" \/><\/a>\n\t\t\t<\/dt><\/dl><dl class='gallery-item'>\n\t\t\t<dt class='gallery-icon landscape'>\n\t\t\t\t<a href=\"https:\/\/www.primerbrief.com\/?attachment_id=30511\" onclick=\"_gaq.push(['_trackEvent', 'outbound-article-int', 'https:\/\/www.primerbrief.com\/?attachment_id=30511', '']);\" ><img loading=\"lazy\" decoding=\"async\" width=\"150\" height=\"150\" src=\"https:\/\/www.primerbrief.com\/wp-content\/uploads\/2015\/10\/ARG-BelenContrerasAntonellaPomodoro3-150x150.jpg\" class=\"attachment-thumbnail size-thumbnail\" alt=\"\" \/><\/a>\n\t\t\t<\/dt><\/dl><dl class='gallery-item'>\n\t\t\t<dt class='gallery-icon landscape'>\n\t\t\t\t<a href=\"https:\/\/www.primerbrief.com\/?attachment_id=30510\" onclick=\"_gaq.push(['_trackEvent', 'outbound-article-int', 'https:\/\/www.primerbrief.com\/?attachment_id=30510', '']);\" ><img loading=\"lazy\" decoding=\"async\" width=\"150\" height=\"150\" src=\"https:\/\/www.primerbrief.com\/wp-content\/uploads\/2015\/10\/ARG-BelenContrerasAntonellaPomodoro2-150x150.jpg\" class=\"attachment-thumbnail size-thumbnail\" alt=\"\" \/><\/a>\n\t\t\t<\/dt><\/dl><br style=\"clear: both\" \/>\n\t\t<\/div>\n<br \/>\n<em>Creativos: Bel\u00e9n Contreras y Antonella Pomodoro.<\/em><\/p>\n<p>&nbsp;<br \/>\nPREMIO DEL ANUNCIANTE \/ MENCI\u00d3N REDACCI\u00d3N<br \/>\n<a href=\"http:\/\/www.primerbrief.com\/wp-content\/uploads\/2015\/10\/ARG-DiegoEliasMarinaUberti.jpg\" onclick=\"_gaq.push(['_trackEvent', 'outbound-article-int', 'http:\/\/www.primerbrief.com\/wp-content\/uploads\/2015\/10\/ARG-DiegoEliasMarinaUberti.jpg', '']);\" ><img loading=\"lazy\" decoding=\"async\" src=\"http:\/\/www.primerbrief.com\/wp-content\/uploads\/2015\/10\/ARG-DiegoEliasMarinaUberti-580px.jpg\" alt=\"ARG-DiegoEliasMarinaUberti-580px\" width=\"580\" height=\"410\" class=\"alignleft size-full wp-image-30512\" srcset=\"https:\/\/www.primerbrief.com\/wp-content\/uploads\/2015\/10\/ARG-DiegoEliasMarinaUberti-580px.jpg 580w, https:\/\/www.primerbrief.com\/wp-content\/uploads\/2015\/10\/ARG-DiegoEliasMarinaUberti-580px-300x212.jpg 300w\" sizes=\"auto, (max-width: 580px) 100vw, 580px\" \/><\/a><br \/>\n<em>Creativos: Marina Uberti y Diego El\u00edas.<\/em><br \/>\n&nbsp;<br \/>\n&nbsp;<\/p>\n","protected":false},"excerpt":{"rendered":"<p>(ARGENTINA) \u2013 La universidad cordobesa realiz\u00f3 una vez m\u00e1s su concurso abierto (para estudiantes de cualquier instituci\u00f3n educativa) el pasado jueves: en \u00e9l, m\u00e1s de 200 estudiantes de publicidad, dise\u00f1o gr\u00e1fico y carreras afines tuvieron que resolver en pocas horas un brief de la bebida energizante V. El d\u00eda anterior se hab\u00eda presentado en la universidad el periodista publicitario Juan [&hellip;]<\/p>\n","protected":false},"author":16,"featured_media":30519,"comment_status":"open","ping_status":"open","sticky":false,"template":"","format":"standard","meta":{"footnotes":""},"categories":[145],"tags":[4279,1556,4275,4276,4278,4280,4274,2370,4277,2142],"class_list":["post-30469","post","type-post","status-publish","format-standard","has-post-thumbnail","hentry","category-premios","tag-ana-sanchez","tag-cordoba","tag-emiliano-luis-paladino","tag-federico-seveso","tag-gonzalo-prunesti","tag-juan-gujis","tag-rally-creativo","tag-rodolfo-bellomo-argentina","tag-santiago-guilllamondegui","tag-universidad-empresarial-siglo-21-cordoba-argentina"],"_links":{"self":[{"href":"https:\/\/www.primerbrief.com\/index.php?rest_route=\/wp\/v2\/posts\/30469","targetHints":{"allow":["GET"]}}],"collection":[{"href":"https:\/\/www.primerbrief.com\/index.php?rest_route=\/wp\/v2\/posts"}],"about":[{"href":"https:\/\/www.primerbrief.com\/index.php?rest_route=\/wp\/v2\/types\/post"}],"author":[{"embeddable":true,"href":"https:\/\/www.primerbrief.com\/index.php?rest_route=\/wp\/v2\/users\/16"}],"replies":[{"embeddable":true,"href":"https:\/\/www.primerbrief.com\/index.php?rest_route=%2Fwp%2Fv2%2Fcomments&post=30469"}],"version-history":[{"count":27,"href":"https:\/\/www.primerbrief.com\/index.php?rest_route=\/wp\/v2\/posts\/30469\/revisions"}],"predecessor-version":[{"id":30528,"href":"https:\/\/www.primerbrief.com\/index.php?rest_route=\/wp\/v2\/posts\/30469\/revisions\/30528"}],"wp:featuredmedia":[{"embeddable":true,"href":"https:\/\/www.primerbrief.com\/index.php?rest_route=\/wp\/v2\/media\/30519"}],"wp:attachment":[{"href":"https:\/\/www.primerbrief.com\/index.php?rest_route=%2Fwp%2Fv2%2Fmedia&parent=30469"}],"wp:term":[{"taxonomy":"category","embeddable":true,"href":"https:\/\/www.primerbrief.com\/index.php?rest_route=%2Fwp%2Fv2%2Fcategories&post=30469"},{"taxonomy":"post_tag","embeddable":true,"href":"https:\/\/www.primerbrief.com\/index.php?rest_route=%2Fwp%2Fv2%2Ftags&post=30469"}],"curies":[{"name":"wp","href":"https:\/\/api.w.org\/{rel}","templated":true}]}}