{"id":3067,"date":"2011-09-21T04:00:48","date_gmt":"2011-09-21T07:00:48","guid":{"rendered":"http:\/\/www.primerbrief.com\/?p=3067"},"modified":"2011-09-20T19:03:47","modified_gmt":"2011-09-20T22:03:47","slug":"cobranding-pony-se-suma-a-clarin-para-buscar-ideas","status":"publish","type":"post","link":"https:\/\/www.primerbrief.com\/?p=3067","title":{"rendered":"Co-branding: Pony se suma a Clar\u00edn para buscar ideas"},"content":{"rendered":"<p><span style=\"font-size: 11pt\"><strong>(ARGENTINA) &#8211; Se viene la 25a edici\u00f3n de los <a href=\"http:\/\/www.ieco.clarin.com\/economia\/nueva-edicion-Premio-Clarin-Creatividad_0_541746062.html\" onclick=\"_gaq.push(['_trackEvent', 'outbound-article', 'http:\/\/www.ieco.clarin.com\/economia\/nueva-edicion-Premio-Clarin-Creatividad_0_541746062.html', 'Premios Clar\u00edn a la Creatividad 2011']);\" target=\"_blank\">Premios Clar\u00edn a la Creatividad 2011<\/a> que premia las mejores piezas gr\u00e1ficas publicitarias que se realizaron desde finales del 2010 hasta la fecha. En esta ocasi\u00f3n no solo habr\u00e1 galardones para los anunciantes, sino que adem\u00e1s un  premio in\u00e9dito para todos los creativos de las agencias concursantes. <\/strong><\/span><\/p>\n<p><img loading=\"lazy\" decoding=\"async\" src=\"http:\/\/www.primerbrief.com\/wp-content\/uploads\/2011\/09\/ARG-ConcursoPonyParaAgencias-580px.jpg\" alt=\"\" title=\"ARG-ConcursoPonyParaAgencias-580px\" width=\"580\" height=\"265\" class=\"alignleft size-full wp-image-3090\" srcset=\"https:\/\/www.primerbrief.com\/wp-content\/uploads\/2011\/09\/ARG-ConcursoPonyParaAgencias-580px.jpg 580w, https:\/\/www.primerbrief.com\/wp-content\/uploads\/2011\/09\/ARG-ConcursoPonyParaAgencias-580px-300x137.jpg 300w\" sizes=\"auto, (max-width: 580px) 100vw, 580px\" \/><\/p>\n<p>Los organizadores del Premio Clar\u00edn a la Creatividad 2011 anunciaron que, en conjunto con la empresa de indumentaria <a target=\"_blank\" href=\" http:\/\/www.ponyarg.com\/\">Pony Argentina<\/a>, lanz\u00f3 un concurso para todos los creativos de las agencias publicitarias que se hayan inscripto para competir en el festival: el Concurso Pony para Agencias. Todos los participantes pueden enviar un dise\u00f1o de calzado y, en caso de ser seleccionado, la empresa sacar\u00e1 al mercado una edici\u00f3n especial: las Pony Premios Clar\u00edn Creatividad 2011.<\/p>\n<p>La agencia que presente el dise\u00f1o ganador recibir\u00e1, adem\u00e1s, un par de zapatillas para cada uno de sus creativos, y adem\u00e1s los calzados se podr\u00e1n ver exhibidos durante toda la ceremonia y en el local de Pony por un a\u00f1o.<\/p>\n<p><img loading=\"lazy\" decoding=\"async\" src=\"http:\/\/www.primerbrief.com\/wp-content\/uploads\/2011\/09\/ARG-ConcursoPonyParaAgencias-Foto2-580px.jpg\" alt=\"\" title=\"ARG-ConcursoPonyParaAgencias-Foto2-580px\" width=\"580\" height=\"181\" class=\"alignleft size-full wp-image-3096\" srcset=\"https:\/\/www.primerbrief.com\/wp-content\/uploads\/2011\/09\/ARG-ConcursoPonyParaAgencias-Foto2-580px.jpg 580w, https:\/\/www.primerbrief.com\/wp-content\/uploads\/2011\/09\/ARG-ConcursoPonyParaAgencias-Foto2-580px-300x93.jpg 300w\" sizes=\"auto, (max-width: 580px) 100vw, 580px\" \/><\/p>\n<div align=\"left\">&#160;<\/div>\n<div style=\" background-color:#F4F4F4; width:560px; float:left; padding:10px; margin-top:20px; margin-bottom:20px; border-top:solid 10px #CCCCCC; border-bottom:solid 10px #CCCCCC; line-height:16px; font-size:12px\">\n<img decoding=\"async\" style=\"width:560px; border-top:solid 0px; border-right:solid 0px; border-bottom:solid 0px; border-left:solid 0px; margin-bottom:10px; float:left\" src=\"http:\/\/www.primerbrief.com\/wp-content\/uploads\/2011\/07\/PB-RecuadroMasInfo.jpg\" \/><br \/>\n<strong>M\u00c1S INFORMACI\u00d3N<\/strong><br \/>\nPara anotarse hay que entrar a la p\u00e1gina <a href=\"http:\/\/www.ponyarg.com\/clarin\" onclick=\"_gaq.push(['_trackEvent', 'outbound-article', 'http:\/\/www.ponyarg.com\/clarin', 'www.ponyarg.com\/clarin']);\" target=\"_blank\">www.ponyarg.com\/clarin<\/a>.<br \/>\nLas inscripciones cierran el 28 de septiembre.\n<\/div>\n<div align=\"left\">&#160;<\/div>\n","protected":false},"excerpt":{"rendered":"<p>(ARGENTINA) &#8211; Se viene la 25a edici\u00f3n de los Premios Clar\u00edn a la Creatividad 2011 que premia las mejores piezas gr\u00e1ficas publicitarias que se realizaron desde finales del 2010 hasta la fecha. En esta ocasi\u00f3n no solo habr\u00e1 galardones para los anunciantes, sino que adem\u00e1s un premio in\u00e9dito para todos los creativos de las agencias concursantes. Los organizadores del Premio [&hellip;]<\/p>\n","protected":false},"author":3,"featured_media":3089,"comment_status":"open","ping_status":"open","sticky":false,"template":"","format":"standard","meta":{"footnotes":""},"categories":[9],"tags":[26,417,414,418,419],"class_list":["post-3067","post","type-post","status-publish","format-standard","has-post-thumbnail","hentry","category-agencias","tag-argentina","tag-clarin-argentina","tag-concursos","tag-pony-argentina","tag-premio-clarin-a-la-creatividad-argentina"],"_links":{"self":[{"href":"https:\/\/www.primerbrief.com\/index.php?rest_route=\/wp\/v2\/posts\/3067","targetHints":{"allow":["GET"]}}],"collection":[{"href":"https:\/\/www.primerbrief.com\/index.php?rest_route=\/wp\/v2\/posts"}],"about":[{"href":"https:\/\/www.primerbrief.com\/index.php?rest_route=\/wp\/v2\/types\/post"}],"author":[{"embeddable":true,"href":"https:\/\/www.primerbrief.com\/index.php?rest_route=\/wp\/v2\/users\/3"}],"replies":[{"embeddable":true,"href":"https:\/\/www.primerbrief.com\/index.php?rest_route=%2Fwp%2Fv2%2Fcomments&post=3067"}],"version-history":[{"count":20,"href":"https:\/\/www.primerbrief.com\/index.php?rest_route=\/wp\/v2\/posts\/3067\/revisions"}],"predecessor-version":[{"id":3097,"href":"https:\/\/www.primerbrief.com\/index.php?rest_route=\/wp\/v2\/posts\/3067\/revisions\/3097"}],"wp:featuredmedia":[{"embeddable":true,"href":"https:\/\/www.primerbrief.com\/index.php?rest_route=\/wp\/v2\/media\/3089"}],"wp:attachment":[{"href":"https:\/\/www.primerbrief.com\/index.php?rest_route=%2Fwp%2Fv2%2Fmedia&parent=3067"}],"wp:term":[{"taxonomy":"category","embeddable":true,"href":"https:\/\/www.primerbrief.com\/index.php?rest_route=%2Fwp%2Fv2%2Fcategories&post=3067"},{"taxonomy":"post_tag","embeddable":true,"href":"https:\/\/www.primerbrief.com\/index.php?rest_route=%2Fwp%2Fv2%2Ftags&post=3067"}],"curies":[{"name":"wp","href":"https:\/\/api.w.org\/{rel}","templated":true}]}}