{"id":30763,"date":"2015-11-05T04:00:57","date_gmt":"2015-11-05T07:00:57","guid":{"rendered":"http:\/\/www.primerbrief.com\/?p=30763"},"modified":"2015-11-05T10:24:20","modified_gmt":"2015-11-05T13:24:20","slug":"30763","status":"publish","type":"post","link":"https:\/\/www.primerbrief.com\/?p=30763","title":{"rendered":"Alex Adem\u00e0, nuevo director acad\u00e9mico de Brother Barcelona: \u00abFue f\u00e1cil aceptar\u00bb"},"content":{"rendered":"<p><span style=\"font-size: 11pt;\"><strong>(ESPA\u00d1A) \u2013 Luego de ser docente en la sede espa\u00f1ola de la escuela de creatividad, Alex Adem\u00e0, director creativo de DoubleYou, pas\u00f3 a cumplir su nuevo cargo. Desde ahora coordinar\u00e1 los programas de las distintas materias y clases de la instituci\u00f3n. Hablamos con \u00e9l para saber m\u00e1s de su nuevo rol y c\u00f3mo se relaciona con su trabajo de agencia. Todo lo que nos cont\u00f3, en la nota.<\/strong><\/span><\/p>\n<p>&nbsp;<br \/>\n<a href=\"http:\/\/www.primerbrief.com\/wp-content\/uploads\/2015\/11\/ESP-AlexAdem\u00e0-580.jpg\" onclick=\"_gaq.push(['_trackEvent', 'outbound-article-int', 'http:\/\/www.primerbrief.com\/wp-content\/uploads\/2015\/11\/ESP-AlexAdem\u00e0-580.jpg', '']);\" ><img loading=\"lazy\" decoding=\"async\" src=\"http:\/\/www.primerbrief.com\/wp-content\/uploads\/2015\/11\/ESP-AlexAdem\u00e0-580.jpg\" alt=\"ESP-AlexAdem\u00e0-580\" width=\"580\" height=\"269\" class=\"alignleft size-full wp-image-30766\" srcset=\"https:\/\/www.primerbrief.com\/wp-content\/uploads\/2015\/11\/ESP-AlexAdem\u00e0-580.jpg 580w, https:\/\/www.primerbrief.com\/wp-content\/uploads\/2015\/11\/ESP-AlexAdem\u00e0-580-300x139.jpg 300w\" sizes=\"auto, (max-width: 580px) 100vw, 580px\" \/><\/a><br \/>\n<em>\u00abRodearte de gente obsesionada con la creatividad es algo que no tiene precio\u00bb, dice Alex sobre el ambiente de Brother.<\/em><\/p>\n<p>&nbsp;<br \/>\n<a href=\"http:\/\/www.primerbrief.com\/wp-content\/uploads\/2014\/10\/ARG-JoseEscanes-PorOkiGuzman-GR.jpg\" onclick=\"_gaq.push(['_trackEvent', 'outbound-article-int', 'http:\/\/www.primerbrief.com\/wp-content\/uploads\/2014\/10\/ARG-JoseEscanes-PorOkiGuzman-GR.jpg', '']);\" target=\"_blank\"><img loading=\"lazy\" decoding=\"async\" src=\"http:\/\/www.primerbrief.com\/wp-content\/uploads\/2014\/10\/ARG-JoseEscanes-PorOkiGuzman-60x60px.jpg\" width=\"60\" height=\"60\" class=\"alignleft size-full wp-image-4110\" style=\"margin: 0px 10px 0px 0px\" \/><\/a><strong>POR <a href=\"http:\/\/www.primerbrief.com\/?tag=jose-escanes-argentina\" onclick=\"_gaq.push(['_trackEvent', 'outbound-article-int', 'http:\/\/www.primerbrief.com\/?tag=jose-escanes-argentina', 'JOS\u00c9 ESCAN\u00c9S']);\" target=\"_blank\">JOS\u00c9 ESCAN\u00c9S<\/a><\/strong><br \/>\n<em>(Retrato JE: Oki Guzm\u00e1n &#8211; Fotos de la nota: Gentileza Brother Barcelona)<\/em><\/p>\n<p style=\"clear:left;\">\n<p>\u201cSer director acad\u00e9mico de Brother, sea cual sea la ciudad en que est\u00e9, significa una gran responsabilidad para una persona cuya calidad humana y profesional deben ir pr\u00e1cticamente a la par. Es por eso que, luego de tres a\u00f1os de inaugurada, es un honor para nosotros presentar al director acad\u00e9mico de la sede de Brother Barcelona: Alex Adem\u00e0.\u201d, comunica Brother Barcelona en su sitio web.<\/p>\n<p>Es l\u00f3gico que una instituci\u00f3n multicultural y en\u00e9rgica haya elegido a un profesional as\u00ed como su nueva cabeza: Alex trabaj\u00f3 en su Espa\u00f1a natal antes de partir hacia Nueva York para enfocarse en el mercado publicitario de habla hispana. Al regresar a Barcelona y trabajar en varias agencias lleg\u00f3 a DoubleYou, desde donde maneja la comunicaci\u00f3n de Audi Espa\u00f1a, Futbol Club Barcelona y Banco Sabadell. <\/p>\n<p>Adem\u00e1s de todo esto, desde hace dos a\u00f1os Alex es el profesor de la clase de Taller Creativo en la sede catalana. Ahora redobla la apuesta y pasa a supervisar el resto de las actividades de una de las escuelas m\u00e1s agitadas del mundo.<\/p>\n<p><strong>\u2014\u00bfQu\u00e9 te llev\u00f3 a la docencia, en primer lugar?<\/strong><br \/>\n\u2014Las ganas de compartir mi experiencia con gente que quiere formar parte de una industria creativa. Aunque no tard\u00e9 mucho en entender que una de las mejores cosas que suceden cuando das clases es que t\u00fa tambi\u00e9n terminas aprendiendo.<\/p>\n<p><strong>\u2014\u00bfC\u00f3mo se siente el cambio a director acad\u00e9mico? \u00bfQu\u00e9 cambios vienen con el cargo?<\/strong><br \/>\n\u2014Cuando Mauro Su\u00e1rez me propuso la direcci\u00f3n acad\u00e9mica fue f\u00e1cil aceptar, porque creo mucho en este proyecto y en la cultura creativa de Brother. Ahora mismo estoy ayudando a definir los siguientes pasos que dar\u00e1 la escuela, especialmente en lo que se refiere a nuevos cursos y proyectos.<\/p>\n<p><strong>\u2014\u00bfQu\u00e9 llev\u00e1s a la agencia luego de estar con los estudiantes de Brother Barcelona?<\/strong><br \/>\n\u2014Ganas de luchar por buenas campa\u00f1as. La libertad que se vive en las aulas te permite trabajar en un entorno creativo ideal del que nacen grandes trabajos. Rodearte de gente obsesionada con la creatividad \u2014ya sean alumnos o profesores\u2014 es algo que no tiene precio.<\/p>\n<p><strong>\u2014\u00bfQu\u00e9 es lo que m\u00e1s te gustar\u00eda lograr en este nuevo cargo? <\/strong><br \/>\n\u2014En estos tres primeros a\u00f1os, Brother se ha convertido en un referente en Espa\u00f1a, pero creo que ahora el reto est\u00e1 en conseguir que la escuela tenga un impacto m\u00e1s all\u00e1 de la industria publicitaria. Esta semana una empresa ha contactado con la escuela para comprar una idea de producto de dos alumnos. Casos de \u00e9xito como este son los que queremos que definan a la escuela.<br \/>\n&nbsp;<br \/>\n&nbsp;<\/p>\n","protected":false},"excerpt":{"rendered":"<p>(ESPA\u00d1A) \u2013 Luego de ser docente en la sede espa\u00f1ola de la escuela de creatividad, Alex Adem\u00e0, director creativo de DoubleYou, pas\u00f3 a cumplir su nuevo cargo. Desde ahora coordinar\u00e1 los programas de las distintas materias y clases de la instituci\u00f3n. Hablamos con \u00e9l para saber m\u00e1s de su nuevo rol y c\u00f3mo se relaciona con su trabajo de agencia. [&hellip;]<\/p>\n","protected":false},"author":16,"featured_media":30764,"comment_status":"open","ping_status":"open","sticky":false,"template":"","format":"standard","meta":{"footnotes":""},"categories":[46],"tags":[4297,1879,1006,48],"class_list":["post-30763","post","type-post","status-publish","format-standard","has-post-thumbnail","hentry","category-quien-es-quien","tag-alex-adema","tag-brother-barcelona-espana","tag-doubleyou-espana","tag-espana"],"_links":{"self":[{"href":"https:\/\/www.primerbrief.com\/index.php?rest_route=\/wp\/v2\/posts\/30763","targetHints":{"allow":["GET"]}}],"collection":[{"href":"https:\/\/www.primerbrief.com\/index.php?rest_route=\/wp\/v2\/posts"}],"about":[{"href":"https:\/\/www.primerbrief.com\/index.php?rest_route=\/wp\/v2\/types\/post"}],"author":[{"embeddable":true,"href":"https:\/\/www.primerbrief.com\/index.php?rest_route=\/wp\/v2\/users\/16"}],"replies":[{"embeddable":true,"href":"https:\/\/www.primerbrief.com\/index.php?rest_route=%2Fwp%2Fv2%2Fcomments&post=30763"}],"version-history":[{"count":6,"href":"https:\/\/www.primerbrief.com\/index.php?rest_route=\/wp\/v2\/posts\/30763\/revisions"}],"predecessor-version":[{"id":30794,"href":"https:\/\/www.primerbrief.com\/index.php?rest_route=\/wp\/v2\/posts\/30763\/revisions\/30794"}],"wp:featuredmedia":[{"embeddable":true,"href":"https:\/\/www.primerbrief.com\/index.php?rest_route=\/wp\/v2\/media\/30764"}],"wp:attachment":[{"href":"https:\/\/www.primerbrief.com\/index.php?rest_route=%2Fwp%2Fv2%2Fmedia&parent=30763"}],"wp:term":[{"taxonomy":"category","embeddable":true,"href":"https:\/\/www.primerbrief.com\/index.php?rest_route=%2Fwp%2Fv2%2Fcategories&post=30763"},{"taxonomy":"post_tag","embeddable":true,"href":"https:\/\/www.primerbrief.com\/index.php?rest_route=%2Fwp%2Fv2%2Ftags&post=30763"}],"curies":[{"name":"wp","href":"https:\/\/api.w.org\/{rel}","templated":true}]}}