{"id":30818,"date":"2015-11-06T03:59:44","date_gmt":"2015-11-06T06:59:44","guid":{"rendered":"http:\/\/www.primerbrief.com\/?p=30818"},"modified":"2015-11-06T11:40:51","modified_gmt":"2015-11-06T14:40:51","slug":"la-uai-gano-el-primero-y-el-segundo-premios-en-los-promise-brain-tercera-la-siglo-21","status":"publish","type":"post","link":"https:\/\/www.primerbrief.com\/?p=30818","title":{"rendered":"La UAI gan\u00f3 el primero y el segundo premios en los Promise Brain 2015; tercera, la Siglo 21"},"content":{"rendered":"<p><span style=\"font-size: 11pt;\"><strong>(ARGENTINA) &#8211; En una noche en la que, como nuevos Golden Brain 2015, quedaron incorporados Antonio Barreiro (publicitario, ex socio de Casares Grey), M\u00f3nica \u00c1lvarez (especialista en medios, CEO de Grupo M), Luis Puenzo (director de cine) y Pedro <em>Pelusa<\/em> Suero (locutor), la Fundaci\u00f3n Golden Brain Atacama entreg\u00f3 el mi\u00e9rcoles los premios a los ganadores de su concurso dirigido a estudiantes: los Promise Brain 2015. Se hab\u00edan recibido m\u00e1s de 235 trabajos sobre \u00abTerminar el Secundario\u00bb, la tem\u00e1tica solidaria que la fundaci\u00f3n propuso en el brief de este a\u00f1o. El primer premio fue para Diego Coda y el segundo, para Ezequiel Alescio, ambos de UAI Castelar; y el tercero qued\u00f3 en manos de Roc\u00edo Urquiza y Agust\u00edn Scerbo, de la Siglo 21 de C\u00f3rdoba. En la nota, los ganadores y los que se quedaron en finalistas.<\/strong><\/span><\/p>\n<p><a href=\"http:\/\/www.primerbrief.com\/wp-content\/uploads\/2015\/11\/ARG-PromiseBrain2015-PremiadosUAI-GR.jpg\" onclick=\"_gaq.push(['_trackEvent', 'outbound-article-int', 'http:\/\/www.primerbrief.com\/wp-content\/uploads\/2015\/11\/ARG-PromiseBrain2015-PremiadosUAI-GR.jpg', '']);\" ><img loading=\"lazy\" decoding=\"async\" src=\"http:\/\/www.primerbrief.com\/wp-content\/uploads\/2015\/11\/ARG-PromiseBrain2015-PremiadosUAI-580px.jpg\" alt=\"ARG-PromiseBrain2015-PremiadosUAI-580px\" width=\"580\" height=\"347\" class=\"alignleft size-full wp-image-30821\" srcset=\"https:\/\/www.primerbrief.com\/wp-content\/uploads\/2015\/11\/ARG-PromiseBrain2015-PremiadosUAI-580px.jpg 580w, https:\/\/www.primerbrief.com\/wp-content\/uploads\/2015\/11\/ARG-PromiseBrain2015-PremiadosUAI-580px-300x179.jpg 300w\" sizes=\"auto, (max-width: 580px) 100vw, 580px\" \/><\/a><br \/>\n<em>Directivos y docentes de la UAI junto a los organizadores y a sus premiados, el primero Diego Coda y el segundo Ezequiel Alescio. (Fotos: PB)<\/em><\/p>\n<p>&nbsp;<br \/>\nAl entregar el premio, uno de los miembros del jurado, Luis Mario Castro (Golden Brain 2010) destac\u00f3 que hab\u00edan elegido el trabajo de Diego Coda porque era \u00abun grito en la pared\u00bb, la frase con que definiera al cartel Josep Renau (1907-1982), pintor, fotomontador, muralista y militante comunista espa\u00f1ol. El primer premio consiste en la producci\u00f3n y exhibici\u00f3n del trabajo ganador durante 2016 en distintos circuitos de v\u00eda p\u00fablica de Atacama, la empresa organizadora del certamen, situados en puntos estrat\u00e9gicos de la ciudad.<\/p>\n<p>&nbsp;<br \/>\n<span style=\"font-size: 11pt\"><strong>LOS GANADORES<\/strong><\/span><\/p>\n<p>&nbsp;<br \/>\n<strong>PRIMER PREMIO<\/strong><br \/>\n<img loading=\"lazy\" decoding=\"async\" src=\"http:\/\/www.primerbrief.com\/wp-content\/uploads\/2015\/10\/3-UAI-WWB.jpg\" alt=\"3-UAI-WWB\" width=\"580\" height=\"285\" class=\"alignleft size-full wp-image-30348\" srcset=\"https:\/\/www.primerbrief.com\/wp-content\/uploads\/2015\/10\/3-UAI-WWB.jpg 580w, https:\/\/www.primerbrief.com\/wp-content\/uploads\/2015\/10\/3-UAI-WWB-300x147.jpg 300w\" sizes=\"auto, (max-width: 580px) 100vw, 580px\" \/><br \/>\nSeud\u00f3nimo: W.W B. Creativo: Diego Coda. Instituci\u00f3n educativa: UAI.<\/p>\n<p><a href=\"http:\/\/www.primerbrief.com\/wp-content\/uploads\/2015\/11\/ARG-PromiseBrain2015-PrimerPremio-GR.jpg\" onclick=\"_gaq.push(['_trackEvent', 'outbound-article-int', 'http:\/\/www.primerbrief.com\/wp-content\/uploads\/2015\/11\/ARG-PromiseBrain2015-PrimerPremio-GR.jpg', '']);\" ><img loading=\"lazy\" decoding=\"async\" src=\"http:\/\/www.primerbrief.com\/wp-content\/uploads\/2015\/11\/ARG-PromiseBrain2015-PrimerPremio-580px.jpg\" alt=\"ARG-PromiseBrain2015-PrimerPremio-580px\" width=\"580\" height=\"338\" class=\"alignleft size-full wp-image-30824\" srcset=\"https:\/\/www.primerbrief.com\/wp-content\/uploads\/2015\/11\/ARG-PromiseBrain2015-PrimerPremio-580px.jpg 580w, https:\/\/www.primerbrief.com\/wp-content\/uploads\/2015\/11\/ARG-PromiseBrain2015-PrimerPremio-580px-300x175.jpg 300w\" sizes=\"auto, (max-width: 580px) 100vw, 580px\" \/><\/a><br \/>\n<em>Diego despu\u00e9s de recibir su primer premio, entrevistado por Juan Gujis, que condujo el evento.<\/em><\/p>\n<p>&nbsp;<br \/>\n<strong>SEGUNDO PREMIO<\/strong><br \/>\n<img loading=\"lazy\" decoding=\"async\" src=\"http:\/\/www.primerbrief.com\/wp-content\/uploads\/2015\/10\/4-UAI-Nano.jpg\" alt=\"4-UAI-Nano\" width=\"580\" height=\"285\" class=\"alignleft size-full wp-image-30349\" srcset=\"https:\/\/www.primerbrief.com\/wp-content\/uploads\/2015\/10\/4-UAI-Nano.jpg 580w, https:\/\/www.primerbrief.com\/wp-content\/uploads\/2015\/10\/4-UAI-Nano-300x147.jpg 300w\" sizes=\"auto, (max-width: 580px) 100vw, 580px\" \/><br \/>\nSeud\u00f3nimo: Nano. Creativos: Ezequiel Alescio. Instituci\u00f3n educativa: UAI.<\/p>\n<p><a href=\"http:\/\/www.primerbrief.com\/wp-content\/uploads\/2015\/11\/ARG-PromiseBrain2015-SegundoPremio-GR.jpg\" onclick=\"_gaq.push(['_trackEvent', 'outbound-article-int', 'http:\/\/www.primerbrief.com\/wp-content\/uploads\/2015\/11\/ARG-PromiseBrain2015-SegundoPremio-GR.jpg', '']);\" ><img loading=\"lazy\" decoding=\"async\" src=\"http:\/\/www.primerbrief.com\/wp-content\/uploads\/2015\/11\/ARG-PromiseBrain2015-SegundoPremio-580px.jpg\" alt=\"ARG-PromiseBrain2015-SegundoPremio-580px\" width=\"580\" height=\"395\" class=\"alignleft size-full wp-image-30826\" srcset=\"https:\/\/www.primerbrief.com\/wp-content\/uploads\/2015\/11\/ARG-PromiseBrain2015-SegundoPremio-580px.jpg 580w, https:\/\/www.primerbrief.com\/wp-content\/uploads\/2015\/11\/ARG-PromiseBrain2015-SegundoPremio-580px-300x204.jpg 300w\" sizes=\"auto, (max-width: 580px) 100vw, 580px\" \/><\/a><br \/>\n<em>El turno de Ezequiel y la entrevista en vivo de Gujis.<\/em><\/p>\n<p>&nbsp;<br \/>\n<strong>TERCER PREMIO<\/strong><br \/>\n<img loading=\"lazy\" decoding=\"async\" src=\"http:\/\/www.primerbrief.com\/wp-content\/uploads\/2015\/10\/9-UniversidadSiglo21-Rococoro.jpg\" alt=\"9-UniversidadSiglo21-Rococoro\" width=\"580\" height=\"285\" class=\"alignleft size-full wp-image-30354\" srcset=\"https:\/\/www.primerbrief.com\/wp-content\/uploads\/2015\/10\/9-UniversidadSiglo21-Rococoro.jpg 580w, https:\/\/www.primerbrief.com\/wp-content\/uploads\/2015\/10\/9-UniversidadSiglo21-Rococoro-300x147.jpg 300w\" sizes=\"auto, (max-width: 580px) 100vw, 580px\" \/><br \/>\nSeud\u00f3nimo: Rococoro. Creativos: Roc\u00edo Urquiza y Agust\u00edn Scerbo. Instituci\u00f3n educativa: Universidad Siglo 21<\/p>\n<p><a href=\"http:\/\/www.primerbrief.com\/wp-content\/uploads\/2015\/11\/ARG-PromiseBrain2015-TercerPremio-GR.jpg\" onclick=\"_gaq.push(['_trackEvent', 'outbound-article-int', 'http:\/\/www.primerbrief.com\/wp-content\/uploads\/2015\/11\/ARG-PromiseBrain2015-TercerPremio-GR.jpg', '']);\" ><img loading=\"lazy\" decoding=\"async\" src=\"http:\/\/www.primerbrief.com\/wp-content\/uploads\/2015\/11\/ARG-PromiseBrain2015-TercerPremio-580px.jpg\" alt=\"ARG-PromiseBrain2015-TercerPremio-580px\" width=\"580\" height=\"340\" class=\"alignleft size-full wp-image-30828\" srcset=\"https:\/\/www.primerbrief.com\/wp-content\/uploads\/2015\/11\/ARG-PromiseBrain2015-TercerPremio-580px.jpg 580w, https:\/\/www.primerbrief.com\/wp-content\/uploads\/2015\/11\/ARG-PromiseBrain2015-TercerPremio-580px-300x176.jpg 300w\" sizes=\"auto, (max-width: 580px) 100vw, 580px\" \/><\/a><br \/>\n<em>Roc\u00edo y Agust\u00edn, en el momento de recibir su tercer premio de manos de Mabel Astesiano.<\/em><\/p>\n<p>&nbsp;<br \/>\n<span style=\"font-size: 11pt\"><strong>LOS QUE QUEDARON EN FINALISTAS<\/strong><\/span><\/p>\n<p>&nbsp;<br \/>\n<img loading=\"lazy\" decoding=\"async\" src=\"http:\/\/www.primerbrief.com\/wp-content\/uploads\/2015\/10\/1-FundacionDeAltosEstudios-Bip.jpg\" alt=\"aTACAMA\" width=\"580\" height=\"285\" class=\"alignleft size-full wp-image-30346\" srcset=\"https:\/\/www.primerbrief.com\/wp-content\/uploads\/2015\/10\/1-FundacionDeAltosEstudios-Bip.jpg 580w, https:\/\/www.primerbrief.com\/wp-content\/uploads\/2015\/10\/1-FundacionDeAltosEstudios-Bip-300x147.jpg 300w\" sizes=\"auto, (max-width: 580px) 100vw, 580px\" \/><br \/>\nSeud\u00f3nimo: Bip. Creativos: Jesica Gil y Ail\u00e9n Laura Gerardi. Instituci\u00f3n educativa: Fundacion de Altos Estudios.<\/p>\n<p>&nbsp;<br \/>\n<img loading=\"lazy\" decoding=\"async\" src=\"http:\/\/www.primerbrief.com\/wp-content\/uploads\/2015\/10\/2-UAI-Luqueaste.jpg\" alt=\"2-UAI-Luqueaste\" width=\"580\" height=\"285\" class=\"alignleft size-full wp-image-30347\" srcset=\"https:\/\/www.primerbrief.com\/wp-content\/uploads\/2015\/10\/2-UAI-Luqueaste.jpg 580w, https:\/\/www.primerbrief.com\/wp-content\/uploads\/2015\/10\/2-UAI-Luqueaste-300x147.jpg 300w\" sizes=\"auto, (max-width: 580px) 100vw, 580px\" \/><br \/>\nSeud\u00f3nimo: Luqueaste. Creativo: Lucas Emanuel Pandolfi. Instituci\u00f3n educativa: UAI.<\/p>\n<p>&nbsp;<br \/>\n<img loading=\"lazy\" decoding=\"async\" src=\"http:\/\/www.primerbrief.com\/wp-content\/uploads\/2015\/10\/5-UBA-LosLapices.jpg\" alt=\"5-UBA-LosLapices\" width=\"580\" height=\"285\" class=\"alignleft size-full wp-image-30350\" srcset=\"https:\/\/www.primerbrief.com\/wp-content\/uploads\/2015\/10\/5-UBA-LosLapices.jpg 580w, https:\/\/www.primerbrief.com\/wp-content\/uploads\/2015\/10\/5-UBA-LosLapices-300x147.jpg 300w\" sizes=\"auto, (max-width: 580px) 100vw, 580px\" \/><br \/>\nSeud\u00f3nimo: Los L\u00e1pices. Creativos: Diego Salotto, Maria Mercedes Fumagalli y Santiago Sourigues. Instituci\u00f3n educativa: UBA.<\/p>\n<p>&nbsp;<br \/>\n<img loading=\"lazy\" decoding=\"async\" src=\"http:\/\/www.primerbrief.com\/wp-content\/uploads\/2015\/10\/6-UM-Flamenco.jpg\" alt=\"CARTEL.ESTUDIA.DEFINITIVO\" width=\"580\" height=\"285\" class=\"alignleft size-full wp-image-30351\" srcset=\"https:\/\/www.primerbrief.com\/wp-content\/uploads\/2015\/10\/6-UM-Flamenco.jpg 580w, https:\/\/www.primerbrief.com\/wp-content\/uploads\/2015\/10\/6-UM-Flamenco-300x147.jpg 300w\" sizes=\"auto, (max-width: 580px) 100vw, 580px\" \/><br \/>\nSeud\u00f3nimo: Flamen&#038;co. Creativos: Laura Barreche Morej\u00f3n y Elena Di\u00e1z Magro. Instituci\u00f3n educativa: UM.<\/p>\n<p>&nbsp;<br \/>\n<img loading=\"lazy\" decoding=\"async\" src=\"http:\/\/www.primerbrief.com\/wp-content\/uploads\/2015\/10\/7-UniversidadKennedy-ShadowsDesign.jpg\" alt=\"7-UniversidadKennedy-ShadowsDesign\" width=\"580\" height=\"285\" class=\"alignleft size-full wp-image-30352\" srcset=\"https:\/\/www.primerbrief.com\/wp-content\/uploads\/2015\/10\/7-UniversidadKennedy-ShadowsDesign.jpg 580w, https:\/\/www.primerbrief.com\/wp-content\/uploads\/2015\/10\/7-UniversidadKennedy-ShadowsDesign-300x147.jpg 300w\" sizes=\"auto, (max-width: 580px) 100vw, 580px\" \/><br \/>\nSeud\u00f3nimo: Shadows Design. Creativos: Evana Fern\u00e1ndez, Juan Manuel Alessandrini y Ramiro Agust\u00edn Mart\u00ednez. Instituci\u00f3n educativa: Universidad Kennedy.<\/p>\n<p>&nbsp;<br \/>\n<img loading=\"lazy\" decoding=\"async\" src=\"http:\/\/www.primerbrief.com\/wp-content\/uploads\/2015\/10\/8-UniversidadKennedy-TresInsight.jpg\" alt=\"Afiche-Concurso1-FINAL-curvas\" width=\"580\" height=\"280\" class=\"alignleft size-full wp-image-30353\" srcset=\"https:\/\/www.primerbrief.com\/wp-content\/uploads\/2015\/10\/8-UniversidadKennedy-TresInsight.jpg 580w, https:\/\/www.primerbrief.com\/wp-content\/uploads\/2015\/10\/8-UniversidadKennedy-TresInsight-300x145.jpg 300w\" sizes=\"auto, (max-width: 580px) 100vw, 580px\" \/><br \/>\nSeud\u00f3nimo: Tres Insight. Creativo: Hern\u00e1n Soracco. Instituci\u00f3n educativa: Universidad Kennedy<\/p>\n<p>&nbsp;<br \/>\n<img loading=\"lazy\" decoding=\"async\" src=\"http:\/\/www.primerbrief.com\/wp-content\/uploads\/2015\/10\/10-UniversidadSiglo21-Loop.jpg\" alt=\"Print\" width=\"580\" height=\"285\" class=\"alignleft size-full wp-image-30355\" srcset=\"https:\/\/www.primerbrief.com\/wp-content\/uploads\/2015\/10\/10-UniversidadSiglo21-Loop.jpg 580w, https:\/\/www.primerbrief.com\/wp-content\/uploads\/2015\/10\/10-UniversidadSiglo21-Loop-300x147.jpg 300w\" sizes=\"auto, (max-width: 580px) 100vw, 580px\" \/><br \/>\nSeud\u00f3nimo: Loop. Creativo: Joaqu\u00edn Fernando Testa. Instituci\u00f3n educativa: Universidad Siglo 21<\/p>\n<p>&nbsp;<br \/>\n<img loading=\"lazy\" decoding=\"async\" src=\"http:\/\/www.primerbrief.com\/wp-content\/uploads\/2015\/10\/11-UP-VuenDia.jpg\" alt=\"VUEN DIA\" width=\"580\" height=\"321\" class=\"alignleft size-full wp-image-30356\" srcset=\"https:\/\/www.primerbrief.com\/wp-content\/uploads\/2015\/10\/11-UP-VuenDia.jpg 580w, https:\/\/www.primerbrief.com\/wp-content\/uploads\/2015\/10\/11-UP-VuenDia-300x166.jpg 300w\" sizes=\"auto, (max-width: 580px) 100vw, 580px\" \/><br \/>\nSeud\u00f3nimo: VUEN DIA. Creativos: Carrosa Bianca. Instituci\u00f3n educativa: UP<\/p>\n<p>&nbsp;<br \/>\n<img loading=\"lazy\" decoding=\"async\" src=\"http:\/\/www.primerbrief.com\/wp-content\/uploads\/2015\/10\/12-USALCahgonaGroup.jpg\" alt=\"12-USALCahgonaGroup\" width=\"580\" height=\"285\" class=\"alignleft size-full wp-image-30357\" srcset=\"https:\/\/www.primerbrief.com\/wp-content\/uploads\/2015\/10\/12-USALCahgonaGroup.jpg 580w, https:\/\/www.primerbrief.com\/wp-content\/uploads\/2015\/10\/12-USALCahgonaGroup-300x147.jpg 300w\" sizes=\"auto, (max-width: 580px) 100vw, 580px\" \/><br \/>\nSeud\u00f3nimo: Cahgona Group. Creativos: Agostina Mormandi, Carolina Sciarra Maradoa y Juana Varela. Instituci\u00f3n educativa: USAL<br \/>\n&nbsp;<br \/>\n&nbsp;<\/p>\n","protected":false},"excerpt":{"rendered":"<p>(ARGENTINA) &#8211; En una noche en la que, como nuevos Golden Brain 2015, quedaron incorporados Antonio Barreiro (publicitario, ex socio de Casares Grey), M\u00f3nica \u00c1lvarez (especialista en medios, CEO de Grupo M), Luis Puenzo (director de cine) y Pedro Pelusa Suero (locutor), la Fundaci\u00f3n Golden Brain Atacama entreg\u00f3 el mi\u00e9rcoles los premios a los ganadores de su concurso dirigido a [&hellip;]<\/p>\n","protected":false},"author":3,"featured_media":30823,"comment_status":"open","ping_status":"open","sticky":false,"template":"","format":"standard","meta":{"footnotes":""},"categories":[145],"tags":[4316,26,4313,4314,3639,3640,4315,4211,1865],"class_list":["post-30818","post","type-post","status-publish","format-standard","has-post-thumbnail","hentry","category-premios","tag-agustin-scerbo","tag-argentina","tag-diego-cosa","tag-ezequiel-alescio","tag-golden-brain","tag-promise-brain","tag-rocio-urquiza","tag-universidad-abierta-interamericana-uai-argentina","tag-universidad-siglo-21-cordoba-argentina"],"_links":{"self":[{"href":"https:\/\/www.primerbrief.com\/index.php?rest_route=\/wp\/v2\/posts\/30818","targetHints":{"allow":["GET"]}}],"collection":[{"href":"https:\/\/www.primerbrief.com\/index.php?rest_route=\/wp\/v2\/posts"}],"about":[{"href":"https:\/\/www.primerbrief.com\/index.php?rest_route=\/wp\/v2\/types\/post"}],"author":[{"embeddable":true,"href":"https:\/\/www.primerbrief.com\/index.php?rest_route=\/wp\/v2\/users\/3"}],"replies":[{"embeddable":true,"href":"https:\/\/www.primerbrief.com\/index.php?rest_route=%2Fwp%2Fv2%2Fcomments&post=30818"}],"version-history":[{"count":3,"href":"https:\/\/www.primerbrief.com\/index.php?rest_route=\/wp\/v2\/posts\/30818\/revisions"}],"predecessor-version":[{"id":30831,"href":"https:\/\/www.primerbrief.com\/index.php?rest_route=\/wp\/v2\/posts\/30818\/revisions\/30831"}],"wp:featuredmedia":[{"embeddable":true,"href":"https:\/\/www.primerbrief.com\/index.php?rest_route=\/wp\/v2\/media\/30823"}],"wp:attachment":[{"href":"https:\/\/www.primerbrief.com\/index.php?rest_route=%2Fwp%2Fv2%2Fmedia&parent=30818"}],"wp:term":[{"taxonomy":"category","embeddable":true,"href":"https:\/\/www.primerbrief.com\/index.php?rest_route=%2Fwp%2Fv2%2Fcategories&post=30818"},{"taxonomy":"post_tag","embeddable":true,"href":"https:\/\/www.primerbrief.com\/index.php?rest_route=%2Fwp%2Fv2%2Ftags&post=30818"}],"curies":[{"name":"wp","href":"https:\/\/api.w.org\/{rel}","templated":true}]}}