{"id":30861,"date":"2015-11-09T03:59:15","date_gmt":"2015-11-09T06:59:15","guid":{"rendered":"http:\/\/www.primerbrief.com\/?p=30861"},"modified":"2015-11-09T09:28:02","modified_gmt":"2015-11-09T12:28:02","slug":"el-ojo-2015-dia-3-la-frase-del-viernes-todos-podemos-ser-geniales","status":"publish","type":"post","link":"https:\/\/www.primerbrief.com\/?p=30861","title":{"rendered":"El Ojo 2015, D\u00eda 3 > La frase del viernes: \u201cTodos podemos ser geniales\u201d"},"content":{"rendered":"<p><span style=\"font-size: 11pt;\"><strong>(IBEROAM\u00c9RICA) &#8211; Despu\u00e9s de varias conferencias, workshops y encuentros, termin\u00f3 El Ojo de Iberoam\u00e9rica 2015. Como era de esperar, el tercer d\u00eda d\u00eda tambi\u00e9n incluy\u00f3 conferencias variadas y valiosas, resumidas en la nota.<\/strong><\/span><\/p>\n<p><a href=\"http:\/\/www.primerbrief.com\/wp-content\/uploads\/2015\/11\/IBE-ElOjo2015-580.jpg\" onclick=\"_gaq.push(['_trackEvent', 'outbound-article-int', 'http:\/\/www.primerbrief.com\/wp-content\/uploads\/2015\/11\/IBE-ElOjo2015-580.jpg', '']);\" ><img loading=\"lazy\" decoding=\"async\" src=\"http:\/\/www.primerbrief.com\/wp-content\/uploads\/2015\/11\/IBE-ElOjo2015-580.jpg\" alt=\"IBE-ElOjo2015-580\" width=\"580\" height=\"269\" class=\"alignleft size-full wp-image-30866\" srcset=\"https:\/\/www.primerbrief.com\/wp-content\/uploads\/2015\/11\/IBE-ElOjo2015-580.jpg 580w, https:\/\/www.primerbrief.com\/wp-content\/uploads\/2015\/11\/IBE-ElOjo2015-580-300x139.jpg 300w\" sizes=\"auto, (max-width: 580px) 100vw, 580px\" \/><\/a><br \/>\n<em>El tercer d\u00eda del Ojo 2015 concluy\u00f3 con la mayor audiencia del festival.<\/em><\/p>\n<p>&nbsp;<br \/>\n<a href=\"http:\/\/www.primerbrief.com\/wp-content\/uploads\/2014\/10\/ARG-JoseEscanes-PorOkiGuzman-GR.jpg\" onclick=\"_gaq.push(['_trackEvent', 'outbound-article-int', 'http:\/\/www.primerbrief.com\/wp-content\/uploads\/2014\/10\/ARG-JoseEscanes-PorOkiGuzman-GR.jpg', '']);\" target=\"_blank\"><img loading=\"lazy\" decoding=\"async\" src=\"http:\/\/www.primerbrief.com\/wp-content\/uploads\/2014\/10\/ARG-JoseEscanes-PorOkiGuzman-60x60px.jpg\" width=\"60\" height=\"60\" class=\"alignleft size-full wp-image-4110\" style=\"margin: 0px 10px 0px 0px\" \/><\/a><strong>POR <a href=\"http:\/\/www.primerbrief.com\/?tag=jose-escanes-argentina\" onclick=\"_gaq.push(['_trackEvent', 'outbound-article-int', 'http:\/\/www.primerbrief.com\/?tag=jose-escanes-argentina', 'JOS\u00c9 ESCAN\u00c9S']);\" target=\"_blank\">JOS\u00c9 ESCAN\u00c9S<\/a><\/strong><br \/>\n<em>(Retrato JE: Oki Guzm\u00e1n &#8211; Fotos de la nota: Gentileza El Ojo de Iberoam\u00e9rica)<\/em><\/p>\n<p style=\"clear:left;\">\n<p>&nbsp;<br \/>\n<a href=\"http:\/\/www.primerbrief.com\/wp-content\/uploads\/2015\/11\/IBE-ElOjoEvaSantos.jpg\" onclick=\"_gaq.push(['_trackEvent', 'outbound-article-int', 'http:\/\/www.primerbrief.com\/wp-content\/uploads\/2015\/11\/IBE-ElOjoEvaSantos.jpg', '']);\" ><img loading=\"lazy\" decoding=\"async\" src=\"http:\/\/www.primerbrief.com\/wp-content\/uploads\/2015\/11\/IBE-ElOjoEvaSantos.jpg\" alt=\"IBE-ElOjoEvaSantos\" width=\"580\" height=\"218\" class=\"alignleft size-full wp-image-30872\" srcset=\"https:\/\/www.primerbrief.com\/wp-content\/uploads\/2015\/11\/IBE-ElOjoEvaSantos.jpg 580w, https:\/\/www.primerbrief.com\/wp-content\/uploads\/2015\/11\/IBE-ElOjoEvaSantos-300x113.jpg 300w\" sizes=\"auto, (max-width: 580px) 100vw, 580px\" \/><\/a><br \/>\nA primera hora de la ma\u00f1ana estuvo la conferencia de Eva Santos, directora general creativa de Proximity Espa\u00f1a, que anim\u00f3 a los presentes a no tener miedo de proponer ideas nuevas ideas que puedan ser rechazadas de entrada, ya que \u201c<em>lo nuevo e interesante genera miedo<\/em>\u201d, antes de concluir (acompa\u00f1ada de un gran aplauso) que \u201c<em>todos podemos ser geniales<\/em>\u201d.<\/p>\n<p>&nbsp;<br \/>\n<a href=\"http:\/\/www.primerbrief.com\/wp-content\/uploads\/2015\/11\/IBE-ElOjoGustavoBuchbinder.jpg\" onclick=\"_gaq.push(['_trackEvent', 'outbound-article-int', 'http:\/\/www.primerbrief.com\/wp-content\/uploads\/2015\/11\/IBE-ElOjoGustavoBuchbinder.jpg', '']);\" ><img loading=\"lazy\" decoding=\"async\" src=\"http:\/\/www.primerbrief.com\/wp-content\/uploads\/2015\/11\/IBE-ElOjoGustavoBuchbinder.jpg\" alt=\"IBE-ElOjoGustavoBuchbinder\" width=\"580\" height=\"218\" class=\"alignleft size-full wp-image-30862\" srcset=\"https:\/\/www.primerbrief.com\/wp-content\/uploads\/2015\/11\/IBE-ElOjoGustavoBuchbinder.jpg 580w, https:\/\/www.primerbrief.com\/wp-content\/uploads\/2015\/11\/IBE-ElOjoGustavoBuchbinder-300x113.jpg 300w\" sizes=\"auto, (max-width: 580px) 100vw, 580px\" \/><\/a><br \/>\nSigui\u00f3 el d\u00eda Gustavo Buchbinder, quien cont\u00f3 sobre el \u201c<em>mayor ecosistema publicitario jam\u00e1s visto\u201d<\/em>: el del futuro. Seg\u00fan el socio de WebAr Interactive y presidente de Interact, en solo unos a\u00f1os los dispositivos como Amazon Echo o Apple Watch ser\u00e1n los medios desde los cuales deber\u00e1n pensar ideas los nuevos creativos.<\/p>\n<p>&nbsp;<br \/>\n<a href=\"http:\/\/www.primerbrief.com\/wp-content\/uploads\/2015\/11\/IBE-ElOjoClaudioInvernizzi.jpg\" onclick=\"_gaq.push(['_trackEvent', 'outbound-article-int', 'http:\/\/www.primerbrief.com\/wp-content\/uploads\/2015\/11\/IBE-ElOjoClaudioInvernizzi.jpg', '']);\" ><img loading=\"lazy\" decoding=\"async\" src=\"http:\/\/www.primerbrief.com\/wp-content\/uploads\/2015\/11\/IBE-ElOjoClaudioInvernizzi.jpg\" alt=\"IBE-ElOjoClaudioInvernizzi\" width=\"580\" height=\"218\" class=\"alignleft size-full wp-image-30871\" srcset=\"https:\/\/www.primerbrief.com\/wp-content\/uploads\/2015\/11\/IBE-ElOjoClaudioInvernizzi.jpg 580w, https:\/\/www.primerbrief.com\/wp-content\/uploads\/2015\/11\/IBE-ElOjoClaudioInvernizzi-300x113.jpg 300w\" sizes=\"auto, (max-width: 580px) 100vw, 580px\" \/><\/a><br \/>\nPor otro lado, el uruguayo Claudio Invernizzi se concentr\u00f3 en el presente: el presidente y director general creativo de Havas Worldwide Gurisa cont\u00f3 sobre el contraste que ve entre los distintos eventos del medio publicitario y la vida en las agencias. En sus palabras, \u201c<em>(\u2026) en los festivales todos somos bellos, pero despu\u00e9s hay que volver a las cosas diarias, a las que nos ocupan<\/em>\u201d. Por eso invit\u00f3 a todos a ser aut\u00e9nticos, \u201c<em>pregunt\u00e1ndose si siempre han hecho lo que dijeron<\/em>\u201d.<\/p>\n<p>&nbsp;<br \/>\n<a href=\"http:\/\/www.primerbrief.com\/wp-content\/uploads\/2015\/11\/IBE-ElOjoAlonsoGarc\u00eda.jpg\" onclick=\"_gaq.push(['_trackEvent', 'outbound-article-int', 'http:\/\/www.primerbrief.com\/wp-content\/uploads\/2015\/11\/IBE-ElOjoAlonsoGarc\u00eda.jpg', '']);\" ><img loading=\"lazy\" decoding=\"async\" src=\"http:\/\/www.primerbrief.com\/wp-content\/uploads\/2015\/11\/IBE-ElOjoAlonsoGarc\u00eda.jpg\" alt=\"IBE-ElOjoAlonsoGarc\u00eda\" width=\"580\" height=\"218\" class=\"alignleft size-full wp-image-30869\" srcset=\"https:\/\/www.primerbrief.com\/wp-content\/uploads\/2015\/11\/IBE-ElOjoAlonsoGarc\u00eda.jpg 580w, https:\/\/www.primerbrief.com\/wp-content\/uploads\/2015\/11\/IBE-ElOjoAlonsoGarc\u00eda-300x113.jpg 300w\" sizes=\"auto, (max-width: 580px) 100vw, 580px\" \/><\/a><br \/>\nEl ciclo de conferencias de la ma\u00f1ana termin\u00f3 con Alonso Garc\u00eda, gerente regional de Shuttertock para Am\u00e9rica Latina, quien enumer\u00f3 de primera mano las tendencias visuales de 2016 e invit\u00f3 a todos a visitar el sitio como fuente de inspiraci\u00f3n para trabajar.<\/p>\n<p>&nbsp;<br \/>\n<a href=\"http:\/\/www.primerbrief.com\/wp-content\/uploads\/2015\/11\/IBE-ElOjoAlfonsoAmat.jpg\" onclick=\"_gaq.push(['_trackEvent', 'outbound-article-int', 'http:\/\/www.primerbrief.com\/wp-content\/uploads\/2015\/11\/IBE-ElOjoAlfonsoAmat.jpg', '']);\" ><img loading=\"lazy\" decoding=\"async\" src=\"http:\/\/www.primerbrief.com\/wp-content\/uploads\/2015\/11\/IBE-ElOjoAlfonsoAmat.jpg\" alt=\"IBE-ElOjoAlfonsoAmat\" width=\"580\" height=\"218\" class=\"alignleft size-full wp-image-30868\" srcset=\"https:\/\/www.primerbrief.com\/wp-content\/uploads\/2015\/11\/IBE-ElOjoAlfonsoAmat.jpg 580w, https:\/\/www.primerbrief.com\/wp-content\/uploads\/2015\/11\/IBE-ElOjoAlfonsoAmat-300x113.jpg 300w\" sizes=\"auto, (max-width: 580px) 100vw, 580px\" \/><\/a><br \/>\nComo primer conferencista de la tarde luego de la entrega de los premios a los nuevos talentos (<a href=\"http:\/\/www.primerbrief.com\/?p=30859\" onclick=\"_gaq.push(['_trackEvent', 'outbound-article-int', 'http:\/\/www.primerbrief.com\/?p=30859', 'resumidos en nota aparte']);\"  target=\"_blank\">resumidos en nota aparte<\/a>), continu\u00f3 Alfonso Amat, socio y CEO de I am at, que cont\u00f3 sobre las nuevas oportunidades que tendr\u00e1 la publicidad del futuro para construir v\u00ednculos a trav\u00e9s de herramientas que van desde un hashtag hasta contenido que les sirva a los mismos programas de TV para seguir al aire.<\/p>\n<p>&nbsp;<br \/>\n<a href=\"http:\/\/www.primerbrief.com\/wp-content\/uploads\/2015\/11\/IBE-ElOjoLuisMiguelMessianu.jpg\" onclick=\"_gaq.push(['_trackEvent', 'outbound-article-int', 'http:\/\/www.primerbrief.com\/wp-content\/uploads\/2015\/11\/IBE-ElOjoLuisMiguelMessianu.jpg', '']);\" ><img loading=\"lazy\" decoding=\"async\" src=\"http:\/\/www.primerbrief.com\/wp-content\/uploads\/2015\/11\/IBE-ElOjoLuisMiguelMessianu.jpg\" alt=\"IBE-ElOjoLuisMiguelMessianu\" width=\"580\" height=\"218\" class=\"alignleft size-full wp-image-30864\" srcset=\"https:\/\/www.primerbrief.com\/wp-content\/uploads\/2015\/11\/IBE-ElOjoLuisMiguelMessianu.jpg 580w, https:\/\/www.primerbrief.com\/wp-content\/uploads\/2015\/11\/IBE-ElOjoLuisMiguelMessianu-300x113.jpg 300w\" sizes=\"auto, (max-width: 580px) 100vw, 580px\" \/><\/a><br \/>\nLa fiesta lleg\u00f3 con Luis Miguel Messianu: Despu\u00e9s de hacer bailar a todos al ritmo de <em>Party in the USA<\/em>, de Miley Cyrus, hizo un repaso del protagonismo creciente de la cultura hispana en los Estados Unidos (de representar un 1,2 por ciento de la poblaci\u00f3n en los a\u00f1os 60 a ser m\u00e1s de un 12 por ciento en los \u00faltimos a\u00f1os). Esto, justamente, cre\u00f3 y sigue creando oportunidades laborales para aquellos que deseen trabajar en ese pa\u00eds. <\/p>\n<p>&nbsp;<br \/>\n<a href=\"http:\/\/www.primerbrief.com\/wp-content\/uploads\/2015\/11\/IBE-ElOjoBobGreenbergNickLaw.jpg\" onclick=\"_gaq.push(['_trackEvent', 'outbound-article-int', 'http:\/\/www.primerbrief.com\/wp-content\/uploads\/2015\/11\/IBE-ElOjoBobGreenbergNickLaw.jpg', '']);\" ><img loading=\"lazy\" decoding=\"async\" src=\"http:\/\/www.primerbrief.com\/wp-content\/uploads\/2015\/11\/IBE-ElOjoBobGreenbergNickLaw.jpg\" alt=\"IBE-ElOjoBobGreenbergNickLaw\" width=\"580\" height=\"218\" class=\"alignleft size-full wp-image-30870\" srcset=\"https:\/\/www.primerbrief.com\/wp-content\/uploads\/2015\/11\/IBE-ElOjoBobGreenbergNickLaw.jpg 580w, https:\/\/www.primerbrief.com\/wp-content\/uploads\/2015\/11\/IBE-ElOjoBobGreenbergNickLaw-300x113.jpg 300w\" sizes=\"auto, (max-width: 580px) 100vw, 580px\" \/><\/a><br \/>\nEl festival cerr\u00f3 con Bob Greenberg y Nick Law, el chairman y el director creativo mundial de R\/GA Worldwide, respectivamente. El p\u00fablico que llen\u00f3 el lugar escuch\u00f3 atentamente a los publicitarios contar sobre c\u00f3mo su compa\u00f1\u00eda se ha reinventado en los \u00faltimo a\u00f1os, buscando nuevos profesionales que combinen talento para contar historias adem\u00e1s de generarlas en la vida real.<\/p>\n<p>&nbsp;<br \/>\nAl finalizar el ciclo de conferencias, cientos de personas dejaron r\u00e1pidamente el hotel Hilton. No porque haya habido que dejar el recinto donde unas horas despu\u00e9s se har\u00eda la fiesta del festival, sino para seguir trabajando (un viernes, ni m\u00e1s ni menos) y alg\u00fan d\u00eda, quiz\u00e1s, ser premiados en El Ojo de Iberoam\u00e9rica.<br \/>\n&nbsp;<br \/>\n&nbsp;<\/p>\n","protected":false},"excerpt":{"rendered":"<p>(IBEROAM\u00c9RICA) &#8211; Despu\u00e9s de varias conferencias, workshops y encuentros, termin\u00f3 El Ojo de Iberoam\u00e9rica 2015. Como era de esperar, el tercer d\u00eda d\u00eda tambi\u00e9n incluy\u00f3 conferencias variadas y valiosas, resumidas en la nota. El tercer d\u00eda del Ojo 2015 concluy\u00f3 con la mayor audiencia del festival. &nbsp; POR JOS\u00c9 ESCAN\u00c9S (Retrato JE: Oki Guzm\u00e1n &#8211; Fotos de la nota: Gentileza [&hellip;]<\/p>\n","protected":false},"author":16,"featured_media":0,"comment_status":"open","ping_status":"open","sticky":false,"template":"","format":"standard","meta":{"footnotes":""},"categories":[1156],"tags":[4323,4322,4317,4321,2492,4251,4319,4320,104,852,4324,4318],"class_list":["post-30861","post","type-post","status-publish","format-standard","hentry","category-eventos","tag-alfonso-amat","tag-alonso-garcia","tag-bo-greenberg","tag-claudio-invernizzi","tag-el-ojo-de-iberoamerica","tag-el-ojo-de-iberoamerica-2015","tag-eva-santos","tag-gustavo-buchbinder","tag-iberoamerica","tag-jose-escanes-argentina","tag-luis-miguel-messianu","tag-nick-law"],"_links":{"self":[{"href":"https:\/\/www.primerbrief.com\/index.php?rest_route=\/wp\/v2\/posts\/30861","targetHints":{"allow":["GET"]}}],"collection":[{"href":"https:\/\/www.primerbrief.com\/index.php?rest_route=\/wp\/v2\/posts"}],"about":[{"href":"https:\/\/www.primerbrief.com\/index.php?rest_route=\/wp\/v2\/types\/post"}],"author":[{"embeddable":true,"href":"https:\/\/www.primerbrief.com\/index.php?rest_route=\/wp\/v2\/users\/16"}],"replies":[{"embeddable":true,"href":"https:\/\/www.primerbrief.com\/index.php?rest_route=%2Fwp%2Fv2%2Fcomments&post=30861"}],"version-history":[{"count":5,"href":"https:\/\/www.primerbrief.com\/index.php?rest_route=\/wp\/v2\/posts\/30861\/revisions"}],"predecessor-version":[{"id":30879,"href":"https:\/\/www.primerbrief.com\/index.php?rest_route=\/wp\/v2\/posts\/30861\/revisions\/30879"}],"wp:attachment":[{"href":"https:\/\/www.primerbrief.com\/index.php?rest_route=%2Fwp%2Fv2%2Fmedia&parent=30861"}],"wp:term":[{"taxonomy":"category","embeddable":true,"href":"https:\/\/www.primerbrief.com\/index.php?rest_route=%2Fwp%2Fv2%2Fcategories&post=30861"},{"taxonomy":"post_tag","embeddable":true,"href":"https:\/\/www.primerbrief.com\/index.php?rest_route=%2Fwp%2Fv2%2Ftags&post=30861"}],"curies":[{"name":"wp","href":"https:\/\/api.w.org\/{rel}","templated":true}]}}