{"id":30970,"date":"2015-11-13T03:59:41","date_gmt":"2015-11-13T06:59:41","guid":{"rendered":"http:\/\/www.primerbrief.com\/?p=30970"},"modified":"2015-11-13T13:09:05","modified_gmt":"2015-11-13T16:09:05","slug":"gonzalo-gallardo-creativo-de-yr-chile-cuenta-todo-lo-que-paso-en-el-open-congreso-2015","status":"publish","type":"post","link":"https:\/\/www.primerbrief.com\/?p=30970","title":{"rendered":"Gonzalo Gallardo, creativo de Y&#038;R Chile, cuenta todo lo que pas\u00f3 en el Open Congreso 2015"},"content":{"rendered":"<p><span style=\"font-size: 11pt;\"> <strong>(CHILE) &#8211; La 6ta edici\u00f3n del encuentro de profesionales de la publicidad y disciplinas afines convoc\u00f3 a cientos de estudiantes ansiosos de escuchar los consejos de los conferencistas. Gonzalo Gallardo asisti\u00f3 a Open Congreso y comparti\u00f3 con nosotros (y ahora con vos) su experiencia durante el evento. Enterate de todo lo sucedido ah\u00ed leyendo la nota.<\/strong><\/span><\/p>\n<p><a href=\"http:\/\/www.primerbrief.com\/wp-content\/uploads\/2015\/11\/CHI-OpenCongreso2015LagartoMurdock.jpg\" onclick=\"_gaq.push(['_trackEvent', 'outbound-article-int', 'http:\/\/www.primerbrief.com\/wp-content\/uploads\/2015\/11\/CHI-OpenCongreso2015LagartoMurdock.jpg', '']);\" ><img loading=\"lazy\" decoding=\"async\" src=\"http:\/\/www.primerbrief.com\/wp-content\/uploads\/2015\/11\/CHI-OpenCongreso2015LagartoMurdock-580.jpg\" alt=\"CHI-OpenCongreso2015LagartoMurdock-580\" width=\"580\" height=\"326\" class=\"alignleft size-full wp-image-30973\" srcset=\"https:\/\/www.primerbrief.com\/wp-content\/uploads\/2015\/11\/CHI-OpenCongreso2015LagartoMurdock-580.jpg 580w, https:\/\/www.primerbrief.com\/wp-content\/uploads\/2015\/11\/CHI-OpenCongreso2015LagartoMurdock-580-300x169.jpg 300w\" sizes=\"auto, (max-width: 580px) 100vw, 580px\" \/><\/a><em>El p\u00fablico de Open Congreso 2015 durante la conferencia de El\u00edas Escobedo.<\/em><\/p>\n<p>&nbsp;<br \/>\n<a href=\"http:\/\/www.primerbrief.com\/wp-content\/uploads\/2015\/11\/GonzaloGallardoIvanovic-60.jpg\" onclick=\"_gaq.push(['_trackEvent', 'outbound-article-int', 'http:\/\/www.primerbrief.com\/wp-content\/uploads\/2015\/11\/GonzaloGallardoIvanovic-60.jpg', '']);\" ><img loading=\"lazy\" decoding=\"async\" src=\"http:\/\/www.primerbrief.com\/wp-content\/uploads\/2015\/11\/GonzaloGallardoIvanovic-60.jpg\" width=\"60\" height=\"60\" class=\"alignleft size-full wp-image-25792\" style=\"margin: 0px 10px 0px 0px\" \/><\/a><strong>TEXTO POR <a href=\"http:\/\/www.primerbrief.com\/?tag=jose-escanes-argentina\" onclick=\"_gaq.push(['_trackEvent', 'outbound-article-int', 'http:\/\/www.primerbrief.com\/?tag=jose-escanes-argentina', 'GONZALO GALLARDO']);\" target=\"_blank\">GONZALO GALLARDO<\/a><\/strong><br \/>\nDirector de arte de <a href=\"http:\/\/prolam.cl\/\" onclick=\"_gaq.push(['_trackEvent', 'outbound-article', 'http:\/\/prolam.cl\/', 'Prolam Y&#038;R']);\" target=\"_blank\">Prolam Y&#038;R<\/a>, de Chile<br \/>\nRedacci\u00f3n especial para PB<br \/>\n<em>(Fotos: Gentileza Zapatillas con Terno)<\/em><\/p>\n<p style=\"clear:left;\">\n<p>&nbsp;<br \/>\nOpen Congreso, que cada a\u00f1o junta a los m\u00e1ximos exponentes de la creatividad publicitaria, cont\u00f3 con la participaci\u00f3n de m\u00e1s de 400 estudiantes y j\u00f3venes profesionales que se reunieron el pasado 7 de noviembre desde las 9:00 am en las instalaciones de la Universidad Aut\u00f3noma de Chile.<\/p>\n<p>Y si hay algo que destaca al congreso es la capacidad de evoluci\u00f3n que demuestra a\u00f1o a a\u00f1o. En esta ocasi\u00f3n cont\u00f3 con las exposiciones de Mois\u00e9s Arancibia, fundador de Santiago Motion Graphics SMOG; Pancho Gonz\u00e1lez, director general creativo de Inbrax; Gonzalo Baeza, Mariano P\u00e9rez y Diego Perry, fundadores de la flamante Wolf BPP; Eduardo Novi\u00f3n, DGC de TWBA\/Frederick y creador de la pel\u00edcula <em>Leftraro<\/em>; El\u00edas Escobedo, creador del Lagarto Murdock, famoso t\u00edtere de la televisi\u00f3n Chilena; y Juan Andr\u00e9s Salfate, animador, publicista y cr\u00edtico de cine. Sumado a los talleres de Valeria Mansilla y Carolina Pizarro, de McCann Santiago; Gonzalo Gallardo, de Prolam Y&R; y Daniel Tagle, de Why; entre otros.<\/p>\n<p><a href=\"http:\/\/www.primerbrief.com\/wp-content\/uploads\/2015\/11\/CHI-OpenCongreso2015PanchoGonzalez.jpg\" onclick=\"_gaq.push(['_trackEvent', 'outbound-article-int', 'http:\/\/www.primerbrief.com\/wp-content\/uploads\/2015\/11\/CHI-OpenCongreso2015PanchoGonzalez.jpg', '']);\" ><img loading=\"lazy\" decoding=\"async\" src=\"http:\/\/www.primerbrief.com\/wp-content\/uploads\/2015\/11\/CHI-OpenCongreso2015PanchoGonzalez-580.jpg\" alt=\"CHI-OpenCongreso2015PanchoGonzalez-580\" width=\"580\" height=\"393\" class=\"alignleft size-full wp-image-30978\" srcset=\"https:\/\/www.primerbrief.com\/wp-content\/uploads\/2015\/11\/CHI-OpenCongreso2015PanchoGonzalez-580.jpg 580w, https:\/\/www.primerbrief.com\/wp-content\/uploads\/2015\/11\/CHI-OpenCongreso2015PanchoGonzalez-580-300x203.jpg 300w\" sizes=\"auto, (max-width: 580px) 100vw, 580px\" \/><\/a><br \/>\n<em>Pancho Gonz\u00e1lez, director general creativo de Inbrax, durante su conferencia.<\/em><\/p>\n<p>&nbsp;<br \/>\nEn esta oportunidad, el evento convoc\u00f3 a m\u00e1s de 400 personas entre estudiantes de diversas casas de estudio del pa\u00eds, j\u00f3venes profesionales, jefes de carrera y charlistas. <\/p>\n<p>En tanto Rodrigo Ubilla, decano de la facultad de Humanidades, expres\u00f3 su optimismo por este encuentro \u201cporque estamos incentivando, informando y actualizando a los futuros profesionales sobre el mundo de la publicidad y sus cambios\u201d.<\/p>\n<p>Por su parte, el director de la carrera de Publicidad y Comunicaciones, Antonio Basauri, se\u00f1al\u00f3 que los alumnos deben conocer que el \u00e1rea profesional est\u00e1 en un complejo proceso de cambio: \u201cYa no hablamos de publicidad 2.0, sino de un 4.0, que est\u00e1 centrad en internet, en el emprendimiento y en las nuevas tecnolog\u00edas\u201d.<\/p>\n<p>El organizador y creador del evento, Cristi\u00e1n Pozo, destac\u00f3 la llegada de estudiantes de todo el pa\u00eds. \u201cGente de Iquique, La Serena, Valpara\u00edso, Concepci\u00f3n, llegaron hasta ac\u00e1, para ser parte del Open y eso nos pone muy contentos, ya que demuestra la importancia que se le da a esta actividad\u201d.<\/p>\n<p><a href=\"http:\/\/www.primerbrief.com\/wp-content\/uploads\/2015\/11\/CHI-OpenCongreso2015JuanAndr\u00e9sSalfate.jpg\" onclick=\"_gaq.push(['_trackEvent', 'outbound-article-int', 'http:\/\/www.primerbrief.com\/wp-content\/uploads\/2015\/11\/CHI-OpenCongreso2015JuanAndr\u00e9sSalfate.jpg', '']);\" ><img loading=\"lazy\" decoding=\"async\" src=\"http:\/\/www.primerbrief.com\/wp-content\/uploads\/2015\/11\/CHI-OpenCongreso2015JuanAndr\u00e9sSalfate-580.jpg\" alt=\"CHI-OpenCongreso2015JuanAndr\u00e9sSalfate-580\" width=\"580\" height=\"395\" class=\"alignleft size-full wp-image-30983\" srcset=\"https:\/\/www.primerbrief.com\/wp-content\/uploads\/2015\/11\/CHI-OpenCongreso2015JuanAndr\u00e9sSalfate-580.jpg 580w, https:\/\/www.primerbrief.com\/wp-content\/uploads\/2015\/11\/CHI-OpenCongreso2015JuanAndr\u00e9sSalfate-580-300x204.jpg 300w\" sizes=\"auto, (max-width: 580px) 100vw, 580px\" \/><\/a><br \/>\n<em>Juan Andr\u00e9s Salfate, durante la conferencia cierre del evento.<\/em><\/p>\n<p>&nbsp;<br \/>\nUn dato importante: En los seis a\u00f1os que se ha organizado el evento, suma una participaci\u00f3n de m\u00e1s de siete mil alumnos de todo el pa\u00eds, quienes buscan orientarse y aprender de las nuevas t\u00e9cnicas de la publicidad, adem\u00e1s de contactarse entre ellos y compartir experiencias e ideas.<br \/>\n&nbsp;<br \/>\n&nbsp;<\/p>\n","protected":false},"excerpt":{"rendered":"<p>(CHILE) &#8211; La 6ta edici\u00f3n del encuentro de profesionales de la publicidad y disciplinas afines convoc\u00f3 a cientos de estudiantes ansiosos de escuchar los consejos de los conferencistas. Gonzalo Gallardo asisti\u00f3 a Open Congreso y comparti\u00f3 con nosotros (y ahora con vos) su experiencia durante el evento. Enterate de todo lo sucedido ah\u00ed leyendo la nota. El p\u00fablico de Open [&hellip;]<\/p>\n","protected":false},"author":16,"featured_media":30988,"comment_status":"open","ping_status":"open","sticky":false,"template":"","format":"standard","meta":{"footnotes":""},"categories":[1156],"tags":[4345,129,4346,1862,4342,4348,4344,4347],"class_list":["post-30970","post","type-post","status-publish","format-standard","has-post-thumbnail","hentry","category-eventos","tag-antonio-basauri-chile","tag-chile","tag-cristian-pozo-chile","tag-gonzalo-gallardo-chile","tag-open-congreso","tag-prolam-yr-chile","tag-rodrigo-ubilla-chile","tag-universidad-autonoma-de-chile"],"_links":{"self":[{"href":"https:\/\/www.primerbrief.com\/index.php?rest_route=\/wp\/v2\/posts\/30970","targetHints":{"allow":["GET"]}}],"collection":[{"href":"https:\/\/www.primerbrief.com\/index.php?rest_route=\/wp\/v2\/posts"}],"about":[{"href":"https:\/\/www.primerbrief.com\/index.php?rest_route=\/wp\/v2\/types\/post"}],"author":[{"embeddable":true,"href":"https:\/\/www.primerbrief.com\/index.php?rest_route=\/wp\/v2\/users\/16"}],"replies":[{"embeddable":true,"href":"https:\/\/www.primerbrief.com\/index.php?rest_route=%2Fwp%2Fv2%2Fcomments&post=30970"}],"version-history":[{"count":11,"href":"https:\/\/www.primerbrief.com\/index.php?rest_route=\/wp\/v2\/posts\/30970\/revisions"}],"predecessor-version":[{"id":30992,"href":"https:\/\/www.primerbrief.com\/index.php?rest_route=\/wp\/v2\/posts\/30970\/revisions\/30992"}],"wp:featuredmedia":[{"embeddable":true,"href":"https:\/\/www.primerbrief.com\/index.php?rest_route=\/wp\/v2\/media\/30988"}],"wp:attachment":[{"href":"https:\/\/www.primerbrief.com\/index.php?rest_route=%2Fwp%2Fv2%2Fmedia&parent=30970"}],"wp:term":[{"taxonomy":"category","embeddable":true,"href":"https:\/\/www.primerbrief.com\/index.php?rest_route=%2Fwp%2Fv2%2Fcategories&post=30970"},{"taxonomy":"post_tag","embeddable":true,"href":"https:\/\/www.primerbrief.com\/index.php?rest_route=%2Fwp%2Fv2%2Ftags&post=30970"}],"curies":[{"name":"wp","href":"https:\/\/api.w.org\/{rel}","templated":true}]}}