{"id":31790,"date":"2016-01-25T03:59:16","date_gmt":"2016-01-25T06:59:16","guid":{"rendered":"http:\/\/www.primerbrief.com\/?p=31790"},"modified":"2016-01-25T16:11:57","modified_gmt":"2016-01-25T19:11:57","slug":"gonzalo-gallardo-creativo-de-yr-chile-cuenta-todo-lo-que-paso-en-mono-porfiao","status":"publish","type":"post","link":"https:\/\/www.primerbrief.com\/?p=31790","title":{"rendered":"Gonzalo Gallardo, creativo de Y&#038;R Chile, cuenta todo lo que pas\u00f3 en Mono Porfiao"},"content":{"rendered":"<p><span style=\"font-size: 11pt;\"><strong>(CHILE) &#8211; El pasado mi\u00e9rcoles 20 de Enero se desarroll\u00f3 en la Universidad de Santiago de Chile <a href=\"https:\/\/www.facebook.com\/monoporfiaousach\/?fref=ts\" onclick=\"_gaq.push(['_trackEvent', 'outbound-article', 'https:\/\/www.facebook.com\/monoporfiaousach\/?fref=ts', 'Mono Porfiao']);\"  target=\"_blank\">Mono Porfiao<\/a>, un evento enfocado en el emprendimiento en publicidad que expuso lo vers\u00e1til que es la carrera de Publicidad en la actualidad. Bajo el concepto de que \u201cLas buenas ideas nunca se caen\u201d, la idea era poder mostrar que hoy las ideas pueden convertirse en el puntapi\u00e9 principal para crear tu propio negocio.<\/strong><\/span><\/p>\n<p><a href=\"http:\/\/www.primerbrief.com\/wp-content\/uploads\/2016\/01\/CHI-MonoPorfiao-GR.jpg\" onclick=\"_gaq.push(['_trackEvent', 'outbound-article-int', 'http:\/\/www.primerbrief.com\/wp-content\/uploads\/2016\/01\/CHI-MonoPorfiao-GR.jpg', '']);\" ><img loading=\"lazy\" decoding=\"async\" src=\"http:\/\/www.primerbrief.com\/wp-content\/uploads\/2016\/01\/CHI-MonoPorfiao-580.jpg\" alt=\"CHI-MonoPorfiao-580\" width=\"580\" height=\"387\" class=\"alignleft size-full wp-image-31794\" srcset=\"https:\/\/www.primerbrief.com\/wp-content\/uploads\/2016\/01\/CHI-MonoPorfiao-580.jpg 580w, https:\/\/www.primerbrief.com\/wp-content\/uploads\/2016\/01\/CHI-MonoPorfiao-580-300x200.jpg 300w\" sizes=\"auto, (max-width: 580px) 100vw, 580px\" \/><\/a><br \/>\n<em>El cartel de bienvenida en Mono Porfiao.<\/em><\/p>\n<p>&nbsp;<br \/>\n<a href=\"http:\/\/www.primerbrief.com\/wp-content\/uploads\/2015\/11\/GonzaloGallardoIvanovic-60.jpg\" onclick=\"_gaq.push(['_trackEvent', 'outbound-article-int', 'http:\/\/www.primerbrief.com\/wp-content\/uploads\/2015\/11\/GonzaloGallardoIvanovic-60.jpg', '']);\" ><img loading=\"lazy\" decoding=\"async\" src=\"http:\/\/www.primerbrief.com\/wp-content\/uploads\/2015\/11\/GonzaloGallardoIvanovic-60.jpg\" width=\"60\" height=\"60\" class=\"alignleft size-full wp-image-25792\" style=\"margin: 0px 10px 0px 0px\" \/><\/a><strong>TEXTO POR <a href=\"http:\/\/www.primerbrief.com\/?tag=jose-escanes-argentina\" onclick=\"_gaq.push(['_trackEvent', 'outbound-article-int', 'http:\/\/www.primerbrief.com\/?tag=jose-escanes-argentina', 'GONZALO GALLARDO']);\" target=\"_blank\">GONZALO GALLARDO<\/a><\/strong><br \/>\nDirector de arte de <a href=\"http:\/\/prolam.cl\/\" onclick=\"_gaq.push(['_trackEvent', 'outbound-article', 'http:\/\/prolam.cl\/', 'Prolam Y&#038;R']);\" target=\"_blank\">Prolam Y&#038;R<\/a>, de Chile<br \/>\nRedacci\u00f3n especial y fotos para PB<\/p>\n<p style=\"clear:left;\">\n<p>&nbsp;<br \/>\nMono Porfiao es un evento desarrollado por los alumnos de la carrera de <a href=\"http:\/\/www.publicidadusach.cl\/\" onclick=\"_gaq.push(['_trackEvent', 'outbound-article', 'http:\/\/www.publicidadusach.cl\/', 'Publicidad de la Usach']);\"  target=\"_blank\">Publicidad de la Usach<\/a>, en el que re\u00fanen a destacados estudiantes y egresados de la casa de estudios para exponer y explicar c\u00f3mo han logrado materializar sus ideas de negocio en pro del emprendimiento, ya sea para subsistir en un ambiente cada vez m\u00e1s competitivo, crear alternativas al trabajo en agencias, o bien para crear organizaciones sin \u00e1nimo de lucro.<\/p>\n<p><a href=\"http:\/\/www.primerbrief.com\/wp-content\/uploads\/2016\/01\/CHI-Jose\u0301Ramo\u0301nCardenas-GR.jpg\" onclick=\"_gaq.push(['_trackEvent', 'outbound-article-int', 'http:\/\/www.primerbrief.com\/wp-content\/uploads\/2016\/01\/CHI-Jose\u0301Ramo\u0301nCardenas-GR.jpg', '']);\" ><img loading=\"lazy\" decoding=\"async\" src=\"http:\/\/www.primerbrief.com\/wp-content\/uploads\/2016\/01\/CHI-Jose\u0301Ramo\u0301nCardenas-580.jpg\" alt=\"CHI-Jose\u0301Ramo\u0301nCardenas-580\" width=\"580\" height=\"393\" class=\"alignleft size-full wp-image-31796\" srcset=\"https:\/\/www.primerbrief.com\/wp-content\/uploads\/2016\/01\/CHI-Jose\u0301Ramo\u0301nCardenas-580.jpg 580w, https:\/\/www.primerbrief.com\/wp-content\/uploads\/2016\/01\/CHI-Jose\u0301Ramo\u0301nCardenas-580-300x203.jpg 300w\" sizes=\"auto, (max-width: 580px) 100vw, 580px\" \/><\/a><\/p>\n<p>El primer expositor fue Jos\u00e9 Ram\u00f3n C\u00e1rdenas, Socio y Director Estrat\u00e9gico de Creativa y adem\u00e1s, Presidente del reci\u00e9n estrenado <a href=\"http:\/\/colegiodepublicistas.cl\/\" onclick=\"_gaq.push(['_trackEvent', 'outbound-article', 'http:\/\/colegiodepublicistas.cl\/', 'Colegio de Publicistas de Chile']);\"  target=\"_blank\">Colegio de Publicistas de Chile<\/a>. Jos\u00e9 cont\u00f3 c\u00f3mo naci\u00f3 el Colegio desde un grupo de Facebook, y sobre la labor que tienen para agrupar a los publicistas de Chile, el desarrollo de actividades y la misi\u00f3n de buscar el cambio en la academia y la industria para generar cambios verdaderos en la pr\u00e1ctica de la profesi\u00f3n en sus diversas \u00e1reas. \u201cSantiago tiene un fuerte rol social del publicista y debemos seguir si\u00e9ndolo, y as\u00ed valorar la colaboraci\u00f3n y el compromiso, dejar el ego de lado en pro de las comunicaciones y el consumidor\u201d expres\u00f3 Jos\u00e9 durante su ponencia. \u201cQueremos que el Colegio sea un ente que tenga la funci\u00f3n de guiar a los profesionales y aportar de forma sustancial a la industria\u201d, finaliz\u00f3.<\/p>\n<p><a href=\"http:\/\/www.primerbrief.com\/wp-content\/uploads\/2016\/01\/CHI-NicoPoblete-GR.jpg\" onclick=\"_gaq.push(['_trackEvent', 'outbound-article-int', 'http:\/\/www.primerbrief.com\/wp-content\/uploads\/2016\/01\/CHI-NicoPoblete-GR.jpg', '']);\" ><img loading=\"lazy\" decoding=\"async\" src=\"http:\/\/www.primerbrief.com\/wp-content\/uploads\/2016\/01\/CHI-NicoPoblete-580.jpg\" alt=\"CHI-NicoPoblete-580\" width=\"580\" height=\"381\" class=\"alignleft size-full wp-image-31797\" srcset=\"https:\/\/www.primerbrief.com\/wp-content\/uploads\/2016\/01\/CHI-NicoPoblete-580.jpg 580w, https:\/\/www.primerbrief.com\/wp-content\/uploads\/2016\/01\/CHI-NicoPoblete-580-300x197.jpg 300w\" sizes=\"auto, (max-width: 580px) 100vw, 580px\" \/><\/a><\/p>\n<p>La segunda charla estuvo a cargo de Nicol\u00e1s Poblete, ex estudiante de publicidad Usach, quien dej\u00f3 sus estudios al tercer a\u00f1o para perseguir su m\u00e1s grande sue\u00f1o: ser fot\u00f3grafo. Nicol\u00e1s al renunci\u00f3 a la carrera hace 5 a\u00f1os y cre\u00f3 <a href=\"http:\/\/this-photo.com\/\" onclick=\"_gaq.push(['_trackEvent', 'outbound-article', 'http:\/\/this-photo.com\/', 'This Photo']);\"  target=\"_blank\">This Photo<\/a>, una Boutique fotogr\u00e1fica para bodas, expresando durante su ponencia sobre la diversidad de cosas que se pueden hacer con los conocimientos entregados en publicidad. \u201cLa publicidad me entreg\u00f3 muchas herramientas, pero la fotograf\u00eda me gustaba mucho m\u00e1s\u201d comento Nicol\u00e1s. Adem\u00e1s dio consejos que le sirvieron para emprender, tales como la dedicaci\u00f3n que hay que ponerle a las ideas, dejar los miedos de lado, la importancia del networking para conocer gente que aportara a su emprendimiento y dejar los egos de lado y la incesante b\u00fasqueda de reconocimientos. \u201cLos premios para los creativos deber\u00edan ser s\u00f3lo una herramienta de marketing para validarse frente a la industria y m\u00e1s importante, para venderse y ganar clientes, publicidad no s\u00f3lo es trabajar para agencias\u201d, expres\u00f3 al finalizar su presentaci\u00f3n.<\/p>\n<p><a href=\"http:\/\/www.primerbrief.com\/wp-content\/uploads\/2016\/01\/CHI-PalomaHidalgo-GR.jpg\" onclick=\"_gaq.push(['_trackEvent', 'outbound-article-int', 'http:\/\/www.primerbrief.com\/wp-content\/uploads\/2016\/01\/CHI-PalomaHidalgo-GR.jpg', '']);\" ><img loading=\"lazy\" decoding=\"async\" src=\"http:\/\/www.primerbrief.com\/wp-content\/uploads\/2016\/01\/CHI-PalomaHidalgo-580.jpg\" alt=\"CHI-PalomaHidalgo-580\" width=\"580\" height=\"387\" class=\"alignleft size-full wp-image-31799\" srcset=\"https:\/\/www.primerbrief.com\/wp-content\/uploads\/2016\/01\/CHI-PalomaHidalgo-580.jpg 580w, https:\/\/www.primerbrief.com\/wp-content\/uploads\/2016\/01\/CHI-PalomaHidalgo-580-300x200.jpg 300w\" sizes=\"auto, (max-width: 580px) 100vw, 580px\" \/><\/a><\/p>\n<p>A continuaci\u00f3n se present\u00f3 Paloma Hidalgo, ex estudiante de publicidad Usach y socia fundadora de <a href=\"http:\/\/musicpaper.cl\/\" onclick=\"_gaq.push(['_trackEvent', 'outbound-article', 'http:\/\/musicpaper.cl\/', 'Music Paper']);\"  target=\"_blank\">Music Paper<\/a>, una agencia que entrega servicios publicitarios para m\u00fasicos y artistas. Paloma destac\u00f3 lo importante que es generar experiencia antes de egresar de la Universidad para poder entrar a trabajar y crear un diferenciador entre tu competencia. Paloma trabaj\u00f3 durante su tiempo en la Universidad para lanzar el \u00e1lbum solista de su novio Rafael R\u00edos. Fue as\u00ed como algo que parti\u00f3 de forma amateur se transform\u00f3 en la idea de negocio. \u201cEn esta era donde las casas discogr\u00e1ficas solo hacen contrato con grandes artistas, donde ya no se venden discos nos dimos cuenta que nadie estaba del lado de los cantautores y bandas emergentes Music Paper nace para aportar a estos artistas, que consideran que un disco es como su tarjeta de presentaci\u00f3n, es muchas veces un art\u00edculo de Merchandising. Music Paper logra marcar eso y m\u00e1s, como la impresi\u00f3n de car\u00e1tulas, la duplicaci\u00f3n de discos, marketing digital y la distribuci\u00f3n f\u00edsica y digital de sus \u00e1lbumes. Porque somos m\u00fasicos trabajando para m\u00fasicos\u201d, destac\u00f3 Paloma.<\/p>\n<p><a href=\"http:\/\/www.primerbrief.com\/wp-content\/uploads\/2016\/01\/CHI-Fabia\u0301nRojas-GR.jpg\" onclick=\"_gaq.push(['_trackEvent', 'outbound-article-int', 'http:\/\/www.primerbrief.com\/wp-content\/uploads\/2016\/01\/CHI-Fabia\u0301nRojas-GR.jpg', '']);\" ><img loading=\"lazy\" decoding=\"async\" src=\"http:\/\/www.primerbrief.com\/wp-content\/uploads\/2016\/01\/CHI-Fabia\u0301nRojas-580.jpg\" alt=\"CHI-Fabia\u0301nRojas-580\" width=\"580\" height=\"387\" class=\"alignleft size-full wp-image-31801\" srcset=\"https:\/\/www.primerbrief.com\/wp-content\/uploads\/2016\/01\/CHI-Fabia\u0301nRojas-580.jpg 580w, https:\/\/www.primerbrief.com\/wp-content\/uploads\/2016\/01\/CHI-Fabia\u0301nRojas-580-300x200.jpg 300w\" sizes=\"auto, (max-width: 580px) 100vw, 580px\" \/><\/a><\/p>\n<p>La tercera charla estuvo a cargo de Fabi\u00e1n Rojas, estudiante de 23 a\u00f1os de publicidad Usach. Este joven, fan\u00e1tico de los c\u00f3mics, del dibujo y de las artes marciales, dej\u00f3 sus estudios de ingenier\u00eda para estudiar publicidad. Un d\u00eda fue contactado por un profesor de Historia de la misma universidad para desarrollar un proyecto de reciclaje para colegios y comunas vulnerables de Santiago. \u201cAs\u00ed naci\u00f3 <a href=\"http:\/\/www.redecoescuelas.cl\/\" onclick=\"_gaq.push(['_trackEvent', 'outbound-article', 'http:\/\/www.redecoescuelas.cl\/', 'REDECO']);\"  target=\"_blank\">REDECO<\/a>, la red de eco colegios. Hoy en d\u00eda nadie recicla ya que no existe el h\u00e1bito. Lo que existe es la desinformaci\u00f3n, as\u00ed creamos un programa de intervenci\u00f3n escolar que tiene por objetivo instalar en los m\u00e1s peque\u00f1os el h\u00e1bito del reciclaje.\u201d se\u00f1ala Fabi\u00e1n. As\u00ed, crearon un programa de 5 d\u00edas en el que crean la experiencia del reciclaje en colegios de principio a fin, con actividades l\u00fadicas para que tanto profesores, alumnos y apoderados conozcan los beneficios del reciclaje.<\/p>\n<p><a href=\"http:\/\/www.primerbrief.com\/wp-content\/uploads\/2016\/01\/CHI-ClaudiaGazziero-GR.jpg\" onclick=\"_gaq.push(['_trackEvent', 'outbound-article-int', 'http:\/\/www.primerbrief.com\/wp-content\/uploads\/2016\/01\/CHI-ClaudiaGazziero-GR.jpg', '']);\" ><img loading=\"lazy\" decoding=\"async\" src=\"http:\/\/www.primerbrief.com\/wp-content\/uploads\/2016\/01\/CHI-ClaudiaGazziero-580.jpg\" alt=\"CHI-ClaudiaGazziero-580\" width=\"580\" height=\"388\" class=\"alignleft size-full wp-image-31803\" srcset=\"https:\/\/www.primerbrief.com\/wp-content\/uploads\/2016\/01\/CHI-ClaudiaGazziero-580.jpg 580w, https:\/\/www.primerbrief.com\/wp-content\/uploads\/2016\/01\/CHI-ClaudiaGazziero-580-300x201.jpg 300w\" sizes=\"auto, (max-width: 580px) 100vw, 580px\" \/><\/a><\/p>\n<p>Finalmente fue el turno de Claudia Mart\u00ednez, ex estudiante de publicidad Usach y m\u00e1s conocida en el ambiente blogger como <a href=\"http:\/\/claudiagazziero.com\/\" onclick=\"_gaq.push(['_trackEvent', 'outbound-article', 'http:\/\/claudiagazziero.com\/', 'Claudia Gazziero']);\"  target=\"_blank\">Claudia Gazziero<\/a>, redactora de Fan Fiction y cuentos er\u00f3ticos. Claudia explica que al entrar a la industria publicitaria se desencant\u00f3 con esta, pero que rescat\u00f3 el hecho de que se consideraba una buena redactora. \u201cRecuerdo que comenc\u00e9 con el Fan Fiction a modo de entretenci\u00f3n solamente. Hac\u00eda muchos cuentos y me gan\u00e9 r\u00e1pidamente una buena reputaci\u00f3n online. Me le\u00edan sobre todo desde Chile, Argentina, Venezuela y Espa\u00f1a\u201d, destac\u00f3. Fue as\u00ed como comenz\u00f3 a escribir relatos originales y su lector\u00eda se dispar\u00f3 de la noche a la ma\u00f1ana. \u201cTengo la suerte de haber conocido grandes lectores que asimismo son ilustradores y que me ayudan con im\u00e1genes para cada cuento. Tambi\u00e9n tengo ayuda de diversos int\u00e9rpretes de otros idiomas que me ayudan a traducir los relatos y compartirlos con sus amigos\u201d, se\u00f1ala Claudia. Explic\u00f3 tambi\u00e9n que pese a no tener un retorno monetario de forma r\u00e1pida, su valor agregado es ofrecer contenido gratuito a sus lectores y as\u00ed rentabilizar su proyecto con motores e indexadores de b\u00fasqueda. \u201cGracias a Adsense y algunos otros patrocinadores, como Japi Jane (tienda de juguetes para adultos) he logrado levantar este emprendimiento que me da el dinero necesario para vivir\u201d finaliz\u00f3 Claudia, destacando tambi\u00e9n los conocimientos entregados por la Universidad. <\/p>\n<p>El evento culmin\u00f3 con una feria de j\u00f3venes estudiantes de la carrera, quienes pusieron en venta productos y servicios creados por ellos, as\u00ed como un sorteo de regalos para los asistentes y un cierre musical del artista nacional <a href=\"https:\/\/www.youtube.com\/watch?v=AwCKYNPuKmc\" onclick=\"_gaq.push(['_trackEvent', 'outbound-article', 'https:\/\/www.youtube.com\/watch?v=AwCKYNPuKmc', 'Andr\u00e9s Reveco']);\"  target=\"_blank\">Andr\u00e9s Reveco<\/a>.<\/p>\n<p>&nbsp;<br \/>\n&nbsp;<\/p>\n","protected":false},"excerpt":{"rendered":"<p>(CHILE) &#8211; El pasado mi\u00e9rcoles 20 de Enero se desarroll\u00f3 en la Universidad de Santiago de Chile Mono Porfiao, un evento enfocado en el emprendimiento en publicidad que expuso lo vers\u00e1til que es la carrera de Publicidad en la actualidad. Bajo el concepto de que \u201cLas buenas ideas nunca se caen\u201d, la idea era poder mostrar que hoy las ideas [&hellip;]<\/p>\n","protected":false},"author":16,"featured_media":31793,"comment_status":"open","ping_status":"open","sticky":false,"template":"","format":"standard","meta":{"footnotes":""},"categories":[1156],"tags":[129,1862,4469,1976,4208],"class_list":["post-31790","post","type-post","status-publish","format-standard","has-post-thumbnail","hentry","category-eventos","tag-chile","tag-gonzalo-gallardo-chile","tag-mono-porfiao-chile","tag-universidad-de-santiago-de-chile-chile","tag-usach-chile"],"_links":{"self":[{"href":"https:\/\/www.primerbrief.com\/index.php?rest_route=\/wp\/v2\/posts\/31790","targetHints":{"allow":["GET"]}}],"collection":[{"href":"https:\/\/www.primerbrief.com\/index.php?rest_route=\/wp\/v2\/posts"}],"about":[{"href":"https:\/\/www.primerbrief.com\/index.php?rest_route=\/wp\/v2\/types\/post"}],"author":[{"embeddable":true,"href":"https:\/\/www.primerbrief.com\/index.php?rest_route=\/wp\/v2\/users\/16"}],"replies":[{"embeddable":true,"href":"https:\/\/www.primerbrief.com\/index.php?rest_route=%2Fwp%2Fv2%2Fcomments&post=31790"}],"version-history":[{"count":5,"href":"https:\/\/www.primerbrief.com\/index.php?rest_route=\/wp\/v2\/posts\/31790\/revisions"}],"predecessor-version":[{"id":31809,"href":"https:\/\/www.primerbrief.com\/index.php?rest_route=\/wp\/v2\/posts\/31790\/revisions\/31809"}],"wp:featuredmedia":[{"embeddable":true,"href":"https:\/\/www.primerbrief.com\/index.php?rest_route=\/wp\/v2\/media\/31793"}],"wp:attachment":[{"href":"https:\/\/www.primerbrief.com\/index.php?rest_route=%2Fwp%2Fv2%2Fmedia&parent=31790"}],"wp:term":[{"taxonomy":"category","embeddable":true,"href":"https:\/\/www.primerbrief.com\/index.php?rest_route=%2Fwp%2Fv2%2Fcategories&post=31790"},{"taxonomy":"post_tag","embeddable":true,"href":"https:\/\/www.primerbrief.com\/index.php?rest_route=%2Fwp%2Fv2%2Ftags&post=31790"}],"curies":[{"name":"wp","href":"https:\/\/api.w.org\/{rel}","templated":true}]}}