{"id":3270,"date":"2011-09-26T04:01:33","date_gmt":"2011-09-26T07:01:33","guid":{"rendered":"http:\/\/www.primerbrief.com\/?p=3270"},"modified":"2011-09-26T00:19:38","modified_gmt":"2011-09-26T03:19:38","slug":"las-charlas-de-complot-online-desde-este-viernes","status":"publish","type":"post","link":"https:\/\/www.primerbrief.com\/?p=3270","title":{"rendered":"Las Charlas de Complot, online desde este viernes"},"content":{"rendered":"<p><span style=\"font-size: 11pt\"><strong>(ESPA\u00d1A) &#8211; La escuela de creativos que comandan Dan Peisajovich e Yvonne Gindre retoma este 30 de septiembre sus tradicionales <em>charlas presenciales<\/em>, con un agregado diferenciador: desde ahora, todas las presentaciones podr\u00e1n ser seguidas en vivo por internet. La primera charla con esa modalidad la brindar\u00e1 el argentino Fernando Barbella, director creativo y experiencial mudado este a\u00f1o a Barcelona.<\/strong><\/span><\/p>\n<p><iframe loading=\"lazy\" src=\"http:\/\/player.vimeo.com\/video\/29138661?title=0&amp;byline=0&amp;portrait=0\" width=\"580\" height=\"326\" frameborder=\"0\" webkitAllowFullScreen allowFullScreen><\/iframe><br \/>\n<em>El video completo (de 57 minutos de duraci\u00f3n) de la \u00faltima charla ofrecida en Complot, en este caso por Helena Marzo (directora creativa de JWT) y Marc Crehuet (guionista y director de \u00abPop R\u00e0pid\u00bb), quienes titularon su presentaci\u00f3n \u00abDime qu\u00e9 ves y te dir\u00e9 qui\u00e9n eres: las series en las redes sociales\u00bb. Presenta Dan Peisajovich.<\/em><\/p>\n<p>La escuela de creativos Complot anunci\u00f3 la semana pasada que, desde este viernes 30, las charlas mensuales que se realizan en su sede de Barcelona podr\u00e1n seguirse en vivo por la web, en la direcci\u00f3n <a href=\"http:\/\/www.tenemosunplan.com\/las-charlas\" onclick=\"_gaq.push(['_trackEvent', 'outbound-article', 'http:\/\/www.tenemosunplan.com\/las-charlas', 'www.tenemosunplan.com\/las-charlas']);\" target=\"_blank\">www.tenemosunplan.com\/las-charlas<\/a>.<\/p>\n<p>\u00abNuestras charlas son, desde hace seis a\u00f1os, una excusa para encontrarnos con los mejores creativos del sector, descubrir los secretos de su trabajo y disfrutar aprendiendo mientras hacemos un poco de networking \u2014explican en la escuela\u2014. Hasta hoy se realizaban en nuestro espacio de Barcelona, pero desde ahora, adem\u00e1s, las compartiremos con todos vosotros de manera online, el \u00faltimo viernes de cada mes y tendr\u00e1 diferentes modalidades de participaci\u00f3n: <strong>presencial<\/strong> (un grupo reducido de personas podr\u00e1 venir a la escuela el d\u00eda de la charla a participar del encuentro, que incluye, al finalizar la conferencia, un espacio de networking con cervezas gratis y algunos regalos), <strong>online en directo<\/strong> (ver\u00e1s y escuchar\u00e1s la charla en vivo, y podr\u00e1s participar desde tu casa haciendo preguntas o comentarios al ponente a trav\u00e9s de Facebook y Twitter) y <strong>online en diferido<\/strong> (podr\u00e1s ver todas las charlas pasadas en nuestro archivo de v\u00eddeos)\u00bb.<\/p>\n<p>Complot agrega que, para acceder a cualquiera de los primeros dos casos, lo necesario ser\u00e1 que los aspirantes se apunten al <a href=\"http:\/\/www.tenemosunplan.com\/newsletter-inscripcion\" onclick=\"_gaq.push(['_trackEvent', 'outbound-article', 'http:\/\/www.tenemosunplan.com\/newsletter-inscripcion', 'newsletter de la escuela']);\" target=\"_blank\">newsletter de la escuela<\/a>: eso les permitir\u00e1 recibir una clave de acceso para cada charla.<\/p>\n<p>El primer invitado, el argentino Fernando Barbella, trabaj\u00f3 en Ogilvy Buenos Aires (con distintas responsabilidades, algunas de ellas de alcance regional) entre abril de 2000 y noviembre de 2007, y en BBDO Buenos Aires entre noviembre de 2007 y julio de este a\u00f1o, cuando se traslad\u00f3 a Barcelona.<\/p>\n","protected":false},"excerpt":{"rendered":"<p>(ESPA\u00d1A) &#8211; La escuela de creativos que comandan Dan Peisajovich e Yvonne Gindre retoma este 30 de septiembre sus tradicionales charlas presenciales, con un agregado diferenciador: desde ahora, todas las presentaciones podr\u00e1n ser seguidas en vivo por internet. La primera charla con esa modalidad la brindar\u00e1 el argentino Fernando Barbella, director creativo y experiencial mudado este a\u00f1o a Barcelona. El [&hellip;]<\/p>\n","protected":false},"author":3,"featured_media":3272,"comment_status":"open","ping_status":"open","sticky":false,"template":"","format":"standard","meta":{"footnotes":""},"categories":[5],"tags":[442,444,48,443,445],"class_list":["post-3270","post","type-post","status-publish","format-standard","has-post-thumbnail","hentry","category-lugares-de-estudio","tag-complot-escuela-de-creativos-espana","tag-dan-peisajovich-argentina","tag-espana","tag-fernando-barbella-argentina","tag-yvonne-gindre-argentina"],"_links":{"self":[{"href":"https:\/\/www.primerbrief.com\/index.php?rest_route=\/wp\/v2\/posts\/3270","targetHints":{"allow":["GET"]}}],"collection":[{"href":"https:\/\/www.primerbrief.com\/index.php?rest_route=\/wp\/v2\/posts"}],"about":[{"href":"https:\/\/www.primerbrief.com\/index.php?rest_route=\/wp\/v2\/types\/post"}],"author":[{"embeddable":true,"href":"https:\/\/www.primerbrief.com\/index.php?rest_route=\/wp\/v2\/users\/3"}],"replies":[{"embeddable":true,"href":"https:\/\/www.primerbrief.com\/index.php?rest_route=%2Fwp%2Fv2%2Fcomments&post=3270"}],"version-history":[{"count":4,"href":"https:\/\/www.primerbrief.com\/index.php?rest_route=\/wp\/v2\/posts\/3270\/revisions"}],"predecessor-version":[{"id":3277,"href":"https:\/\/www.primerbrief.com\/index.php?rest_route=\/wp\/v2\/posts\/3270\/revisions\/3277"}],"wp:featuredmedia":[{"embeddable":true,"href":"https:\/\/www.primerbrief.com\/index.php?rest_route=\/wp\/v2\/media\/3272"}],"wp:attachment":[{"href":"https:\/\/www.primerbrief.com\/index.php?rest_route=%2Fwp%2Fv2%2Fmedia&parent=3270"}],"wp:term":[{"taxonomy":"category","embeddable":true,"href":"https:\/\/www.primerbrief.com\/index.php?rest_route=%2Fwp%2Fv2%2Fcategories&post=3270"},{"taxonomy":"post_tag","embeddable":true,"href":"https:\/\/www.primerbrief.com\/index.php?rest_route=%2Fwp%2Fv2%2Ftags&post=3270"}],"curies":[{"name":"wp","href":"https:\/\/api.w.org\/{rel}","templated":true}]}}