{"id":32994,"date":"2016-05-12T03:59:24","date_gmt":"2016-05-12T06:59:24","guid":{"rendered":"http:\/\/www.primerbrief.com\/?p=32994"},"modified":"2016-06-07T18:58:07","modified_gmt":"2016-06-07T21:58:07","slug":"llega-un-curso-sobre-dibujo-animado-argentino-con-raul-marupe","status":"publish","type":"post","link":"https:\/\/www.primerbrief.com\/?p=32994","title":{"rendered":"Llega un curso sobre dibujo animado argentino con Ra\u00fal Manrupe"},"content":{"rendered":"<p><span style=\"font-size: 11pt;\"><strong>(ARGENTINA) &#8211; El director creativo, docente, cineasta e historiador ense\u00f1ar\u00e1 desde la semana pr\u00f3xima todo sobre la tradici\u00f3n argentina del dibujo animado, desde sus inicios a principios del siglo XX, hasta la actualidad con cortos multipremiados en el mundo. PRIMER BRIEF se reuni\u00f3 con \u00e9l para conocer m\u00e1s del curso antes de pasar a una conversaci\u00f3n sobre la actualidad del rubro, que ofrece cada vez m\u00e1s oportunidades a estudiantes de arte para trabajar y triunfar con este tipo de proyectos.<\/strong><\/span><\/p>\n<p><a href=\"http:\/\/www.primerbrief.com\/wp-content\/uploads\/2016\/05\/ARG-Raul-Manrupe-GR.jpg\" onclick=\"_gaq.push(['_trackEvent', 'outbound-article-int', 'http:\/\/www.primerbrief.com\/wp-content\/uploads\/2016\/05\/ARG-Raul-Manrupe-GR.jpg', '']);\"  rel=\"attachment wp-att-32997\"><img loading=\"lazy\" decoding=\"async\" src=\"http:\/\/www.primerbrief.com\/wp-content\/uploads\/2016\/05\/ARG-Raul-Manrupe-580.jpg\" alt=\"ARG-Raul-Manrupe-580\" width=\"580\" height=\"290\" class=\"alignleft size-full wp-image-32997\" srcset=\"https:\/\/www.primerbrief.com\/wp-content\/uploads\/2016\/05\/ARG-Raul-Manrupe-580.jpg 580w, https:\/\/www.primerbrief.com\/wp-content\/uploads\/2016\/05\/ARG-Raul-Manrupe-580-300x150.jpg 300w\" sizes=\"auto, (max-width: 580px) 100vw, 580px\" \/><\/a><br \/>\n<em>Ra\u00fal Manrupe estar\u00e1 al frente del curso de dibujo animado argentino en UNTREF.<\/em><\/p>\n<p><a href=\"http:\/\/www.primerbrief.com\/wp-content\/uploads\/2014\/10\/ARG-JoseEscanes-PorOkiGuzman-GR.jpg\" onclick=\"_gaq.push(['_trackEvent', 'outbound-article-int', 'http:\/\/www.primerbrief.com\/wp-content\/uploads\/2014\/10\/ARG-JoseEscanes-PorOkiGuzman-GR.jpg', '']);\" target=\"_blank\"><img loading=\"lazy\" decoding=\"async\" src=\"http:\/\/www.primerbrief.com\/wp-content\/uploads\/2014\/10\/ARG-JoseEscanes-PorOkiGuzman-60x60px.jpg\" width=\"60\" height=\"60\" class=\"alignleft size-full wp-image-4110\" style=\"margin: 0px 10px 0px 0px\" \/><\/a><strong>POR <a href=\"http:\/\/www.primerbrief.com\/?tag=jose-escanes-argentina\" onclick=\"_gaq.push(['_trackEvent', 'outbound-article-int', 'http:\/\/www.primerbrief.com\/?tag=jose-escanes-argentina', 'JOS\u00c9 ESCAN\u00c9S']);\" target=\"_blank\">JOS\u00c9 ESCAN\u00c9S<\/a><\/strong><br \/>\n<em>Redactor PB<br \/>\n(Fotos de la nota: Gentileza Ra\u00fal Manrupe)<\/em> <\/p>\n<p style=\"clear:left;\">\n<p>Al charlar con Ra\u00fal Manrupe nos damos cuenta que el caf\u00e9 que pedimos deb\u00eda ser doble. La conversaci\u00f3n termina siendo m\u00e1s larga de lo esperada, pero no por eso menos enriquecedora. L\u00f3gico, si recordamos que sus a\u00f1os de trabajo e investigaci\u00f3n lo han hecho un gran conocedor de la industria publicitaria y cinematogr\u00e1fica. De hecho, \u00bfquien m\u00e1s ha escrito un diccionario de films argentinos, que ya va por su cuarto tomo?<\/p>\n<p>A solo unas semanas de seleccionar y proyectar una serie de cl\u00e1sicos spots televisivos en el prestigioso festival de cine BAFICI (Dato Manrupe: \u00abEn la d\u00e9cada del 60 se filmaban entre 2000 y 3000 comerciales al a\u00f1o para los cuatro canales que hab\u00eda\u00bb), se prepara para mostrar material que hemos visto anteriormente, para que esta vez lo observemos: Las historias y personajes del dibujo animado argentino. Los grandes autores como Garc\u00eda Ferr\u00e9, los que de a poco est\u00e1n construyendo su nombre y los que no conoc\u00edamos ser\u00e1n los protagonistas de este nuevo curso en la Universidad Tres de Febrero, al que todav\u00eda te pod\u00e9s anotar. Pero antes, llamemos al mozo por otro cortado y veamos qu\u00e9 m\u00e1s nos cuenta Ra\u00fal.<\/p>\n<p><strong>\u2014\u00bfCu\u00e1l ha sido tu recorrido profesional?<\/strong><br \/>\n\u2014Soy director creativo, esencialmente. Estudi\u00e9 Comunicaci\u00f3n Social en la USAL, y luego hice la carrera de redactor y luego de director creativo en agencias como McCann, Ogilvy, Gowland y otras m\u00e1s. Tambi\u00e9n soy realizador de documentales, de un largo y ocasionalmente de comerciales. Hace unos a\u00f1os adem\u00e1s me dedico a la gesti\u00f3n cultural, coordinando la parte de Cine y Video en el Centro Cultural Rojas, y revisando los archivos de publicidad de los laboratorios Sadex en el Museo del Cine. Me dedico mucho a los archivos porque tenemos una <em>fanpage<\/em> que es <a href=\"https:\/\/www.facebook.com\/HistoriaDeLaPublicidad\/\" onclick=\"_gaq.push(['_trackEvent', 'outbound-article', 'https:\/\/www.facebook.com\/HistoriaDeLaPublicidad\/', 'Historia de la Publicidad']);\"  target=\"_blank\">Historia de la Publicidad<\/a>, donde rescatamos material de lo mejor de creatividad argentina de todas las \u00e9pocas.<\/p>\n<p><a href=\"https:\/\/www.facebook.com\/HistoriaDeLaPublicidad\/photos\/pb.103802879732025.-2207520000.1463060356.\/877352585710380\/?type=3&amp;theater\" onclick=\"_gaq.push(['_trackEvent', 'outbound-article', 'https:\/\/www.facebook.com\/HistoriaDeLaPublicidad\/photos\/pb.103802879732025.-2207520000.1463060356.\/877352585710380\/?type=3&amp;theater', '']);\"  rel=\"attachment wp-att-33000\"><img loading=\"lazy\" decoding=\"async\" src=\"http:\/\/www.primerbrief.com\/wp-content\/uploads\/2016\/05\/ARG-Aviso-Colgate-Standard-Publicidad-580.jpg\" alt=\"ARG-Aviso-Colgate-Standard-Publicidad-580\" width=\"580\" height=\"290\" class=\"alignleft size-full wp-image-33000\" srcset=\"https:\/\/www.primerbrief.com\/wp-content\/uploads\/2016\/05\/ARG-Aviso-Colgate-Standard-Publicidad-580.jpg 580w, https:\/\/www.primerbrief.com\/wp-content\/uploads\/2016\/05\/ARG-Aviso-Colgate-Standard-Publicidad-580-300x150.jpg 300w\" sizes=\"auto, (max-width: 580px) 100vw, 580px\" \/><\/a><br \/>\n<em>Recuadro de aviso para Colgate, producido por Standard Publicidad en 1950. (Hacer click para ver completo en la p\u00e1gina Historia de la Publicidad.<\/em><\/p>\n<p><strong>\u2014\u00bfY luego como docente?<\/strong><br \/>\n\u2014Desde hace a\u00f1os he ense\u00f1ado en la AAP, donde llegu\u00e9 a coordinar la carrera de Redacci\u00f3n. Tambi\u00e9n pas\u00e9 por la Escuela Superior de Creativos, por el Centro Cultural Rojas donde dimos cursos de cine, por empresas como HBO o Warner Channel con cursos de creatividad para los productores y los editores. Actualmente estoy en la Universidad Tres de Febrero, donde ahora vamos a empezar con dibujo animado argentino, que creci\u00f3 mucho en los \u00faltimos a\u00f1os y nos dio mucho conocimiento para compartir.<\/p>\n<p><strong>\u2014\u00bfC\u00f3mo surgi\u00f3 la idea de dar estas clases?<\/strong><br \/>\n\u2014Es uno de los temas que siempre me gustaron como investigador. Naci\u00f3 de un curso que di una vez en Centro Cultural Rojas. Observ\u00e9 que no hab\u00eda demasiados libros o clases al respecto, y como soy conocedor y no formo parte de ese establishment, pod\u00eda hablar de \u00e9l desde afuera con un punto de vista m\u00e1s objetiva. En el curso siempre sale la pregunta \u201c\u00bfEl dibujo animado es cine?\u201d; Como el documental, que a veces no se lo ha considerado cine. Y el objetivo es demostrar que s\u00ed, mostrando lo que lo que hubo (Como <em>El ap\u00f3stol<\/em>, el primer largometraje animado del mundo, hecho en Argentina por Quirino Cristiani), que muchas veces superaba en cantidad a la producci\u00f3n en Europa, y lo que hay (Los personajes de <em>Mam\u00e1 Luchetti<\/em> o los cortos de Juan Pablo Zaramella).<\/p>\n<p><iframe loading=\"lazy\" width=\"580\" height=\"326\" src=\"https:\/\/www.youtube.com\/embed\/l7Z1VBQkdIM\" frameborder=\"0\" allowfullscreen><\/iframe><br \/>\n<em>El corto Luminaris, del director y animador Juan Pablo Zaramella, recibi\u00f3 m\u00e1s de 300 premios a nivel internacional e interes\u00f3 a los productores del mundo en la producci\u00f3n animada en Argentina.<\/em><\/p>\n<p><strong>\u2014Muchas veces contenido que por ser animado es considerado infantil y dejado de lado, cuando en realidad hay una buena historia o t\u00e9cnicas interesantes.<\/strong><br \/>\n\u2014Hay un preconcepto que evita que la gente aprecie eso. Pero <em>El viaje del Chihiro<\/em>, <em>Las Trillizas de Belleville<\/em> o <em>El Ilusionista<\/em> se han pasado en el cine y llevan gente. Estoy seguro que cuando hagamos pel\u00edculas as\u00ed la gente le va a dar m\u00e1s importancia.<\/p>\n<p><strong>\u2014Ya que siempre se puede analizar el momento de un pa\u00eds o un autor con una producci\u00f3n animada, como con cualquier cosa que se haga.<\/strong><br \/>\n\u2014Y que tambi\u00e9n convoque tanta gente como <em>Anomalisa<\/em>, pero que sea argentina. Falta ese detalle de darle tanta profundidad y guion a un dibujo como la animaci\u00f3n misma. De armar un equipo poco tradicional para los dibujos animados donde un buen guionista tenga tanto peso como los animadores. Hay mucho por recorrer a nivel experimentaci\u00f3n, y hoy que se puede, estar\u00eda bueno hacerlo.<\/p>\n<p><strong>\u2014Mir\u00e1 si entre los alumnos hay un entusiasta que haga la pel\u00edcula que estamos esperando.<\/strong><br \/>\n\u2014\u00a1Ojal\u00e1! Ahora hay una apertura mayor a estudiar animaci\u00f3n e incorporarla a todo tipo de pel\u00edculas. En su momento Campanella, que no es animador ni dibujante, decidi\u00f3 hacer <em>Metegol<\/em>. Ya que es un aprendizaje que se da sobre la marcha, podemos empezar a poner en funcionamiento todo el arte que hay ac\u00e1.<\/p>\n<p><strong>\u2014Para cerrar, \u00bfqu\u00e9 crees que es lo m\u00e1s importante que se puede llevar un estudiante del seminario?<\/strong><br \/>\n\u2014Creo que se van a asombrar. Van a poder contemplar al dibujo animado como una herramienta fuerte de comunicar, que te permite hacer cosas que la acci\u00f3n en vivo no. Segundo, conocer m\u00e1s de nuestras ra\u00edces, que me parece muy importante. Conocer qui\u00e9nes fueron los primeros pioneros, y tambi\u00e9n a los que est\u00e1n innovando ahora, en dise\u00f1o para video juegos por ejemplo. Hay una nueva ola de realizadores audaces y mucho para hacer, as\u00ed que espero que se animen a hacerlo (Risas).<\/p>\n<p><a href=\"http:\/\/www.primerbrief.com\/wp-content\/uploads\/2016\/05\/ARG-Raul-Manrupe-Seminario-Dibujo-Animado-Argentino-GR.jpg\" onclick=\"_gaq.push(['_trackEvent', 'outbound-article-int', 'http:\/\/www.primerbrief.com\/wp-content\/uploads\/2016\/05\/ARG-Raul-Manrupe-Seminario-Dibujo-Animado-Argentino-GR.jpg', '']);\"  rel=\"attachment wp-att-32995\"><img loading=\"lazy\" decoding=\"async\" src=\"http:\/\/www.primerbrief.com\/wp-content\/uploads\/2016\/05\/ARG-Raul-Manrupe-Seminario-Dibujo-Animado-Argentino-580.jpg\" alt=\"ARG-Raul-Manrupe-Seminario-Dibujo-Animado-Argentino-580\" width=\"580\" height=\"290\" class=\"alignleft size-full wp-image-32995\" srcset=\"https:\/\/www.primerbrief.com\/wp-content\/uploads\/2016\/05\/ARG-Raul-Manrupe-Seminario-Dibujo-Animado-Argentino-580.jpg 580w, https:\/\/www.primerbrief.com\/wp-content\/uploads\/2016\/05\/ARG-Raul-Manrupe-Seminario-Dibujo-Animado-Argentino-580-300x150.jpg 300w\" sizes=\"auto, (max-width: 580px) 100vw, 580px\" \/><\/a><br \/>\n<em>Un vistazo a varios ejemplos que se presentar\u00e1n en el curso.<\/em><\/p>\n<p>Para sumarte al curso de dibujo animado argentino pod\u00e9s ponerte en contacto con <a href=\"mailto:maestriaenperiodismodocumental@untref.edu.ar\n\" onclick=\"_gaq.push(['_trackEvent','mailto','maestriaenperiodismodocumental@untref.edu.ar\n']);\" >maestriaenperiodismodocumental@untref.edu.ar<\/a> o <a href=\"mailto:laie@untref.edu.ar\" onclick=\"_gaq.push(['_trackEvent','mailto','laie@untref.edu.ar']);\" >laie@untref.edu.ar<\/a>. Cuatro clases sobre presente, historia y perspectivas a cargo de Ra\u00fal Manrupe, empezando este lunes 16 de mayo. \u00a1Apurate!<\/p>\n<p>&nbsp;<br \/>\n&nbsp;<\/p>\n","protected":false},"excerpt":{"rendered":"<p>(ARGENTINA) &#8211; El director creativo, docente, cineasta e historiador ense\u00f1ar\u00e1 desde la semana pr\u00f3xima todo sobre la tradici\u00f3n argentina del dibujo animado, desde sus inicios a principios del siglo XX, hasta la actualidad con cortos multipremiados en el mundo. PRIMER BRIEF se reuni\u00f3 con \u00e9l para conocer m\u00e1s del curso antes de pasar a una conversaci\u00f3n sobre la actualidad del [&hellip;]<\/p>\n","protected":false},"author":16,"featured_media":32998,"comment_status":"open","ping_status":"open","sticky":false,"template":"","format":"standard","meta":{"footnotes":""},"categories":[144],"tags":[26,1366,4608],"class_list":["post-32994","post","type-post","status-publish","format-standard","has-post-thumbnail","hentry","category-artes-visuales","tag-argentina","tag-raul-manrupe-argentina","tag-universidad-tres-de-febrero-argentina"],"_links":{"self":[{"href":"https:\/\/www.primerbrief.com\/index.php?rest_route=\/wp\/v2\/posts\/32994","targetHints":{"allow":["GET"]}}],"collection":[{"href":"https:\/\/www.primerbrief.com\/index.php?rest_route=\/wp\/v2\/posts"}],"about":[{"href":"https:\/\/www.primerbrief.com\/index.php?rest_route=\/wp\/v2\/types\/post"}],"author":[{"embeddable":true,"href":"https:\/\/www.primerbrief.com\/index.php?rest_route=\/wp\/v2\/users\/16"}],"replies":[{"embeddable":true,"href":"https:\/\/www.primerbrief.com\/index.php?rest_route=%2Fwp%2Fv2%2Fcomments&post=32994"}],"version-history":[{"count":6,"href":"https:\/\/www.primerbrief.com\/index.php?rest_route=\/wp\/v2\/posts\/32994\/revisions"}],"predecessor-version":[{"id":33333,"href":"https:\/\/www.primerbrief.com\/index.php?rest_route=\/wp\/v2\/posts\/32994\/revisions\/33333"}],"wp:featuredmedia":[{"embeddable":true,"href":"https:\/\/www.primerbrief.com\/index.php?rest_route=\/wp\/v2\/media\/32998"}],"wp:attachment":[{"href":"https:\/\/www.primerbrief.com\/index.php?rest_route=%2Fwp%2Fv2%2Fmedia&parent=32994"}],"wp:term":[{"taxonomy":"category","embeddable":true,"href":"https:\/\/www.primerbrief.com\/index.php?rest_route=%2Fwp%2Fv2%2Fcategories&post=32994"},{"taxonomy":"post_tag","embeddable":true,"href":"https:\/\/www.primerbrief.com\/index.php?rest_route=%2Fwp%2Fv2%2Ftags&post=32994"}],"curies":[{"name":"wp","href":"https:\/\/api.w.org\/{rel}","templated":true}]}}