{"id":33708,"date":"2016-06-23T03:58:12","date_gmt":"2016-06-23T06:58:12","guid":{"rendered":"http:\/\/www.primerbrief.com\/?p=33708"},"modified":"2016-07-24T07:34:16","modified_gmt":"2016-07-24T10:34:16","slug":"cada-vez-falta-menos-para-brother-nordelta-vos-ya-te-anotaste","status":"publish","type":"post","link":"https:\/\/www.primerbrief.com\/?p=33708","title":{"rendered":"Cada vez falta menos para Brother Nordelta. \u00bfVos ya te anotaste?"},"content":{"rendered":"<p><span style=\"font-size: 11pt;\"><strong>(ARGENTINA) &#8211; Queda poco m\u00e1s de un mes para que arranque todo en la nueva sede argentina de la escuela de creativos ganadora en Cannes, Clio y cinco veces consecutivas elegida escuela del a\u00f1o por el C\u00edrculo de Creativos Argentinos. Ubicada en la zona norte de Buenos Aires, contar\u00e1 con un staff de creativos de agencia multipremiados como profesores. Antes de su apertura, ofrecer\u00e1 una charla abierta a la que te pod\u00e9s inscribir, antes de asegurar tu lugar en sus aulas.<\/strong><\/span><\/p>\n<p><a href=\"http:\/\/www.primerbrief.com\/wp-content\/uploads\/2016\/05\/ARG-Brother-Nordelta-Logo-GR.jpg\" onclick=\"_gaq.push(['_trackEvent', 'outbound-article-int', 'http:\/\/www.primerbrief.com\/wp-content\/uploads\/2016\/05\/ARG-Brother-Nordelta-Logo-GR.jpg', '']);\"  rel=\"attachment wp-att-32875\"><img loading=\"lazy\" decoding=\"async\" src=\"http:\/\/www.primerbrief.com\/wp-content\/uploads\/2016\/05\/ARG-Brother-Nordelta-Logo-580.jpg\" alt=\"ARG-Brother-Nordelta-Logo-580\" width=\"580\" height=\"290\" class=\"alignleft size-full wp-image-32875\" srcset=\"https:\/\/www.primerbrief.com\/wp-content\/uploads\/2016\/05\/ARG-Brother-Nordelta-Logo-580.jpg 580w, https:\/\/www.primerbrief.com\/wp-content\/uploads\/2016\/05\/ARG-Brother-Nordelta-Logo-580-300x150.jpg 300w\" sizes=\"auto, (max-width: 580px) 100vw, 580px\" \/><\/a><br \/>\n<em>El segundo lunes de agosto, Brother Nordelta empezar\u00e1 sus clases oficialmente.<\/em><\/p>\n<p>\u00bfTe contaron de Brother Nordelta y quer\u00edas saber qu\u00e9 tiene preparada la nueva sede de la escuela mundial de creativos? Aguant\u00e1 hasta fin de mes y averigualo.<\/p>\n<p>Previo a su apertura, la escuela invita a los interesados a una clase abierta el mi\u00e9rcoles 13 de julio a las 20 en el SUM del Centro Comercial Nordelta,  dictada por sus profesores Juan Rezz\u00f3nico, director general creativo en Murra, director Acad\u00e9mico Global en Brother y profesor de Redacci\u00f3n \/ Conceptualizaci\u00f3n; Dami\u00e1n Mart\u00ednez \u2013 director creativo en Wunderman y profesor de Creatividad Digital; Cristo Oviedo, Head of Art y director general creativo en Freestyle y profesor de Direcci\u00f3n de Arte \/ Craft; y Juan Etchegaray, creativo de innovaci\u00f3n en Ogilvy &#038; Mother y profesor de Innovaci\u00f3n y Tecnolog\u00eda.<\/p>\n<p>Brother en la Ciudad de Buenos Aires. Brother es la escuela de creativos m\u00e1s premiada del mundo y 5 veces consecutivas elegida \u201cEscuela del A\u00f1o\u201d por el C\u00edrculo de Creativos Argentinos, ganadora en Cannes Lions y Clio Awards fue fundada hace m\u00e1s de 15 a\u00f1os y tiene sedes en 17 ciudades del mundo. Hoy no s\u00f3lo es una escuela de creatividad, tambi\u00e9n de publicidad, negocios, tecnolog\u00eda, innovaci\u00f3n, arte y dise\u00f1o. Pero todo junto. Para reservar tu lugar en la clase abierta o inscribirte desde ya en el curso de cinco meses en Nordelta, entr\u00e1 en <a href=\"http:\/\/www.brotherad.com\" onclick=\"_gaq.push(['_trackEvent', 'outbound-article', 'http:\/\/www.brotherad.com', 'www.brotherad.com']);\"  target=\"_blank\">www.brotherad.com<\/a> o escrib\u00ed a <a href=\"mailto:latinoamerica@brotherad.com\" onclick=\"_gaq.push(['_trackEvent','mailto','latinoamerica@brotherad.com']);\" >latinoamerica@brotherad.com<\/a>, <a href=\"mailto:buenosaires@brotherad.com\" onclick=\"_gaq.push(['_trackEvent','mailto','buenosaires@brotherad.com']);\" >buenosaires@brotherad.com<\/a> o <a href=\"mailto:comercialbro@brotherad.com\" onclick=\"_gaq.push(['_trackEvent','mailto','comercialbro@brotherad.com']);\" >comercialbro@brotherad.com<\/a>.<\/p>\n<p><a href=\"http:\/\/www.primerbrief.com\/wp-content\/uploads\/2016\/06\/ARG-Brother-Nordelta-Flyer-Nuevo-GR.jpg\" onclick=\"_gaq.push(['_trackEvent', 'outbound-article-int', 'http:\/\/www.primerbrief.com\/wp-content\/uploads\/2016\/06\/ARG-Brother-Nordelta-Flyer-Nuevo-GR.jpg', '']);\" ><img loading=\"lazy\" decoding=\"async\" src=\"http:\/\/www.primerbrief.com\/wp-content\/uploads\/2016\/06\/ARG-brother-nordelta-flyer-nuevo-580px.jpg\" alt=\"ARG-brother-nordelta-flyer-nuevo-580px\" width=\"580\" height=\"554\" class=\"alignleft size-full wp-image-33758\" srcset=\"https:\/\/www.primerbrief.com\/wp-content\/uploads\/2016\/06\/ARG-brother-nordelta-flyer-nuevo-580px.jpg 580w, https:\/\/www.primerbrief.com\/wp-content\/uploads\/2016\/06\/ARG-brother-nordelta-flyer-nuevo-580px-300x287.jpg 300w\" sizes=\"auto, (max-width: 580px) 100vw, 580px\" \/><\/a><br \/>\n<em>Un flyer nuevo de la serie que Brother realiz\u00f3 para su nueva escuela.<\/em><\/p>\n<p>&nbsp;<br \/>\n&nbsp;<\/p>\n","protected":false},"excerpt":{"rendered":"<p>(ARGENTINA) &#8211; Queda poco m\u00e1s de un mes para que arranque todo en la nueva sede argentina de la escuela de creativos ganadora en Cannes, Clio y cinco veces consecutivas elegida escuela del a\u00f1o por el C\u00edrculo de Creativos Argentinos. Ubicada en la zona norte de Buenos Aires, contar\u00e1 con un staff de creativos de agencia multipremiados como profesores. Antes [&hellip;]<\/p>\n","protected":false},"author":16,"featured_media":32879,"comment_status":"open","ping_status":"open","sticky":false,"template":"","format":"standard","meta":{"footnotes":""},"categories":[5],"tags":[26,1032,4596,1875,3450,2042,860],"class_list":["post-33708","post","type-post","status-publish","format-standard","has-post-thumbnail","hentry","category-lugares-de-estudio","tag-argentina","tag-brother","tag-brother-nordelta-argentina","tag-cristo-oviedo-argentina","tag-damian-martinez-argentina","tag-juan-etchegaray-argentina","tag-juan-rezzonico-argentina"],"_links":{"self":[{"href":"https:\/\/www.primerbrief.com\/index.php?rest_route=\/wp\/v2\/posts\/33708","targetHints":{"allow":["GET"]}}],"collection":[{"href":"https:\/\/www.primerbrief.com\/index.php?rest_route=\/wp\/v2\/posts"}],"about":[{"href":"https:\/\/www.primerbrief.com\/index.php?rest_route=\/wp\/v2\/types\/post"}],"author":[{"embeddable":true,"href":"https:\/\/www.primerbrief.com\/index.php?rest_route=\/wp\/v2\/users\/16"}],"replies":[{"embeddable":true,"href":"https:\/\/www.primerbrief.com\/index.php?rest_route=%2Fwp%2Fv2%2Fcomments&post=33708"}],"version-history":[{"count":4,"href":"https:\/\/www.primerbrief.com\/index.php?rest_route=\/wp\/v2\/posts\/33708\/revisions"}],"predecessor-version":[{"id":34336,"href":"https:\/\/www.primerbrief.com\/index.php?rest_route=\/wp\/v2\/posts\/33708\/revisions\/34336"}],"wp:featuredmedia":[{"embeddable":true,"href":"https:\/\/www.primerbrief.com\/index.php?rest_route=\/wp\/v2\/media\/32879"}],"wp:attachment":[{"href":"https:\/\/www.primerbrief.com\/index.php?rest_route=%2Fwp%2Fv2%2Fmedia&parent=33708"}],"wp:term":[{"taxonomy":"category","embeddable":true,"href":"https:\/\/www.primerbrief.com\/index.php?rest_route=%2Fwp%2Fv2%2Fcategories&post=33708"},{"taxonomy":"post_tag","embeddable":true,"href":"https:\/\/www.primerbrief.com\/index.php?rest_route=%2Fwp%2Fv2%2Ftags&post=33708"}],"curies":[{"name":"wp","href":"https:\/\/api.w.org\/{rel}","templated":true}]}}