{"id":34050,"date":"2016-07-07T03:58:09","date_gmt":"2016-07-07T06:58:09","guid":{"rendered":"http:\/\/www.primerbrief.com\/?p=34050"},"modified":"2016-07-07T04:43:53","modified_gmt":"2016-07-07T07:43:53","slug":"cerebro-yo-te-voy-a-usar-a-vos-no-vos-a-mi-por-chechu-perez","status":"publish","type":"post","link":"https:\/\/www.primerbrief.com\/?p=34050","title":{"rendered":"Cerebro: yo te voy a usar a vos; no vos a m\u00ed, por Chechu P\u00e9rez"},"content":{"rendered":"<p><span style=\"font-size: 11pt;\"><strong>(ARGENTINA) \u2013 Hoy Chechu se mete de cabeza, adentro de tu cabeza, y te anima a que te tires a la pileta (de cabeza, obvio). Columnista de PB y creadora del proyecto <a href=\"http:\/\/402ce1nf151l4q1bt7dryrqlxn.hop.clickbank.net\/\" onclick=\"_gaq.push(['_trackEvent', 'outbound-article', 'http:\/\/402ce1nf151l4q1bt7dryrqlxn.hop.clickbank.net\/', 'Coach del Creativo Publicitario']);\"  target=\"_blank\">Coach del Creativo Publicitario<\/a>, Cecilia P\u00e9rez es redactora y ostenta una carrera que desde 2005 incluye el paso por ADN, Dentsu y Young &amp; Rubicam, m\u00e1s algunos premios como un le\u00f3n de Cannes en 2011 y premios en El Ojo de Iberoam\u00e9rica y en el FIAP en 2012.<\/strong><\/span><\/p>\n<p>&nbsp;<br \/>\n<iframe loading=\"lazy\" width=\"560\" height=\"315\" src=\"https:\/\/www.youtube.com\/embed\/DcThbUYK3f0\" frameborder=\"0\" allowfullscreen><\/iframe><br \/>\n<em>Primer parte de una de las tant\u00edsimas \u2014e interesant\u00edsimas\u2014 conferencias del ya famoso &#8216;entrenador de cerebros&#8217; Estanislao Bachrach, en la que explica como se comporta nuestra mente ante los cambios.<\/em><\/p>\n<p>&nbsp;<br \/>\n<a href=\"http:\/\/www.primerbrief.com\/wp-content\/uploads\/2013\/09\/foto-chechu-60x60.jpg\" onclick=\"_gaq.push(['_trackEvent', 'outbound-article-int', 'http:\/\/www.primerbrief.com\/wp-content\/uploads\/2013\/09\/foto-chechu-60x60.jpg', '']);\"  target=\"_blank\"><img loading=\"lazy\" decoding=\"async\" class=\"alignleft size-full wp-image-4110\" style=\"margin: 0px 10px 0px 0px;\" src=\"http:\/\/www.primerbrief.com\/wp-content\/uploads\/2013\/09\/foto-chechu-60x60.jpg\" alt=\"\" width=\"60\" height=\"60\" \/><\/a><strong>POR <a href=\"http:\/\/www.primerbrief.com\/?tag=chechu-perez-argentina\" onclick=\"_gaq.push(['_trackEvent', 'outbound-article-int', 'http:\/\/www.primerbrief.com\/?tag=chechu-perez-argentina', 'CHECHU P\u00c9REZ']);\"  target=\"_blank\">CHECHU P\u00c9REZ<\/a><\/strong><br \/>\nLicenciada en Publicidad por la <a href=\"http:\/\/www.uai.edu.ar\/facultades\/ciencias-de-la-comunicacion\/plan-de-estudios-I207.asp\" onclick=\"_gaq.push(['_trackEvent', 'outbound-article', 'http:\/\/www.uai.edu.ar\/facultades\/ciencias-de-la-comunicacion\/plan-de-estudios-I207.asp', 'UAI']);\"  target=\"_blank\">UAI<\/a>, tambi\u00e9n formada en <a href=\"http:\/\/www.undergroundad.com\/escuela\/\" onclick=\"_gaq.push(['_trackEvent', 'outbound-article', 'http:\/\/www.undergroundad.com\/escuela\/', 'Underground']);\"  target=\"_blank\">Underground<\/a> y en la <a href=\"http:\/\/www.escueladecreativos.com.ar\/content\/index.php\" onclick=\"_gaq.push(['_trackEvent', 'outbound-article', 'http:\/\/www.escueladecreativos.com.ar\/content\/index.php', 'Escuelita']);\"  target=\"_blank\">Escuelita<\/a><br \/>\n<em>Redacci\u00f3n especial para PB<\/em><\/p>\n<p>&nbsp;<br \/>\nEn general me encuentro con gente en la vida que sabe que escribo art\u00edculos para ayudar a estudiantes de publicidad y que ofrezco canales para responder preguntas, pero siempre me terminan diciendo lo mismo. \u201cTe iba a escribir pero al final no, me dio cosa\u201d. \u00bfQu\u00e9 es esa cosa? \u00bfDe qu\u00e9 se trata? \u00bfVerg\u00fcenza? \u00bfOrgullo? \u00bfEgo?. Bueno te cuento que, si todav\u00eda no escribiste, no sos el \u00fanico. <\/p>\n<p>Me da risa que me digan esto porque la mayor\u00eda de las veces recibo la misma respuesta una vez que toman la valent\u00eda de enviar el mail. \u201cNo sab\u00eda que ibas a responder\u201d, o cosas como \u201cNo sab\u00eda que \u00edbamos a llegar al punto de saber qu\u00e9 estoy haciendo mal (y gratis)\u201d. Y la verdad cuando algo adentro tuyo te dice que no est\u00e1s del todo bien, que tus resultados no son lo que esperabas, que no lo est\u00e1s alcanzando, no es f\u00e1cil hacerse cargo de eso.<\/p>\n<p>No es f\u00e1cil decir \u201cChe, esto no est\u00e1 bien. Voy a hacer algo distinto para cambiarlo\u201d. Es s\u00faper dif\u00edcil cambiar. El ser humano es una m\u00e1quina de quedarse en el lugar, lo dicen personas que saben de esto como Facundo Manes o Estanislao Bachrach. Parece que la cosa funciona m\u00e1s o menos as\u00ed: el cerebro trata de ahorrar la mayor energ\u00eda posible por donde sea (as\u00ed optimiza su gasto) y tiende a quedarse en el mismo lugar o hacer las mismas cosas durante mucho tiempo para no tener que gastar energ\u00eda de m\u00e1s. <\/p>\n<p>Esta explicaci\u00f3n hace l\u00f3gico el por qu\u00e9 nos cuesta tanto hacer dieta, hacer ejercicio, estudiar algo nuevo que hace rato tenemos ganas. Porque somos nuestros h\u00e1bitos y no estamos dispuestos a cambiarlos f\u00e1cilmente. Porque cuando queremos algo muchas veces lo queremos, pero no siempre estamos dispuestos a tomar las decisiones necesarias para lograrlo. Y ah\u00ed es cuando entend\u00e9s que quiz\u00e1s escribirme un mail significa reconocer que hay algo adentro tuyo de tu situaci\u00f3n actual con la que ten\u00e9s preguntas. \u00bfSab\u00e9s una cosa? Tener preguntas est\u00e1 bien.<\/p>\n<p>Si tengo que volver al momento en el que ten\u00eda preguntas pero no me animaba a hacerlas, podr\u00eda detallar de qu\u00e9 cosas no me animaba a hablar ni conmigo misma. \u00abChe, \u00bfmi sueldo no es un poco bajo con respecto a lo que ganan otros?\u00bb. \u00ab\u00bfHasta qu\u00e9 edad est\u00e1 bien que siga esperando ser un creativo exitoso?\u00bb. \u00ab\u00bfEstoy avanzando en mi carrera o s\u00f3lo estoy haciendo cambios del cliente?\u00bb \u00ab\u00bfY si quiero ser planner, qu\u00e9 onda?\u00bb \u00ab\u00bfPor d\u00f3nde <em>fucking<\/em> empiezo?\u00bb.<\/p>\n<p>Algo que aprend\u00ed en <em>coaching<\/em> y de mi mentor japon\u00e9s es que todo empieza teniendo claro el por qu\u00e9. Sin importar el dinero o las condiciones, sino la raz\u00f3n por la que est\u00e1s haciendo las cosas. Porque ese por qu\u00e9 ser\u00e1 el salvavidas cuando las cosas se pongan complicadas. Ahora tengo yo una pregunta para hacerte a vos. \u00bfCu\u00e1ntas horas al d\u00eda le est\u00e1s dedicando ahora mismo a tu \u201cpor qu\u00e9\u201d en la vida? Lo que me pasaba a m\u00ed a mis 26 a\u00f1os era que durante 16 horas al d\u00eda, yo le dedicaba mi energ\u00eda al cliente y no a mi por qu\u00e9 en la vida. Sab\u00eda que algo dentro m\u00edo no cerraba, pero no sab\u00eda bien qu\u00e9 era. Y segu\u00eda todos lunes como siempre esperando que coordinaci\u00f3n me asigne una nueva orden, que el director creativo me apruebe los caminos o que mi dupla no confirme que soy del todo chota y me quiera dejar. Sin embargo sab\u00eda que hab\u00eda algo m\u00e1s profundo que no estaba bien. Hac\u00eda lo que hace naturalmente el cerebro: hacer lo de siempre.<\/p>\n<p>Durante un tiempo no cambi\u00e9 nada. Hasta que empec\u00e9 a estudiar algo universalmente opuesto y me di cuenta que hab\u00eda suspendido mi evoluci\u00f3n todo ese <em>fucking<\/em> tiempo. \u00bfY qu\u00e9 saqu\u00e9 de la experiencia? Que si ten\u00e9s un por qu\u00e9, pod\u00e9s lograr cualquier cosa y si ese por qu\u00e9 es pasi\u00f3n, no dejes que tu cerebro o la sociedad lo acalle.<\/p>\n<p>Un mail ser\u00eda una buena forma de empezar. Invent\u00e9 esto porque cuando yo tuve estas preguntas no exist\u00eda a qui\u00e9n preguntarle, ahora no hay excusas. Pod\u00e9s hacerle frente a las respuestas escribiendo a <a href=\"mailto:soporteparacreativos@outlook.com\" onclick=\"_gaq.push(['_trackEvent','mailto','soporteparacreativos@outlook.com']);\" >soporteparacreativos@outlook.com<\/a>.<\/p>\n<p>No tengo todas las respuestas pero tengo recorrido mucho de ese camino que busc\u00e1s. No perd\u00e9s nada<\/a>.<\/p>\n<p style=\"clear:left;\">\n<p><strong>Chechu.<\/strong><\/p>\n<p>&nbsp;<br \/>\n&nbsp;<\/p>\n","protected":false},"excerpt":{"rendered":"<p>(ARGENTINA) \u2013 Hoy Chechu se mete de cabeza, adentro de tu cabeza, y te anima a que te tires a la pileta (de cabeza, obvio). Columnista de PB y creadora del proyecto Coach del Creativo Publicitario, Cecilia P\u00e9rez es redactora y ostenta una carrera que desde 2005 incluye el paso por ADN, Dentsu y Young &amp; Rubicam, m\u00e1s algunos premios [&hellip;]<\/p>\n","protected":false},"author":14,"featured_media":34079,"comment_status":"open","ping_status":"open","sticky":false,"template":"","format":"standard","meta":{"footnotes":""},"categories":[4136],"tags":[2869,3334,3300,4699],"class_list":["post-34050","post","type-post","status-publish","format-standard","has-post-thumbnail","hentry","category-coach-del-publicitario","tag-chechu-perez-argentina","tag-coach-del-creativo-publicitario","tag-estanislao-bachrach-argentina","tag-facundo-manes-argentina"],"_links":{"self":[{"href":"https:\/\/www.primerbrief.com\/index.php?rest_route=\/wp\/v2\/posts\/34050","targetHints":{"allow":["GET"]}}],"collection":[{"href":"https:\/\/www.primerbrief.com\/index.php?rest_route=\/wp\/v2\/posts"}],"about":[{"href":"https:\/\/www.primerbrief.com\/index.php?rest_route=\/wp\/v2\/types\/post"}],"author":[{"embeddable":true,"href":"https:\/\/www.primerbrief.com\/index.php?rest_route=\/wp\/v2\/users\/14"}],"replies":[{"embeddable":true,"href":"https:\/\/www.primerbrief.com\/index.php?rest_route=%2Fwp%2Fv2%2Fcomments&post=34050"}],"version-history":[{"count":14,"href":"https:\/\/www.primerbrief.com\/index.php?rest_route=\/wp\/v2\/posts\/34050\/revisions"}],"predecessor-version":[{"id":34089,"href":"https:\/\/www.primerbrief.com\/index.php?rest_route=\/wp\/v2\/posts\/34050\/revisions\/34089"}],"wp:featuredmedia":[{"embeddable":true,"href":"https:\/\/www.primerbrief.com\/index.php?rest_route=\/wp\/v2\/media\/34079"}],"wp:attachment":[{"href":"https:\/\/www.primerbrief.com\/index.php?rest_route=%2Fwp%2Fv2%2Fmedia&parent=34050"}],"wp:term":[{"taxonomy":"category","embeddable":true,"href":"https:\/\/www.primerbrief.com\/index.php?rest_route=%2Fwp%2Fv2%2Fcategories&post=34050"},{"taxonomy":"post_tag","embeddable":true,"href":"https:\/\/www.primerbrief.com\/index.php?rest_route=%2Fwp%2Fv2%2Ftags&post=34050"}],"curies":[{"name":"wp","href":"https:\/\/api.w.org\/{rel}","templated":true}]}}