{"id":34229,"date":"2016-07-18T03:59:03","date_gmt":"2016-07-18T06:59:03","guid":{"rendered":"http:\/\/www.primerbrief.com\/?p=34229"},"modified":"2016-07-19T14:06:02","modified_gmt":"2016-07-19T17:06:02","slug":"gonzalo-gallardo-creativo-de-yr-chile-cuenta-todo-sobre-el-primer-art-director","status":"publish","type":"post","link":"https:\/\/www.primerbrief.com\/?p=34229","title":{"rendered":"Gonzalo Gallardo, creativo de Y&#038;R Chile, cuenta todo sobre el primer Art Director"},"content":{"rendered":"<p><span style=\"font-size: 11pt;\"><strong>(CHILE) \u2013 La gente detr\u00e1s del Festival Copywriter (reservado para los estudiantes iberoamericanos de redacci\u00f3n) finalmente hizo justicia con los directores de arte. En su propio evento hermanado, realizado hace poco m\u00e1s de un mes, los DA pudieron asistir a cl\u00ednicas sobre la realizaci\u00f3n visual de una idea y poner a prueba lo aprendido en un concurso intensivo. Conoc\u00e9 los ganadores y lo que pas\u00f3 en esta edici\u00f3n inaugural del festival, de la mano del corresponsal en Chile de PB.<\/strong><\/span><\/p>\n<p><img loading=\"lazy\" decoding=\"async\" src=\"http:\/\/www.primerbrief.com\/wp-content\/uploads\/2016\/07\/CHI-Art-Director-Quienes-Gif-580px.gif\" alt=\"CHI-Art-Director-Quienes-Gif-580px\" width=\"580\" height=\"373\" class=\"alignleft size-full wp-image-34234\"\/><br \/>\n<em>El festival dio la bienvenida a distintos tipos de directores de arte, como mostraron en este gif.<\/em><\/p>\n<p>&nbsp;<br \/>\n<a href=\"http:\/\/www.primerbrief.com\/wp-content\/uploads\/2015\/11\/GonzaloGallardoIvanovic-60.jpg\" onclick=\"_gaq.push(['_trackEvent', 'outbound-article-int', 'http:\/\/www.primerbrief.com\/wp-content\/uploads\/2015\/11\/GonzaloGallardoIvanovic-60.jpg', '']);\" ><img loading=\"lazy\" decoding=\"async\" src=\"http:\/\/www.primerbrief.com\/wp-content\/uploads\/2015\/11\/GonzaloGallardoIvanovic-60.jpg\" width=\"60\" height=\"60\" class=\"alignleft size-full wp-image-25792\" style=\"margin: 0px 10px 0px 0px\" \/><\/a><strong>TEXTO POR <a href=\"http:\/\/www.primerbrief.com\/?tag=jose-escanes-argentina\" onclick=\"_gaq.push(['_trackEvent', 'outbound-article-int', 'http:\/\/www.primerbrief.com\/?tag=jose-escanes-argentina', 'GONZALO GALLARDO']);\" target=\"_blank\">GONZALO GALLARDO<\/a><\/strong><br \/>\nDirector de arte de <a href=\"http:\/\/prolam.cl\/\" onclick=\"_gaq.push(['_trackEvent', 'outbound-article', 'http:\/\/prolam.cl\/', 'Prolam Y&#038;R']);\" target=\"_blank\">Prolam Y&#038;R<\/a>, de Chile<br \/>\n<em>Redacci\u00f3n especial y fotos para PB<\/em><\/p>\n<p style=\"clear:left;\">\n<p>&nbsp;<br \/>\nEl pasado 4 de junio se desarroll\u00f3, en las instalaciones del Instituto AIEP, el Art Director. Creado por Claudio Seguel y Ricardo Andrews, este festival, \u00fanico y exclusivo para directores de arte, tuvo la presencia de invitados y jurados como Ricardo Salamanca, Omar di Nardo y Quino Oneto Gaona, entre otros.<\/p>\n<p>As\u00ed como su s\u00edmil para redactores creativos (Festival Copywriter), el concurso consisti\u00f3 en realizar un aviso para la marca de mochilas Herschel, en el que las piezas fueron juzgadas en cuatro categor\u00edas distintas. <\/p>\n<p>Los ganadores de la jornada fueron: Ronald Poblete, estudiante de IP Los Leones, por el Mejor Retoque; Diego Torres, de la Universidad Diego Portales, por la Mejor Ilustraci\u00f3n; y Francisco Abarca, estudiante de DuocUC Vi\u00f1a del Mar, por el Mejor Concepto. El premio al Mejor Uso Tipogr\u00e1fico, finalmente, qued\u00f3 desierto. <\/p>\n<p><div id='gallery-1' class='gallery galleryid-34229 gallery-columns-3 gallery-size-thumbnail'><dl class='gallery-item'>\n\t\t\t<dt class='gallery-icon portrait'>\n\t\t\t\t<a href=\"https:\/\/www.primerbrief.com\/wp-content\/uploads\/2016\/07\/CHI-Art-Director-Ronald-Poblete-GR.jpg\" onclick=\"_gaq.push(['_trackEvent', 'outbound-article-int', 'https:\/\/www.primerbrief.com\/wp-content\/uploads\/2016\/07\/CHI-Art-Director-Ronald-Poblete-GR.jpg', '']);\" ><img loading=\"lazy\" decoding=\"async\" width=\"150\" height=\"150\" src=\"https:\/\/www.primerbrief.com\/wp-content\/uploads\/2016\/07\/CHI-Art-Director-Ronald-Poblete-GR-150x150.jpg\" class=\"attachment-thumbnail size-thumbnail\" alt=\"\" \/><\/a>\n\t\t\t<\/dt><\/dl><dl class='gallery-item'>\n\t\t\t<dt class='gallery-icon portrait'>\n\t\t\t\t<a href=\"https:\/\/www.primerbrief.com\/wp-content\/uploads\/2016\/07\/CHI-Art-Director-Diego-Torres-GR.jpg\" onclick=\"_gaq.push(['_trackEvent', 'outbound-article-int', 'https:\/\/www.primerbrief.com\/wp-content\/uploads\/2016\/07\/CHI-Art-Director-Diego-Torres-GR.jpg', '']);\" ><img loading=\"lazy\" decoding=\"async\" width=\"150\" height=\"150\" src=\"https:\/\/www.primerbrief.com\/wp-content\/uploads\/2016\/07\/CHI-Art-Director-Diego-Torres-GR-150x150.jpg\" class=\"attachment-thumbnail size-thumbnail\" alt=\"\" \/><\/a>\n\t\t\t<\/dt><\/dl><dl class='gallery-item'>\n\t\t\t<dt class='gallery-icon portrait'>\n\t\t\t\t<a href=\"https:\/\/www.primerbrief.com\/wp-content\/uploads\/2016\/07\/CHI-Art-Director-Francisco-Abarca-GR.jpg\" onclick=\"_gaq.push(['_trackEvent', 'outbound-article-int', 'https:\/\/www.primerbrief.com\/wp-content\/uploads\/2016\/07\/CHI-Art-Director-Francisco-Abarca-GR.jpg', '']);\" ><img loading=\"lazy\" decoding=\"async\" width=\"150\" height=\"150\" src=\"https:\/\/www.primerbrief.com\/wp-content\/uploads\/2016\/07\/CHI-Art-Director-Francisco-Abarca-GR-150x150.jpg\" class=\"attachment-thumbnail size-thumbnail\" alt=\"\" \/><\/a>\n\t\t\t<\/dt><\/dl><br style=\"clear: both\" \/>\n\t\t<\/div>\n<br \/>\n<em>De izquierda a derecha, los trabajos ganadores de Ronald, Diego y Francisco.<\/em><\/p>\n<p>&nbsp;<br \/>\nEl Grand Prix, juzgado entre todos los ganadores, recay\u00f3 en Diego Torres, de la Universidad Diego Portales, quien expres\u00f3: \u201cLa idea parti\u00f3 del concepto que nos dieron en el brief, <em>Una mochila para el d\u00eda a d\u00eda con estilo<\/em>. La mochila se usa todos los d\u00edas, pero no con un fin est\u00e9tico, sino para transportar nuestras cosas. Lo que hay dentro de nuestra mochila dice mucho de nosotros, de lo que hacemos, de lo que nos gusta y apasiona; en el fondo, all\u00ed guardamos parte de nosotros, de nuestra esencia; fue entonces cuando pens\u00e9 que ese estilo no puede estar guardado, tiene que mostrarse de alguna manera, y all\u00ed entra Hershel, que nos da la posibilidad de llevar puesto ese estilo en vez de guardarlo\u201d.<\/p>\n<p><a href=\"http:\/\/www.primerbrief.com\/wp-content\/uploads\/2016\/07\/CHI-Ronald-Poblete-Francisco-Abarca-Diego-Torres-GR.jpg\" onclick=\"_gaq.push(['_trackEvent', 'outbound-article-int', 'http:\/\/www.primerbrief.com\/wp-content\/uploads\/2016\/07\/CHI-Ronald-Poblete-Francisco-Abarca-Diego-Torres-GR.jpg', '']);\" ><img loading=\"lazy\" decoding=\"async\" src=\"http:\/\/www.primerbrief.com\/wp-content\/uploads\/2016\/07\/CHI-Ronald-Poblete-Francisco-Abarca-Diego-Torres-580px.jpg\" alt=\"CHI-Ronald-Poblete-Francisco-Abarca-Diego-Torres-580px\" width=\"580\" height=\"364\" class=\"alignleft size-full wp-image-34236\" srcset=\"https:\/\/www.primerbrief.com\/wp-content\/uploads\/2016\/07\/CHI-Ronald-Poblete-Francisco-Abarca-Diego-Torres-580px.jpg 580w, https:\/\/www.primerbrief.com\/wp-content\/uploads\/2016\/07\/CHI-Ronald-Poblete-Francisco-Abarca-Diego-Torres-580px-300x188.jpg 300w\" sizes=\"auto, (max-width: 580px) 100vw, 580px\" \/><\/a><br \/>\n<em>Ronald Poblete, Francisco Abarca y Diego Torres exhibiendo sus nuevos premios.<\/em><\/p>\n<p>&nbsp;<br \/>\nCon respecto a haber ganado la primera versi\u00f3n de certamen, Diego afirma: \u00abEstoy muy contento de haber ganado la primera edici\u00f3n. Es mi primer concurso y estos reconocimientos sirven para darte cuenta de que algo est\u00e1s haciendo bien. Aparte de la experiencia, que fue excelente, aprend\u00ed mucho de los jueces y conoc\u00ed a otros participantes muy talentosos. Y con respecto al futuro, creo que este tipo de reconocimientos dan a conocer tu trabajo y sin duda pueden ayudarme m\u00e1s adelante\u201d.<\/p>\n<p>Ricardo Andrews, cofundador del festival, expuso a PRIMER BRIEF que \u201ctuvimos una gran convocatoria, con una participaci\u00f3n cercana al 100% de las carreras de publicidad del pa\u00eds, lo que nos tiene muy conformes. Junto con eso, hemos visto que el trabajo creativo de los concursantes ha estado a un gran nivel. Adem\u00e1s, hemos visto c\u00f3mo los participantes recibieron de muy buena forma el <em>feedback<\/em> entregado por los jurados al indicar los aciertos y errores\u201d.<br \/>\n&nbsp;<br \/>\n&nbsp;<\/p>\n","protected":false},"excerpt":{"rendered":"<p>(CHILE) \u2013 La gente detr\u00e1s del Festival Copywriter (reservado para los estudiantes iberoamericanos de redacci\u00f3n) finalmente hizo justicia con los directores de arte. En su propio evento hermanado, realizado hace poco m\u00e1s de un mes, los DA pudieron asistir a cl\u00ednicas sobre la realizaci\u00f3n visual de una idea y poner a prueba lo aprendido en un concurso intensivo. Conoc\u00e9 los [&hellip;]<\/p>\n","protected":false},"author":16,"featured_media":34230,"comment_status":"open","ping_status":"open","sticky":false,"template":"","format":"standard","meta":{"footnotes":""},"categories":[1156],"tags":[4715,129,4364,4719,4718,4716,4717],"class_list":["post-34229","post","type-post","status-publish","format-standard","has-post-thumbnail","hentry","category-eventos","tag-art-director-chile","tag-chile","tag-claudio-segel","tag-diego-torres-chile","tag-francisco-abarca-chile","tag-ricardo-andrews-chile","tag-ronald-poblete-chile"],"_links":{"self":[{"href":"https:\/\/www.primerbrief.com\/index.php?rest_route=\/wp\/v2\/posts\/34229","targetHints":{"allow":["GET"]}}],"collection":[{"href":"https:\/\/www.primerbrief.com\/index.php?rest_route=\/wp\/v2\/posts"}],"about":[{"href":"https:\/\/www.primerbrief.com\/index.php?rest_route=\/wp\/v2\/types\/post"}],"author":[{"embeddable":true,"href":"https:\/\/www.primerbrief.com\/index.php?rest_route=\/wp\/v2\/users\/16"}],"replies":[{"embeddable":true,"href":"https:\/\/www.primerbrief.com\/index.php?rest_route=%2Fwp%2Fv2%2Fcomments&post=34229"}],"version-history":[{"count":13,"href":"https:\/\/www.primerbrief.com\/index.php?rest_route=\/wp\/v2\/posts\/34229\/revisions"}],"predecessor-version":[{"id":34248,"href":"https:\/\/www.primerbrief.com\/index.php?rest_route=\/wp\/v2\/posts\/34229\/revisions\/34248"}],"wp:featuredmedia":[{"embeddable":true,"href":"https:\/\/www.primerbrief.com\/index.php?rest_route=\/wp\/v2\/media\/34230"}],"wp:attachment":[{"href":"https:\/\/www.primerbrief.com\/index.php?rest_route=%2Fwp%2Fv2%2Fmedia&parent=34229"}],"wp:term":[{"taxonomy":"category","embeddable":true,"href":"https:\/\/www.primerbrief.com\/index.php?rest_route=%2Fwp%2Fv2%2Fcategories&post=34229"},{"taxonomy":"post_tag","embeddable":true,"href":"https:\/\/www.primerbrief.com\/index.php?rest_route=%2Fwp%2Fv2%2Ftags&post=34229"}],"curies":[{"name":"wp","href":"https:\/\/api.w.org\/{rel}","templated":true}]}}