{"id":3445,"date":"2011-09-29T20:20:09","date_gmt":"2011-09-29T23:20:09","guid":{"rendered":"http:\/\/www.primerbrief.com\/?p=3445"},"modified":"2011-10-18T16:21:24","modified_gmt":"2011-10-18T19:21:24","slug":"cbs-outdoor-espana-campana-para-empresas","status":"publish","type":"post","link":"https:\/\/www.primerbrief.com\/?p=3445","title":{"rendered":"Empr\u00e9ndete, propone CBS Outdoor Espa\u00f1a"},"content":{"rendered":"<p><span style=\"font-size: 11pt\"><strong>(ESPA\u00d1A) &#8211; <a href=\"http:\/\/www.cbsoutdoor.es\/\" onclick=\"_gaq.push(['_trackEvent', 'outbound-article', 'http:\/\/www.cbsoutdoor.es\/', 'CBS Outdoor Espa\u00f1a']);\" target=\"_blank\">CBS Outdoor Espa\u00f1a<\/a>, empresa que se dedica a la publicidad y est\u00e1tica en diferentes pa\u00edses del planeta, lanz\u00f3 <a href=\"http:\/\/www.vallasconvida.es\/\" onclick=\"_gaq.push(['_trackEvent', 'outbound-article', 'http:\/\/www.vallasconvida.es\/', 'Emprende.T']);\" target=\"_blank\">Emprende.T<\/a>, un concurso para que las empresas espa\u00f1olas puedan ganar una campa\u00f1a publicitaria gratis en toda la pen\u00ednsula ib\u00e9rica.<\/strong><\/span><\/p>\n<p><a href=\"http:\/\/www.primerbrief.com\/wp-content\/uploads\/2011\/09\/ESP-EmprendeT-580x299.jpg\" onclick=\"_gaq.push(['_trackEvent', 'outbound-article-int', 'http:\/\/www.primerbrief.com\/wp-content\/uploads\/2011\/09\/ESP-EmprendeT-580x299.jpg', '']);\" ><img loading=\"lazy\" decoding=\"async\" src=\"http:\/\/www.primerbrief.com\/wp-content\/uploads\/2011\/09\/ESP-EmprendeT-580x299.jpg\" alt=\"\" title=\"ESP-EmprendeT-580x299\" width=\"580\" height=\"299\" class=\"alignleft size-full wp-image-3465\" srcset=\"https:\/\/www.primerbrief.com\/wp-content\/uploads\/2011\/09\/ESP-EmprendeT-580x299.jpg 580w, https:\/\/www.primerbrief.com\/wp-content\/uploads\/2011\/09\/ESP-EmprendeT-580x299-300x154.jpg 300w\" sizes=\"auto, (max-width: 580px) 100vw, 580px\" \/><\/a><br \/>\n<em><a href=\"http:\/\/www.vallasconvida.es\/\" onclick=\"_gaq.push(['_trackEvent', 'outbound-article', 'http:\/\/www.vallasconvida.es\/', 'Emprende.T']);\" target=\"_blank\">Emprende.T<\/a> es un concurso enmarcado en el proyecto \u201cVallas con Vida\u201d, que busca enfrentar la grave crisis econ\u00f3mica que est\u00e1 sufriendo Espa\u00f1a y as\u00ed paliar los efectos negativos que sufren las empresas nacionales.<\/em><\/p>\n<p>&nbsp;<br \/>\n<img loading=\"lazy\" decoding=\"async\" src=\"http:\/\/www.primerbrief.com\/wp-content\/uploads\/2011\/10\/staff-maxi1-60x60px-Version2.jpg\" width=\"60\" height=\"60\" class=\"alignleft size-full wp-image-4110\" style=\"margin: 0px 10px 0px 0px\" \/><strong>POR <a href=\"http:\/\/www.primerbrief.com\/?tag=maxi-arias-argentina\" onclick=\"_gaq.push(['_trackEvent', 'outbound-article-int', 'http:\/\/www.primerbrief.com\/?tag=maxi-arias-argentina', 'MAXI ARIAS']);\" target=\"_blank\">MAXI ARIAS<\/a><\/strong><br \/>\nDe la redacci\u00f3n de PB<\/p>\n<p style=\"clear:left;\">\n<p>El impacto social negativo que sobrevino a la ca\u00edda de la econom\u00eda en Espa\u00f1a se vio reflejado en todos los medios del mundo. Las primeras im\u00e1genes que inundaron las pantallas fueron las de los \u201cindignados\u201d, multitudes de j\u00f3venes que acampaban en las principales plazas del pa\u00eds marchando en contra de un gobierno bipartidista PP-PSOE (oficialistas y opositores) y de un pa\u00eds endeudado con organismos burs\u00e1tiles internacionales que derivaron en la suba indiscriminada la propiedad, desempleo y sueldos congelados, consecuencia de la ca\u00edda crediticia de los Estados Unidos en 2008. Las protestas se extendieron en numerosos puntos del pa\u00eds y se convirtieron en un fen\u00f3meno social masivo como el de diciembre de 2001 en Argentina.<\/p>\n<p><iframe loading=\"lazy\" width=\"580\" height=\"423\" src=\"http:\/\/www.youtube.com\/embed\/qc26QDAo2kw\" frameborder=\"0\" allowfullscreen><\/iframe><br \/>\n<em>\u00abEspa\u00f1ist\u00e1n, este pa\u00eds se va a la mierda\u00bb, un video de Aleix Sal\u00f3 que explica, de modo l\u00facido y terrible y en 6:45 minutos, los \u00faltimos trece a\u00f1os de historia econ\u00f3mica espa\u00f1ola.<\/em><\/p>\n<p>Uno de los sectores m\u00e1s perjudicados por las crisis es el empresarial, ya que en \u00e9pocas de bonanza se fomentaba la compra de inmuebles y no la inversi\u00f3n. Es por eso que CBS Outdoor Espa\u00f1a, empresa dedicada a la publicidad y entretenimiento audiovisual, acaba de lanzar un concurso para que los due\u00f1os de peque\u00f1os y medianos emprendimientos empresariales puedan obtener publicidad gratuita.<\/p>\n<p>Durante cuatro semanas las 50 empresas ganadoras podr\u00e1n publicitar sus productos y servicios en una ciudad o municipio a elecci\u00f3n. La cantidad de carteles otorgados depender\u00e1 exclusivamente del tama\u00f1o del municipio y de la cantidad de ganadores que haya en el mismo lugar geogr\u00e1fico. Adem\u00e1s en el concurso s\u00f3lo podr\u00e1n participar peque\u00f1as empresas: no podr\u00e1n tener m\u00e1s de 25 empleados.<\/p>\n<p>El programa \u201cVallas con Vida\u201d fue creado en 2010 y Emprende.T no es el primer paso realizado por la empresa para contrarrestar la grave crisis que azota al pa\u00eds ib\u00e9rico, ya que el a\u00f1o pasado lanz\u00f3 el concurso Vende T, que daba la oportunidad, a 50 personas desempleadas, de buscar trabajo a trav\u00e9s de carteles en una forma original y llamativa.<\/p>\n","protected":false},"excerpt":{"rendered":"<p>(ESPA\u00d1A) &#8211; CBS Outdoor Espa\u00f1a, empresa que se dedica a la publicidad y est\u00e1tica en diferentes pa\u00edses del planeta, lanz\u00f3 Emprende.T, un concurso para que las empresas espa\u00f1olas puedan ganar una campa\u00f1a publicitaria gratis en toda la pen\u00ednsula ib\u00e9rica. Emprende.T es un concurso enmarcado en el proyecto \u201cVallas con Vida\u201d, que busca enfrentar la grave crisis econ\u00f3mica que est\u00e1 sufriendo [&hellip;]<\/p>\n","protected":false},"author":3,"featured_media":3466,"comment_status":"open","ping_status":"open","sticky":false,"template":"","format":"standard","meta":{"footnotes":""},"categories":[9],"tags":[414,459,48,214],"class_list":["post-3445","post","type-post","status-publish","format-standard","has-post-thumbnail","hentry","category-agencias","tag-concursos","tag-crisis-espanola","tag-espana","tag-maxi-arias-argentina"],"_links":{"self":[{"href":"https:\/\/www.primerbrief.com\/index.php?rest_route=\/wp\/v2\/posts\/3445","targetHints":{"allow":["GET"]}}],"collection":[{"href":"https:\/\/www.primerbrief.com\/index.php?rest_route=\/wp\/v2\/posts"}],"about":[{"href":"https:\/\/www.primerbrief.com\/index.php?rest_route=\/wp\/v2\/types\/post"}],"author":[{"embeddable":true,"href":"https:\/\/www.primerbrief.com\/index.php?rest_route=\/wp\/v2\/users\/3"}],"replies":[{"embeddable":true,"href":"https:\/\/www.primerbrief.com\/index.php?rest_route=%2Fwp%2Fv2%2Fcomments&post=3445"}],"version-history":[{"count":20,"href":"https:\/\/www.primerbrief.com\/index.php?rest_route=\/wp\/v2\/posts\/3445\/revisions"}],"predecessor-version":[{"id":4335,"href":"https:\/\/www.primerbrief.com\/index.php?rest_route=\/wp\/v2\/posts\/3445\/revisions\/4335"}],"wp:featuredmedia":[{"embeddable":true,"href":"https:\/\/www.primerbrief.com\/index.php?rest_route=\/wp\/v2\/media\/3466"}],"wp:attachment":[{"href":"https:\/\/www.primerbrief.com\/index.php?rest_route=%2Fwp%2Fv2%2Fmedia&parent=3445"}],"wp:term":[{"taxonomy":"category","embeddable":true,"href":"https:\/\/www.primerbrief.com\/index.php?rest_route=%2Fwp%2Fv2%2Fcategories&post=3445"},{"taxonomy":"post_tag","embeddable":true,"href":"https:\/\/www.primerbrief.com\/index.php?rest_route=%2Fwp%2Fv2%2Ftags&post=3445"}],"curies":[{"name":"wp","href":"https:\/\/api.w.org\/{rel}","templated":true}]}}