{"id":34667,"date":"2016-08-15T03:59:01","date_gmt":"2016-08-15T06:59:01","guid":{"rendered":"http:\/\/www.primerbrief.com\/?p=34667"},"modified":"2016-08-16T10:09:36","modified_gmt":"2016-08-16T13:09:36","slug":"pb-en-cannes-2016-que-se-llevan-los-estudiantes-latinos-de-la-roger-hatchuel-academy","status":"publish","type":"post","link":"https:\/\/www.primerbrief.com\/?p=34667","title":{"rendered":"PB en Cannes 2016: Qu\u00e9 se llevan los estudiantes latinos de la Roger Hatchuel Academy"},"content":{"rendered":"<p><span style=\"font-size: 11pt\"><strong>(INTERNACIONAL &#8211; Por Jos\u00e9 Escan\u00e9s desde Cannes, Francia) &#8211; El d\u00eda final de la edici\u00f3n n\u00famero 63 del <a href=\"http:\/\/www.canneslions.com\/\" onclick=\"_gaq.push(['_trackEvent', 'outbound-article', 'http:\/\/www.canneslions.com\/', 'Festival Internacional de Creatividad Cannes Lions']);\" target=\"_blank\">Festival Internacional de Creatividad Cannes Lions<\/a> no s\u00f3lo se entregaron los leones de las categor\u00edas <em>Film<\/em> y <em>Film Craft<\/em>, sino que tambi\u00e9n se repartieron los diplomas a los m\u00e1s j\u00f3venes del festival: los chicos de la Roger Hatchuel Academy. Estos treinta alumnos llegaron a la Costa Azul desde varios y diversos rincones del mundo para estudiar por una semana con los mejores directores creativos del mundo, en el lugar que re\u00fane una sola vez al a\u00f1o. Para no quedarnos con un \u00abdebe de haber estado muy bueno\u00bb, PRIMER BRIEF registr\u00f3 el testimonio de los estudiantes de habla hispana que estuvieron ah\u00ed. Abajo, quienes comparten tu idioma, comparten su estado de dicha y entusiasmo total.<\/strong><\/span><\/p>\n<p><a href=\"http:\/\/www.primerbrief.com\/wp-content\/uploads\/2016\/08\/FRA-Roger-Hatchuel-Academy-2016-GR.png\" onclick=\"_gaq.push(['_trackEvent', 'outbound-article-int', 'http:\/\/www.primerbrief.com\/wp-content\/uploads\/2016\/08\/FRA-Roger-Hatchuel-Academy-2016-GR.png', '']);\" target=\"_blank\"><img loading=\"lazy\" decoding=\"async\" src=\"http:\/\/www.primerbrief.com\/wp-content\/uploads\/2016\/08\/FRA-Roger-Hatchuel-Academy-2016-580px.png\" alt=\"FRA-Roger-Hatchuel-Academy-2016-580px\" width=\"580\" height=\"290\" class=\"alignleft size-full wp-image-34673\" srcset=\"https:\/\/www.primerbrief.com\/wp-content\/uploads\/2016\/08\/FRA-Roger-Hatchuel-Academy-2016-580px.png 580w, https:\/\/www.primerbrief.com\/wp-content\/uploads\/2016\/08\/FRA-Roger-Hatchuel-Academy-2016-580px-300x150.png 300w\" sizes=\"auto, (max-width: 580px) 100vw, 580px\" \/><\/a><br \/>\n<em>Todos juntos, los latinos y los no latinos que disfrutaron este a\u00f1o de las clases en la Roger Hatchuel Academy bajo la tutor\u00eda del sempiterno ingl\u00e9s Clive Challis (de camisa celeste, arriba y al medio).<\/em><\/p>\n<p><a href=\"http:\/\/www.primerbrief.com\/wp-content\/uploads\/2014\/10\/ARG-JoseEscanes-PorOkiGuzman-GR.jpg\" onclick=\"_gaq.push(['_trackEvent', 'outbound-article-int', 'http:\/\/www.primerbrief.com\/wp-content\/uploads\/2014\/10\/ARG-JoseEscanes-PorOkiGuzman-GR.jpg', '']);\" target=\"_blank\"><img loading=\"lazy\" decoding=\"async\" src=\"http:\/\/www.primerbrief.com\/wp-content\/uploads\/2014\/10\/ARG-JoseEscanes-PorOkiGuzman-60x60px.jpg\" width=\"60\" height=\"60\" class=\"alignleft size-full wp-image-4110\" style=\"margin: 0px 10px 0px 0px\" \/><\/a><strong>POR <a href=\"http:\/\/www.primerbrief.com\/?tag=jose-escanes-argentina\" onclick=\"_gaq.push(['_trackEvent', 'outbound-article-int', 'http:\/\/www.primerbrief.com\/?tag=jose-escanes-argentina', 'JOS\u00c9 ESCAN\u00c9S']);\" target=\"_blank\">JOS\u00c9 ESCAN\u00c9S<\/a><\/strong><br \/>\n<em>Redactor PB<\/em><br \/>\n(Video: Jos\u00e9 Escan\u00e9s. Fotos: Prensa Cannes Lions)<\/p>\n<p style=\"clear:left;\">\n<p>&nbsp;<br \/>\n<a href=\"http:\/\/www.primerbrief.com\/wp-content\/uploads\/2016\/08\/FRA-Cannes-Lions-School-Ventana-GR.png\" onclick=\"_gaq.push(['_trackEvent', 'outbound-article-int', 'http:\/\/www.primerbrief.com\/wp-content\/uploads\/2016\/08\/FRA-Cannes-Lions-School-Ventana-GR.png', '']);\" target=\"_blank\"><img loading=\"lazy\" decoding=\"async\" src=\"http:\/\/www.primerbrief.com\/wp-content\/uploads\/2016\/08\/FRA-Cannes-Lions-School-Ventana-580px.png\" alt=\"FRA-Cannes-Lions-School-Ventana-580px\" width=\"580\" height=\"290\" class=\"alignleft size-full wp-image-34675\" srcset=\"https:\/\/www.primerbrief.com\/wp-content\/uploads\/2016\/08\/FRA-Cannes-Lions-School-Ventana-580px.png 580w, https:\/\/www.primerbrief.com\/wp-content\/uploads\/2016\/08\/FRA-Cannes-Lions-School-Ventana-580px-300x150.png 300w\" sizes=\"auto, (max-width: 580px) 100vw, 580px\" \/><\/a><br \/>\n<em>En cada rinc\u00f3n de la academia de Cannes los m\u00e1s j\u00f3venes pudieron hacer contactos y amigos al mismo tiempo.<\/em><\/p>\n<p>&nbsp;<br \/>\n<iframe loading=\"lazy\" width=\"580\" height=\"326\" src=\"https:\/\/www.youtube.com\/embed\/urjBcs9pnAA\" frameborder=\"0\" allowfullscreen><\/iframe><br \/>\n<em>Dale PLAY al video y decid\u00ed, inmediatamente, que el a\u00f1o que viene vos vas a estar ah\u00ed.<\/em><br \/>\n&nbsp;<br \/>\n&nbsp;<\/p>\n","protected":false},"excerpt":{"rendered":"<p>(INTERNACIONAL &#8211; Por Jos\u00e9 Escan\u00e9s desde Cannes, Francia) &#8211; El d\u00eda final de la edici\u00f3n n\u00famero 63 del Festival Internacional de Creatividad Cannes Lions no s\u00f3lo se entregaron los leones de las categor\u00edas Film y Film Craft, sino que tambi\u00e9n se repartieron los diplomas a los m\u00e1s j\u00f3venes del festival: los chicos de la Roger Hatchuel Academy. Estos treinta alumnos [&hellip;]<\/p>\n","protected":false},"author":16,"featured_media":34676,"comment_status":"open","ping_status":"open","sticky":false,"template":"","format":"standard","meta":{"footnotes":""},"categories":[1156],"tags":[4762,1401,1442,27,852,361],"class_list":["post-34667","post","type-post","status-publish","format-standard","has-post-thumbnail","hentry","category-eventos","tag-cannes-2016","tag-cannes-lions","tag-clive-challis-inglaterra","tag-internacional","tag-jose-escanes-argentina","tag-roger-hatchuel-academy"],"_links":{"self":[{"href":"https:\/\/www.primerbrief.com\/index.php?rest_route=\/wp\/v2\/posts\/34667","targetHints":{"allow":["GET"]}}],"collection":[{"href":"https:\/\/www.primerbrief.com\/index.php?rest_route=\/wp\/v2\/posts"}],"about":[{"href":"https:\/\/www.primerbrief.com\/index.php?rest_route=\/wp\/v2\/types\/post"}],"author":[{"embeddable":true,"href":"https:\/\/www.primerbrief.com\/index.php?rest_route=\/wp\/v2\/users\/16"}],"replies":[{"embeddable":true,"href":"https:\/\/www.primerbrief.com\/index.php?rest_route=%2Fwp%2Fv2%2Fcomments&post=34667"}],"version-history":[{"count":3,"href":"https:\/\/www.primerbrief.com\/index.php?rest_route=\/wp\/v2\/posts\/34667\/revisions"}],"predecessor-version":[{"id":34677,"href":"https:\/\/www.primerbrief.com\/index.php?rest_route=\/wp\/v2\/posts\/34667\/revisions\/34677"}],"wp:featuredmedia":[{"embeddable":true,"href":"https:\/\/www.primerbrief.com\/index.php?rest_route=\/wp\/v2\/media\/34676"}],"wp:attachment":[{"href":"https:\/\/www.primerbrief.com\/index.php?rest_route=%2Fwp%2Fv2%2Fmedia&parent=34667"}],"wp:term":[{"taxonomy":"category","embeddable":true,"href":"https:\/\/www.primerbrief.com\/index.php?rest_route=%2Fwp%2Fv2%2Fcategories&post=34667"},{"taxonomy":"post_tag","embeddable":true,"href":"https:\/\/www.primerbrief.com\/index.php?rest_route=%2Fwp%2Fv2%2Ftags&post=34667"}],"curies":[{"name":"wp","href":"https:\/\/api.w.org\/{rel}","templated":true}]}}