{"id":3481,"date":"2011-10-03T04:00:41","date_gmt":"2011-10-03T07:00:41","guid":{"rendered":"http:\/\/www.primerbrief.com\/?p=3481"},"modified":"2012-02-02T19:10:04","modified_gmt":"2012-02-02T22:10:04","slug":"redes-sociales-todos-los-caminos-llevan-a-facebook","status":"publish","type":"post","link":"https:\/\/www.primerbrief.com\/?p=3481","title":{"rendered":"Todos los caminos llevan a Facebook"},"content":{"rendered":"<p><span style=\"font-size: 11pt\"><strong>(INTERNACIONAL) &#8211; Como un gran twitero, <a href=\"http:\/\/twitter.com\/#!\/@PabloSanchez\" onclick=\"_gaq.push(['_trackEvent', 'outbound-article', 'http:\/\/twitter.com\/#!\/@PabloSanchez', '@PabloSanchez']);\" target=\"_blank\">@PabloSanchez<\/a> dijo una vez: \u00abTodas las redes sociales quieren parecerse a Facebook y Facebook quiere parecerse a todas las redes sociales\u00bb. Esto es una simple traducci\u00f3n al continuo cambio al que estamos expuestos los usuarios de las plataformas de intercambio social. Pero el gran cambio todav\u00eda esta por venir en su primera versi\u00f3n beta. S\u00ed, estamos hablando de F8.<\/strong><\/span><\/p>\n<p><img loading=\"lazy\" decoding=\"async\" src=\"http:\/\/www.primerbrief.com\/wp-content\/uploads\/2011\/09\/mark-zuckerberg-2009-11-24-18-10-3.jpg\" alt=\"\" title=\"Mark Zuckerberg Conferencia F8\" width=\"580\" height=\"356\" class=\"alignright size-full wp-image-3486\" srcset=\"https:\/\/www.primerbrief.com\/wp-content\/uploads\/2011\/09\/mark-zuckerberg-2009-11-24-18-10-3.jpg 580w, https:\/\/www.primerbrief.com\/wp-content\/uploads\/2011\/09\/mark-zuckerberg-2009-11-24-18-10-3-300x184.jpg 300w\" sizes=\"auto, (max-width: 580px) 100vw, 580px\" \/><br \/>\n<em>Mark Zuckerberg en la conferencia de F8.<\/em><\/p>\n<p><strong>Por Aurora Montes, de la redacci\u00f3n de PB.<\/strong><\/p>\n<p>&nbsp;<br \/>\nSe trata de dos grandes cambios en la forma en que compartimos: El Timeline y las aplicaciones de Open Graphs.<\/p>\n<p><strong>Timeline<\/strong>: El perfil del usuario no tendr\u00e1 muro. Ser\u00e1 sustituido por el timelime, que separa detalladamente todos los contenidos, como fotograf\u00edas, comentarios y aplicaciones entre otras cosas, ordenados de forma cronol\u00f3gica.<\/p>\n<p>&nbsp;<br \/>\n<iframe loading=\"lazy\" width=\"580\" height=\"326\" src=\"http:\/\/www.youtube.com\/embed\/pi3CAn5kMdo\" frameborder=\"0\" allowfullscreen><\/iframe><br \/>\n<em>La cronolog\u00eda del nuevo Timeline.<\/em><\/p>\n<p><strong>Apps de Open Graph<\/strong>: Las aplicaciones son de comunicaci\u00f3n, de juegos, de media y de estilo de vida. No necesitas permiso cada vez que quieres entrar a enviar contenido. Una nueva pantalla de permisos te explicar\u00e1 qu\u00e9 tipo de historias ser\u00e1n compartidas, para que la pr\u00f3xima vez no sea necesario especificarlo. Open Graph busca optimizar las relaciones entre los usuarios, creando redes m\u00e1s inteligentes y personalizadas con cada interacci\u00f3n, dando lugar a una conversaci\u00f3n casi, casi como las reales.<\/p>\n<p>&nbsp;<br \/>\n<iframe loading=\"lazy\" width=\"580\" height=\"326\" src=\"http:\/\/www.youtube.com\/embed\/q3b94kFBah8\" frameborder=\"0\" allowfullscreen><\/iframe><br \/>\n<em>Apps de Open Graph.<\/em><\/p>\n<p>Aqu\u00ed surge el problema: <strong>Facebook quiere conectarnos a todo, con todos y en todas partes<\/strong>.<\/p>\n<p>Pero, \u00bfes realmente lo que queremos? \u00bfQueremos compartir con nuestros contactos desde nuestro caf\u00e9 al son de Ella Fitzgerald hasta las buenas noches con Breaking Bad?<\/p>\n<p>Me hace pensar. Por un lado veo que la obsesi\u00f3n con las redes sociales est\u00e1 s\u00faper acentuada en todos los aspectos de la vida de algunos; por el otro, veo gente retra\u00edda al intercambio de contenido de sus vidas privada. Uno dir\u00eda \u00absi no les gusta que no se registren\u00bb, pero en el contexto globalizado en el que vivimos, en el que uno puede tener amigos en Ohio y en Praga, la agenda de contactos es muy valiosa. Por eso, me parece interesant\u00edsimo el concepto de los c\u00edrculos de Google+, porque t\u00fa decides qu\u00e9 compartes y con qui\u00e9n. Y no es que otras plataformas no tengan estas caracter\u00edsticas incorporadas, si no que es un proceso m\u00e1s complejo de incorporar. En muchas instancias, Facebook no es una red social personalizada, sino una imposici\u00f3n por parte de este monstruo de la web a definir en sus t\u00e9rminos la forma en que compartimos contenido personal.<\/p>\n<p>Me contaba un amigo ayer con mucho entusiasmo que hab\u00eda un tipo que se dedicaba a colgar en un sitio web generaciones y generaciones del \u00e1rbol geneal\u00f3gico de su familia. Y al final, \u00bfel timeline no es lo mismo? <\/p>\n<p>Me sigue haciendo pensar. \u00bfY los que lo usamos de otra manera?<\/p>\n","protected":false},"excerpt":{"rendered":"<p>(INTERNACIONAL) &#8211; Como un gran twitero, @PabloSanchez dijo una vez: \u00abTodas las redes sociales quieren parecerse a Facebook y Facebook quiere parecerse a todas las redes sociales\u00bb. Esto es una simple traducci\u00f3n al continuo cambio al que estamos expuestos los usuarios de las plataformas de intercambio social. Pero el gran cambio todav\u00eda esta por venir en su primera versi\u00f3n beta. [&hellip;]<\/p>\n","protected":false},"author":3,"featured_media":3632,"comment_status":"open","ping_status":"open","sticky":false,"template":"","format":"standard","meta":{"footnotes":""},"categories":[1045],"tags":[113,463,462,452,465,461,464],"class_list":["post-3481","post","type-post","status-publish","format-standard","has-post-thumbnail","hentry","category-tendencias","tag-aurora-montes-espana","tag-f8","tag-facebook","tag-google","tag-open-graph","tag-pablo-sanchez","tag-timeline"],"_links":{"self":[{"href":"https:\/\/www.primerbrief.com\/index.php?rest_route=\/wp\/v2\/posts\/3481","targetHints":{"allow":["GET"]}}],"collection":[{"href":"https:\/\/www.primerbrief.com\/index.php?rest_route=\/wp\/v2\/posts"}],"about":[{"href":"https:\/\/www.primerbrief.com\/index.php?rest_route=\/wp\/v2\/types\/post"}],"author":[{"embeddable":true,"href":"https:\/\/www.primerbrief.com\/index.php?rest_route=\/wp\/v2\/users\/3"}],"replies":[{"embeddable":true,"href":"https:\/\/www.primerbrief.com\/index.php?rest_route=%2Fwp%2Fv2%2Fcomments&post=3481"}],"version-history":[{"count":18,"href":"https:\/\/www.primerbrief.com\/index.php?rest_route=\/wp\/v2\/posts\/3481\/revisions"}],"predecessor-version":[{"id":6335,"href":"https:\/\/www.primerbrief.com\/index.php?rest_route=\/wp\/v2\/posts\/3481\/revisions\/6335"}],"wp:featuredmedia":[{"embeddable":true,"href":"https:\/\/www.primerbrief.com\/index.php?rest_route=\/wp\/v2\/media\/3632"}],"wp:attachment":[{"href":"https:\/\/www.primerbrief.com\/index.php?rest_route=%2Fwp%2Fv2%2Fmedia&parent=3481"}],"wp:term":[{"taxonomy":"category","embeddable":true,"href":"https:\/\/www.primerbrief.com\/index.php?rest_route=%2Fwp%2Fv2%2Fcategories&post=3481"},{"taxonomy":"post_tag","embeddable":true,"href":"https:\/\/www.primerbrief.com\/index.php?rest_route=%2Fwp%2Fv2%2Ftags&post=3481"}],"curies":[{"name":"wp","href":"https:\/\/api.w.org\/{rel}","templated":true}]}}