{"id":35004,"date":"2016-09-05T04:01:09","date_gmt":"2016-09-05T07:01:09","guid":{"rendered":"http:\/\/www.primerbrief.com\/?p=35004"},"modified":"2016-09-06T08:16:36","modified_gmt":"2016-09-06T11:16:36","slug":"cinco-anos-nueva-etapa-primer-brief-no-descansa-2","status":"publish","type":"post","link":"https:\/\/www.primerbrief.com\/?p=35004","title":{"rendered":"Cinco a\u00f1os, nueva etapa: Primer Brief no descansa"},"content":{"rendered":"<p><span style=\"font-size: 11pt;\"><strong> (IBEROAM\u00c9RICA) &#8211; Nacido el 5 de septiembre de 2011 como un proyecto period\u00edstico-docente personal y so\u00f1ador, este <em>punto de encuentro entre los estudiantes de hoy y la publicidad de ma\u00f1ana<\/em> siente que lleg\u00f3 a su momento de madurez: a mitad de este a\u00f1o reconvirti\u00f3 su conducci\u00f3n en una \u00abcooperactiva\u00bb con mucho de incansable y en poco tiempo, siguiendo el camino de Cannes, har\u00e1 evolucionar la publicidad en la indispensable <em>creatividad<\/em>. Gracias, lectores de siempre, y bienvenidos, lectores nuevos que nacen cada d\u00eda. <\/strong><\/span><\/p>\n<p><img loading=\"lazy\" decoding=\"async\" src=\"http:\/\/www.primerbrief.com\/wp-content\/uploads\/2016\/09\/PB5.gif\" alt=\"PB5\" width=\"580\" height=\"303\" class=\"alignleft size-full wp-image-34951\" \/><br \/>\n<em>El ascensor de PB lleg\u00f3 al quinto piso: \u00bfvos ya te subiste?<\/em><\/p>\n<p>&nbsp;<br \/>\n<img loading=\"lazy\" decoding=\"async\" src=\"http:\/\/www.primerbrief.com\/wp-content\/uploads\/2016\/07\/staff-pancho2016-100x100px.jpg\" width=\"60\" height=\"60\" class=\"alignleft size-full wp-image-4110\" style=\"margin: 0px 10px 0px 0px\" \/><strong>POR <a href=\"http:\/\/www.primerbrief.com\/?tag=mario-tobelem-argentina\" onclick=\"_gaq.push(['_trackEvent', 'outbound-article-int', 'http:\/\/www.primerbrief.com\/?tag=mario-tobelem-argentina', 'PANCHO DONDO']);\" target=\"_blank\">PANCHO DONDO<\/a><\/strong><br \/>\nDirector de PB<\/p>\n<p style=\"clear:left;\">\n<p>&nbsp;<br \/>\nLos planes no cesan. Lo que naci\u00f3 aquel 5 de septiembre de 2011, despu\u00e9s de haber empezado a formarse en mi cabeza algunos meses antes, con la intenci\u00f3n de convertirse en un puente con muchas partidas y llegadas, de puros contactos para los much\u00edsimos estudiantes de toda la regi\u00f3n que sent\u00edan que su sue\u00f1o de ser publicitarios era m\u00e1s complejo de lo que hab\u00eda parecido en un principio, sigue evolucionando, metamorfose\u00e1ndose y, por qu\u00e9 no, creciendo para mejor.<\/p>\n<p>Los agradecimientos, para estos cinco a\u00f1os de direcci\u00f3n unipersonal, ser\u00edan infinitos; pero no puedo dejar de mencionar, en primer lugar, a mi esposa Cecilia Pisano, baluarte de todos mis proyectos, los truncos y los concretados; y en segundo, sabiendo que varios se sentir\u00e1n dejados de lado, a pilares de distintos momentos como Ezequiel Banchero, Nadia <em>Nachu<\/em> Fusco, Aurora Montes, Lilo Orjuela, Andy Cherniavsky, Josefina Salgado y Leandro Vignati, que constituyeron la primera columna vertebral, la de la etapa 2011-2014, que de entonces hacia ac\u00e1 fue reemplazada por los tres que hoy completan conmigo ese grupo <em>todoterreno<\/em> que nos encanta llamar <em>cooperactiva<\/em>: Roberto Pollio, Denis Vivoda y Jos\u00e9 Escan\u00e9s.<\/p>\n<p>Ellos y yo, los cuatro, vamos asumiendo diferentes roles, seg\u00fan lo amerite la ocasi\u00f3n. Todos menos Denis ya hemos cubierto Cannes Lions con PRIMER BRIEF (\u00a1no nos olvidamos de vos, Den!). Todos escribimos, editamos, corregimos, tomamos fotos, armamos jotapeg\u00e9s y peneg\u00e9s, hacemos entrevistas, llevamos facturas de cobro, llamamos a proveedores, revisamos una y mil veces <em>la nota nuestra de cada d\u00eda<\/em> y nos divertimos much\u00edsimo cuando, en el intercambio cotidiano v\u00eda whatsapp o inbox, definimos con qu\u00e9 <em>clickbait<\/em> vamos a intentar seducir a nuestros lectores en el posteo de la nota del d\u00eda, algo que unas pocas veces ocurre durante la ma\u00f1ana, casi siempre se da por la tarde y, m\u00e1s seguido de lo que quisi\u00e9ramos, nuestra locura ajena a PB nos impide concretar.<\/p>\n<p>P\u00e1rrafo aparte merecen los innumerables columnistas que pasaron por este portal, representados hoy por nuestras firmas estrella Chechu P\u00e9rez, Mat\u00edas <em>Mackenzie<\/em> Quiroz y el mismo Rober Pollio.<\/p>\n<p>Las estad\u00edsticas, fr\u00edas pero elocuentes, nos dicen que, con las tres de hoy, PRIMER BRIEF tiene 1.739 notas publicadas que generaron, en el portal, 1.091 comentarios: cifras que, en <em>tiempos de redes sociales a mil<\/em> y p\u00e1ginas corporativas habitualmente olvidadas, no hacen m\u00e1s que llenarnos de orgullo. Pero no por los n\u00fameros en s\u00ed, sino porque casi todas las notas esconden historias personales de chicos y chicas de todo Iberoam\u00e9rica y sus primeros intentos, sus primeros pasos, sus primeros proyectos, sus primeros puestos de trabajo, sus PRIMEROS BRIEFS.<\/p>\n<p>Y as\u00ed como el lustro 2011-2016 defini\u00f3 a PRIMER BRIEF como <em>el punto de encuentro entre los estudiantes de hoy y la publicidad de ma\u00f1ana<\/em>, en alg\u00fan momento de lo que queda de este a\u00f1o este medio dar\u00e1 el paso siguiente, el mismo que hace algunas ediciones dio el Festival de Cannes, cuando dej\u00f3 de ser el Festival Internacional de la Publicidad para pasar a llamarse Festival Internacional de la Creatividad. Ser\u00e1 anunciado, y se notar\u00e1.<\/p>\n<p>Con respecto al aniversario de este 5 de septiembre, a este quinto piso al que nos enorgullece haber arribado, por el momento s\u00f3lo podemos informar que los festejos que tenemos previstos son unos cuantos e ir\u00e1n siendo develados a medida que vayan estando listos: \u00a1ni una cooperactiva de verdad llega a tener todo tan a tiempo como so\u00f1aba!<\/p>\n<p>Y para empezar, adem\u00e1s de habernos finalmente atrevido a animar nuestro isologo en se\u00f1al de festejo, hemos concretado una convocatoria a nuestros amigos ilustradores, para que el ascensor en el que estamos metidos desde 2011 quedara reflejado por ellos en nuestras portadas mensuales: desde ahora hasta el 5 de septiembre de 2017, doce ilustradores amigos se encargar\u00e1n de dibujar la portada de nuestras redes sociales, cada uno durante un mes completo; con quien estamos comenzando hoy es con Guido Barna, protagonista de otra de las notas del d\u00eda de hoy&#8230; y de la portada de <a href=\"http:\/\/www.facebook.com\/comunidadpb\" onclick=\"_gaq.push(['_trackEvent', 'outbound-article', 'http:\/\/www.facebook.com\/comunidadpb', 'Facebook']);\" target=\"_blank\">Facebook<\/a> y <a href=\"http:\/\/www.twitter.com\/primerbrief\" onclick=\"_gaq.push(['_trackEvent', 'outbound-article', 'http:\/\/www.twitter.com\/primerbrief', 'Twitter']);\" target=\"_blank\">Twitter<\/a>, claro.<\/p>\n<p>Gracias a todos, una vez m\u00e1s, lectores de siempre, y bienvenidos, lectores nuevos que nacen cada d\u00eda.<\/p>\n<p>&nbsp;<br \/>\n<a href=\"http:\/\/www.primerbrief.com\/wp-content\/uploads\/2016\/09\/cooperactivaenlaorquidea-GR.png\" onclick=\"_gaq.push(['_trackEvent', 'outbound-article-int', 'http:\/\/www.primerbrief.com\/wp-content\/uploads\/2016\/09\/cooperactivaenlaorquidea-GR.png', '']);\" target=\"_blank\"><img loading=\"lazy\" decoding=\"async\" src=\"http:\/\/www.primerbrief.com\/wp-content\/uploads\/2016\/09\/cooperactivaenlaorquidea-580px.png\" alt=\"cooperactivaenlaorquidea-580px\" width=\"580\" height=\"286\" class=\"alignleft size-full wp-image-34953\" srcset=\"https:\/\/www.primerbrief.com\/wp-content\/uploads\/2016\/09\/cooperactivaenlaorquidea-580px.png 580w, https:\/\/www.primerbrief.com\/wp-content\/uploads\/2016\/09\/cooperactivaenlaorquidea-580px-300x148.png 300w\" sizes=\"auto, (max-width: 580px) 100vw, 580px\" \/><\/a><br \/>\n<em>Denis Vivoda, Jos\u00e9 Escan\u00e9s, Pancho Dondo y Roberto Pollio son, desde el 1\u00b0 de junio, los responsables de PRIMER BRIEF: la \u201ccooperactiva\u201d. (Foto: Cecilia Pisano, que se adivina en el espejo, entre las mesas del bar almagrense La Orqu\u00eddea)<\/em><br \/>\n&nbsp;<br \/>\n&nbsp;<\/p>\n","protected":false},"excerpt":{"rendered":"<p>(IBEROAM\u00c9RICA) &#8211; Nacido el 5 de septiembre de 2011 como un proyecto period\u00edstico-docente personal y so\u00f1ador, este punto de encuentro entre los estudiantes de hoy y la publicidad de ma\u00f1ana siente que lleg\u00f3 a su momento de madurez: a mitad de este a\u00f1o reconvirti\u00f3 su conducci\u00f3n en una \u00abcooperactiva\u00bb con mucho de incansable y en poco tiempo, siguiendo el camino [&hellip;]<\/p>\n","protected":false},"author":3,"featured_media":34952,"comment_status":"open","ping_status":"open","sticky":false,"template":"","format":"standard","meta":{"footnotes":""},"categories":[4781],"tags":[1317,113,2869,3445,508,104,852,1706,2231,3164,4554,62,216,748],"class_list":["post-35004","post","type-post","status-publish","format-standard","has-post-thumbnail","hentry","category-pb5anos","tag-andy-cherniavsky-argentina","tag-aurora-montes-espana","tag-chechu-perez-argentina","tag-denis-vivoda-argentina","tag-ezequiel-banchero-argentina","tag-iberoamerica","tag-jose-escanes-argentina","tag-josefina-salgado-argentina","tag-leandro-vignati-argentina","tag-lilo-orjuela-colombia","tag-matias-mackenzie-quiroz-argentina","tag-nadia-fusco-argentina","tag-pancho-dondo-argentina","tag-roberto-pollio-argentina"],"_links":{"self":[{"href":"https:\/\/www.primerbrief.com\/index.php?rest_route=\/wp\/v2\/posts\/35004","targetHints":{"allow":["GET"]}}],"collection":[{"href":"https:\/\/www.primerbrief.com\/index.php?rest_route=\/wp\/v2\/posts"}],"about":[{"href":"https:\/\/www.primerbrief.com\/index.php?rest_route=\/wp\/v2\/types\/post"}],"author":[{"embeddable":true,"href":"https:\/\/www.primerbrief.com\/index.php?rest_route=\/wp\/v2\/users\/3"}],"replies":[{"embeddable":true,"href":"https:\/\/www.primerbrief.com\/index.php?rest_route=%2Fwp%2Fv2%2Fcomments&post=35004"}],"version-history":[{"count":4,"href":"https:\/\/www.primerbrief.com\/index.php?rest_route=\/wp\/v2\/posts\/35004\/revisions"}],"predecessor-version":[{"id":35009,"href":"https:\/\/www.primerbrief.com\/index.php?rest_route=\/wp\/v2\/posts\/35004\/revisions\/35009"}],"wp:featuredmedia":[{"embeddable":true,"href":"https:\/\/www.primerbrief.com\/index.php?rest_route=\/wp\/v2\/media\/34952"}],"wp:attachment":[{"href":"https:\/\/www.primerbrief.com\/index.php?rest_route=%2Fwp%2Fv2%2Fmedia&parent=35004"}],"wp:term":[{"taxonomy":"category","embeddable":true,"href":"https:\/\/www.primerbrief.com\/index.php?rest_route=%2Fwp%2Fv2%2Fcategories&post=35004"},{"taxonomy":"post_tag","embeddable":true,"href":"https:\/\/www.primerbrief.com\/index.php?rest_route=%2Fwp%2Fv2%2Ftags&post=35004"}],"curies":[{"name":"wp","href":"https:\/\/api.w.org\/{rel}","templated":true}]}}